{"id":4410,"date":"2026-01-04T17:24:11","date_gmt":"2026-01-04T16:24:11","guid":{"rendered":"https:\/\/ensemble-paroissial-reynies.fr\/?p=4410"},"modified":"2026-02-12T17:40:42","modified_gmt":"2026-02-12T16:40:42","slug":"les-creches-de-nos-eglises-decembre-2025","status":"publish","type":"post","link":"https:\/\/ensemble-paroissial-reynies.fr\/?p=4410","title":{"rendered":"Les cr\u00e8ches de nos \u00e9glises &#8211; D\u00e9cembre 2025"},"content":{"rendered":"\n<p>Comme chaque ann\u00e9e, d\u00e8s le d\u00e9but de l\u2019Avent, dans chacune de nos \u00e9glises des b\u00e9n\u00e9voles installent une cr\u00e8che.<br>Elles sont le plus souvent simple mais elles marquent l&rsquo;attachement profond des paroissiens aux traditions et l&rsquo;importance pour eux de marquer l&rsquo;attente de la venue du Christ sur terre.<br>En effet le berceau o\u00f9 repose le santon repr\u00e9sentant le Seigneur j\u00e9sus b\u00e9b\u00e9 reste vide jusqu\u2019au 24 d\u00e9cembre pour rappeler \u00e0 tous, fid\u00e8les mais aussi visiteurs, que le Christ arrive, que nous sommes dans le temps de l&rsquo;attente et bien s\u00fbr que nous sommes tous dans la joie de ce future \u00e9v\u00e8nement. Dans la nuit du 24 d\u00e9cembre ou le 25 au matin, pendant la Messe si il y en a une dans l&rsquo;\u00e9glise, le santon repr\u00e9sentant le Seigneur J\u00e9sus a \u00e9t\u00e9 d\u00e9pos\u00e9 avec soin entre ses parents, on peut maintenant venir prier devant la Sainte Famille<\/p>\n\n\n<div class=\"pgc-sgb-cb wp-block-pgcsimplygalleryblock-justified \" data-gallery-id=\"9b964704\"><div class=\"sgb-preloader\" id=\"pr_9b964704\">\n\t<div class=\"sgb-square\" style=\"background:#d4d4d4\"><\/div>\n\t<div class=\"sgb-square\" style=\"background:#d4d4d4\"><\/div>\n\t<div class=\"sgb-square\" style=\"background:#d4d4d4\"><\/div>\n\t<div class=\"sgb-square\" style=\"background:#d4d4d4\"><\/div><\/div><div class=\"simply-gallery-amp pgc_sgb_slider \"><noscript><div class=\"sgb-gallery\"><div class=\"sgb-item\"><a href=\"https:\/\/ensemble-paroissial-reynies.fr\/?attachment_id=4530\" target=\"_blank\"><img decoding=\"async\" alt=\"\" width=\"300\" height=\"176\" loading=\"lazy\" src=\"https:\/\/ensemble-paroissial-reynies.fr\/wp-content\/uploads\/Cr\u00e8ches\/Cr\u00e8ches_2025\/Orgueil9a-300x176.jpg\" srcset=\"https:\/\/ensemble-paroissial-reynies.fr\/wp-content\/uploads\/Cr\u00e8ches\/Cr\u00e8ches_2025\/Orgueil9a-300x176.jpg 300w,https:\/\/ensemble-paroissial-reynies.fr\/wp-content\/uploads\/Cr\u00e8ches\/Cr\u00e8ches_2025\/Orgueil9a-1024x600.jpg 1024w,https:\/\/ensemble-paroissial-reynies.fr\/wp-content\/uploads\/Cr\u00e8ches\/Cr\u00e8ches_2025\/Orgueil9a-scaled.jpg 2560w\" sizes=\"auto, 250px\"\/><\/a><div class=\"sgb-item-caption\"><em>Cr\u00e8che \u00e9glise d&rsquo;Orgueil 04\/01\/2026<\/em><\/div><\/div><div class=\"sgb-item\"><a href=\"https:\/\/ensemble-paroissial-reynies.fr\/?attachment_id=4529\" target=\"_blank\"><img decoding=\"async\" alt=\"\" width=\"300\" height=\"160\" loading=\"lazy\" src=\"https:\/\/ensemble-paroissial-reynies.fr\/wp-content\/uploads\/Cr\u00e8ches\/Cr\u00e8ches_2025\/Orgueil9b-300x160.jpg\" srcset=\"https:\/\/ensemble-paroissial-reynies.fr\/wp-content\/uploads\/Cr\u00e8ches\/Cr\u00e8ches_2025\/Orgueil9b-300x160.jpg 300w,https:\/\/ensemble-paroissial-reynies.fr\/wp-content\/uploads\/Cr\u00e8ches\/Cr\u00e8ches_2025\/Orgueil9b-1024x545.jpg 1024w,https:\/\/ensemble-paroissial-reynies.fr\/wp-content\/uploads\/Cr\u00e8ches\/Cr\u00e8ches_2025\/Orgueil9b-scaled.jpg 2560w\" sizes=\"auto, 250px\"\/><\/a><div class=\"sgb-item-caption\"><em>Cr\u00e8che \u00e9glise d&rsquo;Orgueil 04\/01\/2026<\/em><\/div><\/div><div class=\"sgb-item\"><a href=\"https:\/\/ensemble-paroissial-reynies.fr\/?attachment_id=4402\" target=\"_blank\"><img decoding=\"async\" alt=\"\" width=\"300\" height=\"274\" loading=\"lazy\" src=\"https:\/\/ensemble-paroissial-reynies.fr\/wp-content\/uploads\/Cr\u00e8ches\/Cr\u00e8ches_2025\/Orgueil1-300x274.jpg\" srcset=\"https:\/\/ensemble-paroissial-reynies.fr\/wp-content\/uploads\/Cr\u00e8ches\/Cr\u00e8ches_2025\/Orgueil1-300x274.jpg 300w,https:\/\/ensemble-paroissial-reynies.fr\/wp-content\/uploads\/Cr\u00e8ches\/Cr\u00e8ches_2025\/Orgueil1-1024x935.jpg 1024w,https:\/\/ensemble-paroissial-reynies.fr\/wp-content\/uploads\/Cr\u00e8ches\/Cr\u00e8ches_2025\/Orgueil1.jpg 2288w\" sizes=\"auto, 250px\"\/><\/a><div class=\"sgb-item-caption\"><em>Cr\u00e8che \u00e9glise d&rsquo;Orgueil 12\/2025<\/em><\/div><\/div><div class=\"sgb-item\"><a href=\"https:\/\/ensemble-paroissial-reynies.fr\/?attachment_id=4484\" target=\"_blank\"><img decoding=\"async\" alt=\"\" width=\"300\" height=\"218\" loading=\"lazy\" src=\"https:\/\/ensemble-paroissial-reynies.fr\/wp-content\/uploads\/Cr\u00e8ches\/Cr\u00e8ches_2025\/Orgueil6-300x218.jpg\" srcset=\"https:\/\/ensemble-paroissial-reynies.fr\/wp-content\/uploads\/Cr\u00e8ches\/Cr\u00e8ches_2025\/Orgueil6-300x218.jpg 300w,https:\/\/ensemble-paroissial-reynies.fr\/wp-content\/uploads\/Cr\u00e8ches\/Cr\u00e8ches_2025\/Orgueil6-1024x745.jpg 1024w,https:\/\/ensemble-paroissial-reynies.fr\/wp-content\/uploads\/Cr\u00e8ches\/Cr\u00e8ches_2025\/Orgueil6-scaled.jpg 2560w\" sizes=\"auto, 250px\"\/><\/a><div class=\"sgb-item-caption\"><em>Cr\u00e8che \u00e9glise d&rsquo;Orgueil 12\/2025<\/em><\/div><\/div><div class=\"sgb-item\"><a href=\"https:\/\/ensemble-paroissial-reynies.fr\/?attachment_id=4486\" target=\"_blank\"><img decoding=\"async\" alt=\"\" width=\"300\" height=\"135\" loading=\"lazy\" src=\"https:\/\/ensemble-paroissial-reynies.fr\/wp-content\/uploads\/Cr\u00e8ches\/Cr\u00e8ches_2025\/Orgueil7-300x135.jpg\" srcset=\"https:\/\/ensemble-paroissial-reynies.fr\/wp-content\/uploads\/Cr\u00e8ches\/Cr\u00e8ches_2025\/Orgueil7-300x135.jpg 300w,https:\/\/ensemble-paroissial-reynies.fr\/wp-content\/uploads\/Cr\u00e8ches\/Cr\u00e8ches_2025\/Orgueil7-1024x462.jpg 1024w,https:\/\/ensemble-paroissial-reynies.fr\/wp-content\/uploads\/Cr\u00e8ches\/Cr\u00e8ches_2025\/Orgueil7-scaled.jpg 2560w\" sizes=\"auto, 250px\"\/><\/a><div class=\"sgb-item-caption\"><em>Cr\u00e8che \u00e9glise d&rsquo;Orgueil 12\/2025<\/em><\/div><\/div><div class=\"sgb-item\"><a href=\"https:\/\/ensemble-paroissial-reynies.fr\/?attachment_id=4485\" target=\"_blank\"><img decoding=\"async\" alt=\"\" width=\"300\" height=\"135\" loading=\"lazy\" src=\"https:\/\/ensemble-paroissial-reynies.fr\/wp-content\/uploads\/Cr\u00e8ches\/Cr\u00e8ches_2025\/Orgueil8-300x135.jpg\" srcset=\"https:\/\/ensemble-paroissial-reynies.fr\/wp-content\/uploads\/Cr\u00e8ches\/Cr\u00e8ches_2025\/Orgueil8-300x135.jpg 300w,https:\/\/ensemble-paroissial-reynies.fr\/wp-content\/uploads\/Cr\u00e8ches\/Cr\u00e8ches_2025\/Orgueil8-1024x461.jpg 1024w,https:\/\/ensemble-paroissial-reynies.fr\/wp-content\/uploads\/Cr\u00e8ches\/Cr\u00e8ches_2025\/Orgueil8-scaled.jpg 2560w\" sizes=\"auto, 250px\"\/><\/a><div class=\"sgb-item-caption\"><em>Cr\u00e8che \u00e9glise d&rsquo;Orgueil 12\/2025<\/em><\/div><\/div><div class=\"sgb-item\"><a href=\"https:\/\/ensemble-paroissial-reynies.fr\/?attachment_id=4487\" target=\"_blank\"><img decoding=\"async\" alt=\"\" width=\"300\" height=\"135\" loading=\"lazy\" src=\"https:\/\/ensemble-paroissial-reynies.fr\/wp-content\/uploads\/Cr\u00e8ches\/Cr\u00e8ches_2025\/Orgueil9-300x135.jpg\" srcset=\"https:\/\/ensemble-paroissial-reynies.fr\/wp-content\/uploads\/Cr\u00e8ches\/Cr\u00e8ches_2025\/Orgueil9-300x135.jpg 300w,https:\/\/ensemble-paroissial-reynies.fr\/wp-content\/uploads\/Cr\u00e8ches\/Cr\u00e8ches_2025\/Orgueil9-1024x462.jpg 1024w,https:\/\/ensemble-paroissial-reynies.fr\/wp-content\/uploads\/Cr\u00e8ches\/Cr\u00e8ches_2025\/Orgueil9-scaled.jpg 2560w\" sizes=\"auto, 250px\"\/><\/a><div class=\"sgb-item-caption\"><em>Cr\u00e8che \u00e9glise d&rsquo;Orgueil 12\/2025<\/em><\/div><\/div><div class=\"sgb-item\"><a href=\"https:\/\/ensemble-paroissial-reynies.fr\/?attachment_id=4521\" target=\"_blank\"><img decoding=\"async\" alt=\"\" width=\"300\" height=\"225\" loading=\"lazy\" src=\"https:\/\/ensemble-paroissial-reynies.fr\/wp-content\/uploads\/Cr\u00e8ches\/Cr\u00e8ches_2025\/Bressols1-300x225.jpg\" srcset=\"https:\/\/ensemble-paroissial-reynies.fr\/wp-content\/uploads\/Cr\u00e8ches\/Cr\u00e8ches_2025\/Bressols1-300x225.jpg 300w,https:\/\/ensemble-paroissial-reynies.fr\/wp-content\/uploads\/Cr\u00e8ches\/Cr\u00e8ches_2025\/Bressols1-1024x769.jpg 1024w,https:\/\/ensemble-paroissial-reynies.fr\/wp-content\/uploads\/Cr\u00e8ches\/Cr\u00e8ches_2025\/Bressols1-scaled.jpg 2560w\" sizes=\"auto, 250px\"\/><\/a><div class=\"sgb-item-caption\"><em>Cr\u00e8che \u00e9glise de Bressols 12\/2025<\/em><\/div><\/div><div class=\"sgb-item\"><a href=\"https:\/\/ensemble-paroissial-reynies.fr\/?attachment_id=4518\" target=\"_blank\"><img decoding=\"async\" alt=\"\" width=\"300\" height=\"225\" loading=\"lazy\" src=\"https:\/\/ensemble-paroissial-reynies.fr\/wp-content\/uploads\/Cr\u00e8ches\/Cr\u00e8ches_2025\/Bressols2-300x225.jpg\" srcset=\"https:\/\/ensemble-paroissial-reynies.fr\/wp-content\/uploads\/Cr\u00e8ches\/Cr\u00e8ches_2025\/Bressols2-300x225.jpg 300w,https:\/\/ensemble-paroissial-reynies.fr\/wp-content\/uploads\/Cr\u00e8ches\/Cr\u00e8ches_2025\/Bressols2-1024x769.jpg 1024w,https:\/\/ensemble-paroissial-reynies.fr\/wp-content\/uploads\/Cr\u00e8ches\/Cr\u00e8ches_2025\/Bressols2-scaled.jpg 2560w\" sizes=\"auto, 250px\"\/><\/a><div class=\"sgb-item-caption\"><em>Cr\u00e8che \u00e9glise de Bressols 12\/2025<\/em><\/div><\/div><div class=\"sgb-item\"><a href=\"https:\/\/ensemble-paroissial-reynies.fr\/?attachment_id=4519\" target=\"_blank\"><img decoding=\"async\" alt=\"\" width=\"300\" height=\"225\" loading=\"lazy\" src=\"https:\/\/ensemble-paroissial-reynies.fr\/wp-content\/uploads\/Cr\u00e8ches\/Cr\u00e8ches_2025\/Bressols3-300x225.jpg\" srcset=\"https:\/\/ensemble-paroissial-reynies.fr\/wp-content\/uploads\/Cr\u00e8ches\/Cr\u00e8ches_2025\/Bressols3-300x225.jpg 300w,https:\/\/ensemble-paroissial-reynies.fr\/wp-content\/uploads\/Cr\u00e8ches\/Cr\u00e8ches_2025\/Bressols3-1024x769.jpg 1024w,https:\/\/ensemble-paroissial-reynies.fr\/wp-content\/uploads\/Cr\u00e8ches\/Cr\u00e8ches_2025\/Bressols3-scaled.jpg 2560w\" sizes=\"auto, 250px\"\/><\/a><div class=\"sgb-item-caption\"><em>Cr\u00e8che \u00e9glise de Bressols 12\/2025<\/em><\/div><\/div><div class=\"sgb-item\"><a href=\"https:\/\/ensemble-paroissial-reynies.fr\/?attachment_id=4523\" target=\"_blank\"><img decoding=\"async\" alt=\"\" width=\"300\" height=\"225\" loading=\"lazy\" src=\"https:\/\/ensemble-paroissial-reynies.fr\/wp-content\/uploads\/Cr\u00e8ches\/Cr\u00e8ches_2025\/Bressols4-300x225.jpg\" srcset=\"https:\/\/ensemble-paroissial-reynies.fr\/wp-content\/uploads\/Cr\u00e8ches\/Cr\u00e8ches_2025\/Bressols4-300x225.jpg 300w,https:\/\/ensemble-paroissial-reynies.fr\/wp-content\/uploads\/Cr\u00e8ches\/Cr\u00e8ches_2025\/Bressols4-1024x769.jpg 1024w,https:\/\/ensemble-paroissial-reynies.fr\/wp-content\/uploads\/Cr\u00e8ches\/Cr\u00e8ches_2025\/Bressols4-scaled.jpg 2560w\" sizes=\"auto, 250px\"\/><\/a><div class=\"sgb-item-caption\"><em>Cr\u00e8che \u00e9glise de Bressols 12\/2025<\/em><\/div><\/div><div class=\"sgb-item\"><a href=\"https:\/\/ensemble-paroissial-reynies.fr\/?attachment_id=4522\" target=\"_blank\"><img decoding=\"async\" alt=\"\" width=\"300\" height=\"225\" loading=\"lazy\" src=\"https:\/\/ensemble-paroissial-reynies.fr\/wp-content\/uploads\/Cr\u00e8ches\/Cr\u00e8ches_2025\/Bressols5-300x225.jpg\" srcset=\"https:\/\/ensemble-paroissial-reynies.fr\/wp-content\/uploads\/Cr\u00e8ches\/Cr\u00e8ches_2025\/Bressols5-300x225.jpg 300w,https:\/\/ensemble-paroissial-reynies.fr\/wp-content\/uploads\/Cr\u00e8ches\/Cr\u00e8ches_2025\/Bressols5-1024x769.jpg 1024w,https:\/\/ensemble-paroissial-reynies.fr\/wp-content\/uploads\/Cr\u00e8ches\/Cr\u00e8ches_2025\/Bressols5-scaled.jpg 2560w\" sizes=\"auto, 250px\"\/><\/a><div class=\"sgb-item-caption\"><em>Cr\u00e8che \u00e9glise de Bressols 12\/2025<\/em><\/div><\/div><div class=\"sgb-item\"><a href=\"https:\/\/ensemble-paroissial-reynies.fr\/?attachment_id=4520\" target=\"_blank\"><img decoding=\"async\" alt=\"\" width=\"300\" height=\"225\" loading=\"lazy\" src=\"https:\/\/ensemble-paroissial-reynies.fr\/wp-content\/uploads\/Cr\u00e8ches\/Cr\u00e8ches_2025\/Bressols6-300x225.jpg\" srcset=\"https:\/\/ensemble-paroissial-reynies.fr\/wp-content\/uploads\/Cr\u00e8ches\/Cr\u00e8ches_2025\/Bressols6-300x225.jpg 300w,https:\/\/ensemble-paroissial-reynies.fr\/wp-content\/uploads\/Cr\u00e8ches\/Cr\u00e8ches_2025\/Bressols6-1024x769.jpg 1024w,https:\/\/ensemble-paroissial-reynies.fr\/wp-content\/uploads\/Cr\u00e8ches\/Cr\u00e8ches_2025\/Bressols6-scaled.jpg 2560w\" sizes=\"auto, 250px\"\/><\/a><div class=\"sgb-item-caption\"><em>Cr\u00e8che \u00e9glise de Bressols 12\/2025<\/em><\/div><\/div><div class=\"sgb-item\"><a href=\"https:\/\/ensemble-paroissial-reynies.fr\/?attachment_id=4418\" target=\"_blank\"><img decoding=\"async\" alt=\"\" width=\"225\" height=\"300\" loading=\"lazy\" src=\"https:\/\/ensemble-paroissial-reynies.fr\/wp-content\/uploads\/Cr\u00e8ches\/Cr\u00e8ches_2025\/brial1s-225x300.jpg\" srcset=\"https:\/\/ensemble-paroissial-reynies.fr\/wp-content\/uploads\/Cr\u00e8ches\/Cr\u00e8ches_2025\/brial1s-225x300.jpg 225w,https:\/\/ensemble-paroissial-reynies.fr\/wp-content\/uploads\/Cr\u00e8ches\/Cr\u00e8ches_2025\/brial1s-768x1024.jpg 768w,https:\/\/ensemble-paroissial-reynies.fr\/wp-content\/uploads\/Cr\u00e8ches\/Cr\u00e8ches_2025\/brial1s-scaled.jpg 1920w\" sizes=\"auto, 250px\"\/><\/a><div class=\"sgb-item-caption\"><em>Cr\u00e8che \u00e9glise de Brial 12\/2025<\/em><\/div><\/div><div class=\"sgb-item\"><a href=\"https:\/\/ensemble-paroissial-reynies.fr\/?attachment_id=4419\" target=\"_blank\"><img decoding=\"async\" alt=\"\" width=\"225\" height=\"300\" loading=\"lazy\" src=\"https:\/\/ensemble-paroissial-reynies.fr\/wp-content\/uploads\/Cr\u00e8ches\/Cr\u00e8ches_2025\/brial2s-225x300.jpg\" srcset=\"https:\/\/ensemble-paroissial-reynies.fr\/wp-content\/uploads\/Cr\u00e8ches\/Cr\u00e8ches_2025\/brial2s-225x300.jpg 225w,https:\/\/ensemble-paroissial-reynies.fr\/wp-content\/uploads\/Cr\u00e8ches\/Cr\u00e8ches_2025\/brial2s-768x1024.jpg 768w,https:\/\/ensemble-paroissial-reynies.fr\/wp-content\/uploads\/Cr\u00e8ches\/Cr\u00e8ches_2025\/brial2s-scaled.jpg 1920w\" sizes=\"auto, 250px\"\/><\/a><div class=\"sgb-item-caption\"><em>Cr\u00e8che \u00e9glise de Brial 12\/2025<\/em><\/div><\/div><div class=\"sgb-item\"><a href=\"https:\/\/ensemble-paroissial-reynies.fr\/?attachment_id=4420\" target=\"_blank\"><img decoding=\"async\" alt=\"\" width=\"225\" height=\"300\" loading=\"lazy\" src=\"https:\/\/ensemble-paroissial-reynies.fr\/wp-content\/uploads\/Cr\u00e8ches\/Cr\u00e8ches_2025\/brial3s-225x300.jpg\" srcset=\"https:\/\/ensemble-paroissial-reynies.fr\/wp-content\/uploads\/Cr\u00e8ches\/Cr\u00e8ches_2025\/brial3s-225x300.jpg 225w,https:\/\/ensemble-paroissial-reynies.fr\/wp-content\/uploads\/Cr\u00e8ches\/Cr\u00e8ches_2025\/brial3s-768x1024.jpg 768w,https:\/\/ensemble-paroissial-reynies.fr\/wp-content\/uploads\/Cr\u00e8ches\/Cr\u00e8ches_2025\/brial3s-scaled.jpg 1920w\" sizes=\"auto, 250px\"\/><\/a><div class=\"sgb-item-caption\"><em>Cr\u00e8che \u00e9glise de Brial 12\/2025<\/em><\/div><\/div><div class=\"sgb-item\"><a href=\"https:\/\/ensemble-paroissial-reynies.fr\/?attachment_id=4517\" target=\"_blank\"><img decoding=\"async\" alt=\"\" width=\"300\" height=\"225\" loading=\"lazy\" src=\"https:\/\/ensemble-paroissial-reynies.fr\/wp-content\/uploads\/Cr\u00e8ches\/Cr\u00e8ches_2025\/Corbarieu4-300x225.jpg\" srcset=\"https:\/\/ensemble-paroissial-reynies.fr\/wp-content\/uploads\/Cr\u00e8ches\/Cr\u00e8ches_2025\/Corbarieu4-300x225.jpg 300w,https:\/\/ensemble-paroissial-reynies.fr\/wp-content\/uploads\/Cr\u00e8ches\/Cr\u00e8ches_2025\/Corbarieu4-1024x769.jpg 1024w,https:\/\/ensemble-paroissial-reynies.fr\/wp-content\/uploads\/Cr\u00e8ches\/Cr\u00e8ches_2025\/Corbarieu4-scaled.jpg 2560w\" sizes=\"auto, 250px\"\/><\/a><div class=\"sgb-item-caption\"><em>Cr\u00e8che \u00e9glise de Corbarieu 12\/2025<\/em><\/div><\/div><div class=\"sgb-item\"><a href=\"https:\/\/ensemble-paroissial-reynies.fr\/?attachment_id=4514\" target=\"_blank\"><img decoding=\"async\" alt=\"\" width=\"300\" height=\"237\" loading=\"lazy\" src=\"https:\/\/ensemble-paroissial-reynies.fr\/wp-content\/uploads\/Cr\u00e8ches\/Cr\u00e8ches_2025\/corbarieu1-300x237.jpg\" srcset=\"https:\/\/ensemble-paroissial-reynies.fr\/wp-content\/uploads\/Cr\u00e8ches\/Cr\u00e8ches_2025\/corbarieu1-300x237.jpg 300w,https:\/\/ensemble-paroissial-reynies.fr\/wp-content\/uploads\/Cr\u00e8ches\/Cr\u00e8ches_2025\/corbarieu1-1024x809.jpg 1024w,https:\/\/ensemble-paroissial-reynies.fr\/wp-content\/uploads\/Cr\u00e8ches\/Cr\u00e8ches_2025\/corbarieu1-scaled.jpg 2560w\" sizes=\"auto, 250px\"\/><\/a><div class=\"sgb-item-caption\"><em>Cr\u00e8che \u00e9glise de Corbarieu 12\/2025<\/em><\/div><\/div><div class=\"sgb-item\"><a href=\"https:\/\/ensemble-paroissial-reynies.fr\/?attachment_id=4516\" target=\"_blank\"><img decoding=\"async\" alt=\"\" width=\"300\" height=\"192\" loading=\"lazy\" src=\"https:\/\/ensemble-paroissial-reynies.fr\/wp-content\/uploads\/Cr\u00e8ches\/Cr\u00e8ches_2025\/corbarieu2-300x192.jpg\" srcset=\"https:\/\/ensemble-paroissial-reynies.fr\/wp-content\/uploads\/Cr\u00e8ches\/Cr\u00e8ches_2025\/corbarieu2-300x192.jpg 300w,https:\/\/ensemble-paroissial-reynies.fr\/wp-content\/uploads\/Cr\u00e8ches\/Cr\u00e8ches_2025\/corbarieu2-1024x656.jpg 1024w,https:\/\/ensemble-paroissial-reynies.fr\/wp-content\/uploads\/Cr\u00e8ches\/Cr\u00e8ches_2025\/corbarieu2-scaled.jpg 2560w\" sizes=\"auto, 250px\"\/><\/a><div class=\"sgb-item-caption\"><em>Cr\u00e8che \u00e9glise de Corbarieu 12\/2025<\/em><\/div><\/div><div class=\"sgb-item\"><a href=\"https:\/\/ensemble-paroissial-reynies.fr\/?attachment_id=4515\" target=\"_blank\"><img decoding=\"async\" alt=\"\" width=\"300\" height=\"211\" loading=\"lazy\" src=\"https:\/\/ensemble-paroissial-reynies.fr\/wp-content\/uploads\/Cr\u00e8ches\/Cr\u00e8ches_2025\/corbarieu3-300x211.jpg\" srcset=\"https:\/\/ensemble-paroissial-reynies.fr\/wp-content\/uploads\/Cr\u00e8ches\/Cr\u00e8ches_2025\/corbarieu3-300x211.jpg 300w,https:\/\/ensemble-paroissial-reynies.fr\/wp-content\/uploads\/Cr\u00e8ches\/Cr\u00e8ches_2025\/corbarieu3-1024x719.jpg 1024w,https:\/\/ensemble-paroissial-reynies.fr\/wp-content\/uploads\/Cr\u00e8ches\/Cr\u00e8ches_2025\/corbarieu3-scaled.jpg 2560w\" sizes=\"auto, 250px\"\/><\/a><div class=\"sgb-item-caption\"><em>Cr\u00e8che \u00e9glise de Corbarieu 12\/2025<\/em><\/div><\/div><div class=\"sgb-item\"><a href=\"https:\/\/ensemble-paroissial-reynies.fr\/?attachment_id=4408\" target=\"_blank\"><img decoding=\"async\" alt=\"\" width=\"262\" height=\"300\" loading=\"lazy\" src=\"https:\/\/ensemble-paroissial-reynies.fr\/wp-content\/uploads\/Cr\u00e8ches\/Cr\u00e8ches_2025\/lbp1m-262x300.jpg\" srcset=\"https:\/\/ensemble-paroissial-reynies.fr\/wp-content\/uploads\/Cr\u00e8ches\/Cr\u00e8ches_2025\/lbp1m-262x300.jpg 262w,https:\/\/ensemble-paroissial-reynies.fr\/wp-content\/uploads\/Cr\u00e8ches\/Cr\u00e8ches_2025\/lbp1m-894x1024.jpg 894w,https:\/\/ensemble-paroissial-reynies.fr\/wp-content\/uploads\/Cr\u00e8ches\/Cr\u00e8ches_2025\/lbp1m.jpg 1320w\" sizes=\"auto, 250px\"\/><\/a><div class=\"sgb-item-caption\"><em>Cr\u00e8che \u00e9glise de Labastide-Saint-Pierre 12\/2025<\/em><\/div><\/div><div class=\"sgb-item\"><a href=\"https:\/\/ensemble-paroissial-reynies.fr\/?attachment_id=4409\" target=\"_blank\"><img decoding=\"async\" alt=\"\" width=\"300\" height=\"225\" loading=\"lazy\" src=\"https:\/\/ensemble-paroissial-reynies.fr\/wp-content\/uploads\/Cr\u00e8ches\/Cr\u00e8ches_2025\/lbp2-300x225.jpg\" srcset=\"https:\/\/ensemble-paroissial-reynies.fr\/wp-content\/uploads\/Cr\u00e8ches\/Cr\u00e8ches_2025\/lbp2-300x225.jpg 300w,https:\/\/ensemble-paroissial-reynies.fr\/wp-content\/uploads\/Cr\u00e8ches\/Cr\u00e8ches_2025\/lbp2-1024x768.jpg 1024w,https:\/\/ensemble-paroissial-reynies.fr\/wp-content\/uploads\/Cr\u00e8ches\/Cr\u00e8ches_2025\/lbp2.jpg 2016w\" sizes=\"auto, 250px\"\/><\/a><div class=\"sgb-item-caption\"><em>Cr\u00e8che \u00e9glise de Labastide-Saint-Pierre 12\/2025<\/em><\/div><\/div><div class=\"sgb-item\"><a href=\"https:\/\/ensemble-paroissial-reynies.fr\/?attachment_id=4407\" target=\"_blank\"><img decoding=\"async\" alt=\"\" width=\"300\" height=\"134\" loading=\"lazy\" src=\"https:\/\/ensemble-paroissial-reynies.fr\/wp-content\/uploads\/Cr\u00e8ches\/Cr\u00e8ches_2025\/lbp3-300x134.jpg\" srcset=\"https:\/\/ensemble-paroissial-reynies.fr\/wp-content\/uploads\/Cr\u00e8ches\/Cr\u00e8ches_2025\/lbp3-300x134.jpg 300w,https:\/\/ensemble-paroissial-reynies.fr\/wp-content\/uploads\/Cr\u00e8ches\/Cr\u00e8ches_2025\/lbp3-1024x458.jpg 1024w,https:\/\/ensemble-paroissial-reynies.fr\/wp-content\/uploads\/Cr\u00e8ches\/Cr\u00e8ches_2025\/lbp3.jpg 1600w\" sizes=\"auto, 250px\"\/><\/a><div class=\"sgb-item-caption\"><em>Cr\u00e8che \u00e9glise de Labastide-Saint-Pierre 12\/2025<\/em><\/div><\/div><div class=\"sgb-item\"><a href=\"https:\/\/ensemble-paroissial-reynies.fr\/?attachment_id=4503\" target=\"_blank\"><img decoding=\"async\" alt=\"\" width=\"300\" height=\"225\" loading=\"lazy\" src=\"https:\/\/ensemble-paroissial-reynies.fr\/wp-content\/uploads\/Cr\u00e8ches\/Cr\u00e8ches_2025\/reynies0-300x225.jpg\" srcset=\"https:\/\/ensemble-paroissial-reynies.fr\/wp-content\/uploads\/Cr\u00e8ches\/Cr\u00e8ches_2025\/reynies0-300x225.jpg 300w,https:\/\/ensemble-paroissial-reynies.fr\/wp-content\/uploads\/Cr\u00e8ches\/Cr\u00e8ches_2025\/reynies0-1024x769.jpg 1024w,https:\/\/ensemble-paroissial-reynies.fr\/wp-content\/uploads\/Cr\u00e8ches\/Cr\u00e8ches_2025\/reynies0-scaled.jpg 2560w\" sizes=\"auto, 250px\"\/><\/a><div class=\"sgb-item-caption\"><em>Cr\u00e8che \u00e9glise de Reyni\u00e8s 12\/2025<\/em><\/div><\/div><div class=\"sgb-item\"><a href=\"https:\/\/ensemble-paroissial-reynies.fr\/?attachment_id=4506\" target=\"_blank\"><img decoding=\"async\" alt=\"\" width=\"300\" height=\"225\" loading=\"lazy\" src=\"https:\/\/ensemble-paroissial-reynies.fr\/wp-content\/uploads\/Cr\u00e8ches\/Cr\u00e8ches_2025\/reynies1-300x225.jpg\" srcset=\"https:\/\/ensemble-paroissial-reynies.fr\/wp-content\/uploads\/Cr\u00e8ches\/Cr\u00e8ches_2025\/reynies1-300x225.jpg 300w,https:\/\/ensemble-paroissial-reynies.fr\/wp-content\/uploads\/Cr\u00e8ches\/Cr\u00e8ches_2025\/reynies1-1024x769.jpg 1024w,https:\/\/ensemble-paroissial-reynies.fr\/wp-content\/uploads\/Cr\u00e8ches\/Cr\u00e8ches_2025\/reynies1-scaled.jpg 2560w\" sizes=\"auto, 250px\"\/><\/a><div class=\"sgb-item-caption\"><em>Cr\u00e8che \u00e9glise de Reyni\u00e8s 12\/2025<\/em><\/div><\/div><div class=\"sgb-item\"><a href=\"https:\/\/ensemble-paroissial-reynies.fr\/?attachment_id=4508\" target=\"_blank\"><img decoding=\"async\" alt=\"\" width=\"300\" height=\"225\" loading=\"lazy\" src=\"https:\/\/ensemble-paroissial-reynies.fr\/wp-content\/uploads\/Cr\u00e8ches\/Cr\u00e8ches_2025\/reynies2-300x225.jpg\" srcset=\"https:\/\/ensemble-paroissial-reynies.fr\/wp-content\/uploads\/Cr\u00e8ches\/Cr\u00e8ches_2025\/reynies2-300x225.jpg 300w,https:\/\/ensemble-paroissial-reynies.fr\/wp-content\/uploads\/Cr\u00e8ches\/Cr\u00e8ches_2025\/reynies2-1024x769.jpg 1024w,https:\/\/ensemble-paroissial-reynies.fr\/wp-content\/uploads\/Cr\u00e8ches\/Cr\u00e8ches_2025\/reynies2-scaled.jpg 2560w\" sizes=\"auto, 250px\"\/><\/a><div class=\"sgb-item-caption\"><em>Cr\u00e8che \u00e9glise de Reyni\u00e8s 12\/2025<\/em><\/div><\/div><div class=\"sgb-item\"><a href=\"https:\/\/ensemble-paroissial-reynies.fr\/?attachment_id=4505\" target=\"_blank\"><img decoding=\"async\" alt=\"\" width=\"300\" height=\"225\" loading=\"lazy\" src=\"https:\/\/ensemble-paroissial-reynies.fr\/wp-content\/uploads\/Cr\u00e8ches\/Cr\u00e8ches_2025\/reynies3-300x225.jpg\" srcset=\"https:\/\/ensemble-paroissial-reynies.fr\/wp-content\/uploads\/Cr\u00e8ches\/Cr\u00e8ches_2025\/reynies3-300x225.jpg 300w,https:\/\/ensemble-paroissial-reynies.fr\/wp-content\/uploads\/Cr\u00e8ches\/Cr\u00e8ches_2025\/reynies3-1024x769.jpg 1024w,https:\/\/ensemble-paroissial-reynies.fr\/wp-content\/uploads\/Cr\u00e8ches\/Cr\u00e8ches_2025\/reynies3-scaled.jpg 2560w\" sizes=\"auto, 250px\"\/><\/a><div class=\"sgb-item-caption\"><em>Cr\u00e8che \u00e9glise de Reyni\u00e8s 12\/2025<\/em><\/div><\/div><div class=\"sgb-item\"><a href=\"https:\/\/ensemble-paroissial-reynies.fr\/?attachment_id=4507\" target=\"_blank\"><img decoding=\"async\" alt=\"\" width=\"300\" height=\"225\" loading=\"lazy\" src=\"https:\/\/ensemble-paroissial-reynies.fr\/wp-content\/uploads\/Cr\u00e8ches\/Cr\u00e8ches_2025\/reynies4-300x225.jpg\" srcset=\"https:\/\/ensemble-paroissial-reynies.fr\/wp-content\/uploads\/Cr\u00e8ches\/Cr\u00e8ches_2025\/reynies4-300x225.jpg 300w,https:\/\/ensemble-paroissial-reynies.fr\/wp-content\/uploads\/Cr\u00e8ches\/Cr\u00e8ches_2025\/reynies4-1024x769.jpg 1024w,https:\/\/ensemble-paroissial-reynies.fr\/wp-content\/uploads\/Cr\u00e8ches\/Cr\u00e8ches_2025\/reynies4-scaled.jpg 2560w\" sizes=\"auto, 250px\"\/><\/a><div class=\"sgb-item-caption\"><em>Cr\u00e8che \u00e9glise de Reyni\u00e8s 12\/2025<\/em><\/div><\/div><div class=\"sgb-item\"><a href=\"https:\/\/ensemble-paroissial-reynies.fr\/?attachment_id=4504\" target=\"_blank\"><img decoding=\"async\" alt=\"\" width=\"300\" height=\"225\" loading=\"lazy\" src=\"https:\/\/ensemble-paroissial-reynies.fr\/wp-content\/uploads\/Cr\u00e8ches\/Cr\u00e8ches_2025\/reynies5-300x225.jpg\" srcset=\"https:\/\/ensemble-paroissial-reynies.fr\/wp-content\/uploads\/Cr\u00e8ches\/Cr\u00e8ches_2025\/reynies5-300x225.jpg 300w,https:\/\/ensemble-paroissial-reynies.fr\/wp-content\/uploads\/Cr\u00e8ches\/Cr\u00e8ches_2025\/reynies5-1024x769.jpg 1024w,https:\/\/ensemble-paroissial-reynies.fr\/wp-content\/uploads\/Cr\u00e8ches\/Cr\u00e8ches_2025\/reynies5-scaled.jpg 2560w\" sizes=\"auto, 250px\"\/><\/a><div class=\"sgb-item-caption\"><em>Cr\u00e8che \u00e9glise de Reyni\u00e8s 12\/2025<\/em><\/div><\/div><div class=\"sgb-item\"><a href=\"https:\/\/ensemble-paroissial-reynies.fr\/?attachment_id=4438\" target=\"_blank\"><img decoding=\"async\" alt=\"\" width=\"225\" height=\"300\" loading=\"lazy\" src=\"https:\/\/ensemble-paroissial-reynies.fr\/wp-content\/uploads\/Cr\u00e8ches\/Cr\u00e8ches_2025\/20251212_093903-225x300.jpg\" srcset=\"https:\/\/ensemble-paroissial-reynies.fr\/wp-content\/uploads\/Cr\u00e8ches\/Cr\u00e8ches_2025\/20251212_093903-225x300.jpg 225w,https:\/\/ensemble-paroissial-reynies.fr\/wp-content\/uploads\/Cr\u00e8ches\/Cr\u00e8ches_2025\/20251212_093903-768x1024.jpg 768w,https:\/\/ensemble-paroissial-reynies.fr\/wp-content\/uploads\/Cr\u00e8ches\/Cr\u00e8ches_2025\/20251212_093903-scaled.jpg 1920w\" sizes=\"auto, 250px\"\/><\/a><div class=\"sgb-item-caption\"><em>Cr\u00e8che \u00e9glise de Varennes 12\/2025<\/em><\/div><\/div><\/div><\/noscript><\/div><script type=\"application\/json\" class=\"sgb-data\">{\"collectionThumbRecomendedHeight\":150,\"collectionThumbMiniScreenScale\":true,\"externalLinkFontSize\":10,\"captionHAlign\":\"bottom\",\"collectionthumbHoverTitleFontSize\":12,\"galleryType\":\"pgc_sgb_justified\",\"galleryId\":\"9b964704\",\"images\":[{\"id\":4530,\"title\":\"Orgueil9a\",\"url\":\"https:\/\/ensemble-paroissial-reynies.fr\/wp-content\/uploads\/Cr\u00e8ches\/Cr\u00e8ches_2025\/Orgueil9a-scaled.jpg\",\"link\":\"https:\/\/ensemble-paroissial-reynies.fr\/?attachment_id=4530\",\"alt\":\"\",\"description\":\"\",\"caption\":\"Cr\u00e8che \u00e9glise d'Orgueil 04\/01\/2026\",\"mime\":\"image\/jpeg\",\"type\":\"image\",\"width\":2560,\"height\":1501,\"sizes\":{\"thumbnail\":{\"height\":150,\"width\":150,\"url\":\"https:\/\/ensemble-paroissial-reynies.fr\/wp-content\/uploads\/Cr\u00e8ches\/Cr\u00e8ches_2025\/Orgueil9a-150x150.jpg\",\"orientation\":\"landscape\"},\"medium\":{\"height\":176,\"width\":300,\"url\":\"https:\/\/ensemble-paroissial-reynies.fr\/wp-content\/uploads\/Cr\u00e8ches\/Cr\u00e8ches_2025\/Orgueil9a-300x176.jpg\",\"orientation\":\"landscape\"},\"large\":{\"height\":600,\"width\":1024,\"url\":\"https:\/\/ensemble-paroissial-reynies.fr\/wp-content\/uploads\/Cr\u00e8ches\/Cr\u00e8ches_2025\/Orgueil9a-1024x600.jpg\",\"orientation\":\"landscape\"},\"full\":{\"url\":\"https:\/\/ensemble-paroissial-reynies.fr\/wp-content\/uploads\/Cr\u00e8ches\/Cr\u00e8ches_2025\/Orgueil9a-scaled.jpg\",\"height\":1501,\"width\":2560,\"orientation\":\"landscape\"}},\"imageMeta\":{\"aperture\":\"0\",\"credit\":\"\",\"camera\":\"\",\"caption\":\"\",\"created_timestamp\":\"0\",\"copyright\":\"\",\"focal_length\":\"0\",\"iso\":\"0\",\"shutter_speed\":\"0\",\"title\":\"\",\"orientation\":\"0\",\"keywords\":[]},\"meta\":false,\"postlink\":\"https:\/\/ensemble-paroissial-reynies.fr\/?attachment_id=4530\"},{\"id\":4529,\"title\":\"Orgueil9b\",\"url\":\"https:\/\/ensemble-paroissial-reynies.fr\/wp-content\/uploads\/Cr\u00e8ches\/Cr\u00e8ches_2025\/Orgueil9b-scaled.jpg\",\"link\":\"https:\/\/ensemble-paroissial-reynies.fr\/?attachment_id=4529\",\"alt\":\"\",\"description\":\"\",\"caption\":\"Cr\u00e8che \u00e9glise d'Orgueil 04\/01\/2026\",\"mime\":\"image\/jpeg\",\"type\":\"image\",\"width\":2560,\"height\":1362,\"sizes\":{\"thumbnail\":{\"height\":150,\"width\":150,\"url\":\"https:\/\/ensemble-paroissial-reynies.fr\/wp-content\/uploads\/Cr\u00e8ches\/Cr\u00e8ches_2025\/Orgueil9b-150x150.jpg\",\"orientation\":\"landscape\"},\"medium\":{\"height\":160,\"width\":300,\"url\":\"https:\/\/ensemble-paroissial-reynies.fr\/wp-content\/uploads\/Cr\u00e8ches\/Cr\u00e8ches_2025\/Orgueil9b-300x160.jpg\",\"orientation\":\"landscape\"},\"large\":{\"height\":545,\"width\":1024,\"url\":\"https:\/\/ensemble-paroissial-reynies.fr\/wp-content\/uploads\/Cr\u00e8ches\/Cr\u00e8ches_2025\/Orgueil9b-1024x545.jpg\",\"orientation\":\"landscape\"},\"full\":{\"url\":\"https:\/\/ensemble-paroissial-reynies.fr\/wp-content\/uploads\/Cr\u00e8ches\/Cr\u00e8ches_2025\/Orgueil9b-scaled.jpg\",\"height\":1362,\"width\":2560,\"orientation\":\"landscape\"}},\"imageMeta\":{\"aperture\":\"0\",\"credit\":\"\",\"camera\":\"\",\"caption\":\"\",\"created_timestamp\":\"0\",\"copyright\":\"\",\"focal_length\":\"0\",\"iso\":\"0\",\"shutter_speed\":\"0\",\"title\":\"\",\"orientation\":\"0\",\"keywords\":[]},\"meta\":false,\"postlink\":\"https:\/\/ensemble-paroissial-reynies.fr\/?attachment_id=4529\"},{\"id\":4402,\"title\":\"Orgueil1\",\"url\":\"https:\/\/ensemble-paroissial-reynies.fr\/wp-content\/uploads\/Cr\u00e8ches\/Cr\u00e8ches_2025\/Orgueil1.jpg\",\"link\":\"https:\/\/ensemble-paroissial-reynies.fr\/?attachment_id=4402\",\"alt\":\"\",\"description\":\"\",\"caption\":\"Cr\u00e8che \u00e9glise d'Orgueil 12\/2025\",\"mime\":\"image\/jpeg\",\"type\":\"image\",\"width\":2288,\"height\":2090,\"sizes\":{\"thumbnail\":{\"height\":150,\"width\":150,\"url\":\"https:\/\/ensemble-paroissial-reynies.fr\/wp-content\/uploads\/Cr\u00e8ches\/Cr\u00e8ches_2025\/Orgueil1-150x150.jpg\",\"orientation\":\"landscape\"},\"medium\":{\"height\":274,\"width\":300,\"url\":\"https:\/\/ensemble-paroissial-reynies.fr\/wp-content\/uploads\/Cr\u00e8ches\/Cr\u00e8ches_2025\/Orgueil1-300x274.jpg\",\"orientation\":\"landscape\"},\"large\":{\"height\":935,\"width\":1024,\"url\":\"https:\/\/ensemble-paroissial-reynies.fr\/wp-content\/uploads\/Cr\u00e8ches\/Cr\u00e8ches_2025\/Orgueil1-1024x935.jpg\",\"orientation\":\"landscape\"},\"full\":{\"url\":\"https:\/\/ensemble-paroissial-reynies.fr\/wp-content\/uploads\/Cr\u00e8ches\/Cr\u00e8ches_2025\/Orgueil1.jpg\",\"height\":2090,\"width\":2288,\"orientation\":\"landscape\"}},\"imageMeta\":{\"aperture\":\"3.5\",\"credit\":\"\",\"camera\":\"DMC-G80\",\"caption\":\"\",\"created_timestamp\":\"1765035626\",\"copyright\":\"\",\"focal_length\":\"12\",\"iso\":\"3200\",\"shutter_speed\":\"0.025\",\"title\":\"\",\"orientation\":\"0\",\"keywords\":[]},\"meta\":false,\"postlink\":\"https:\/\/ensemble-paroissial-reynies.fr\/?attachment_id=4402\"},{\"id\":4484,\"title\":\"Orgueil6\",\"url\":\"https:\/\/ensemble-paroissial-reynies.fr\/wp-content\/uploads\/Cr\u00e8ches\/Cr\u00e8ches_2025\/Orgueil6-scaled.jpg\",\"link\":\"https:\/\/ensemble-paroissial-reynies.fr\/?attachment_id=4484\",\"alt\":\"\",\"description\":\"\",\"caption\":\"Cr\u00e8che \u00e9glise d'Orgueil 12\/2025\",\"mime\":\"image\/jpeg\",\"type\":\"image\",\"width\":2560,\"height\":1863,\"sizes\":{\"thumbnail\":{\"height\":150,\"width\":150,\"url\":\"https:\/\/ensemble-paroissial-reynies.fr\/wp-content\/uploads\/Cr\u00e8ches\/Cr\u00e8ches_2025\/Orgueil6-150x150.jpg\",\"orientation\":\"landscape\"},\"medium\":{\"height\":218,\"width\":300,\"url\":\"https:\/\/ensemble-paroissial-reynies.fr\/wp-content\/uploads\/Cr\u00e8ches\/Cr\u00e8ches_2025\/Orgueil6-300x218.jpg\",\"orientation\":\"landscape\"},\"large\":{\"height\":745,\"width\":1024,\"url\":\"https:\/\/ensemble-paroissial-reynies.fr\/wp-content\/uploads\/Cr\u00e8ches\/Cr\u00e8ches_2025\/Orgueil6-1024x745.jpg\",\"orientation\":\"landscape\"},\"full\":{\"url\":\"https:\/\/ensemble-paroissial-reynies.fr\/wp-content\/uploads\/Cr\u00e8ches\/Cr\u00e8ches_2025\/Orgueil6-scaled.jpg\",\"height\":1863,\"width\":2560,\"orientation\":\"landscape\"}},\"imageMeta\":{\"aperture\":\"0\",\"credit\":\"\",\"camera\":\"\",\"caption\":\"\",\"created_timestamp\":\"0\",\"copyright\":\"\",\"focal_length\":\"0\",\"iso\":\"0\",\"shutter_speed\":\"0\",\"title\":\"\",\"orientation\":\"0\",\"keywords\":[]},\"meta\":false,\"postlink\":\"https:\/\/ensemble-paroissial-reynies.fr\/?attachment_id=4484\"},{\"id\":4486,\"title\":\"Orgueil7\",\"url\":\"https:\/\/ensemble-paroissial-reynies.fr\/wp-content\/uploads\/Cr\u00e8ches\/Cr\u00e8ches_2025\/Orgueil7-scaled.jpg\",\"link\":\"https:\/\/ensemble-paroissial-reynies.fr\/?attachment_id=4486\",\"alt\":\"\",\"description\":\"\",\"caption\":\"Cr\u00e8che \u00e9glise d'Orgueil 12\/2025\",\"mime\":\"image\/jpeg\",\"type\":\"image\",\"width\":2560,\"height\":1154,\"sizes\":{\"thumbnail\":{\"height\":150,\"width\":150,\"url\":\"https:\/\/ensemble-paroissial-reynies.fr\/wp-content\/uploads\/Cr\u00e8ches\/Cr\u00e8ches_2025\/Orgueil7-150x150.jpg\",\"orientation\":\"landscape\"},\"medium\":{\"height\":135,\"width\":300,\"url\":\"https:\/\/ensemble-paroissial-reynies.fr\/wp-content\/uploads\/Cr\u00e8ches\/Cr\u00e8ches_2025\/Orgueil7-300x135.jpg\",\"orientation\":\"landscape\"},\"large\":{\"height\":462,\"width\":1024,\"url\":\"https:\/\/ensemble-paroissial-reynies.fr\/wp-content\/uploads\/Cr\u00e8ches\/Cr\u00e8ches_2025\/Orgueil7-1024x462.jpg\",\"orientation\":\"landscape\"},\"full\":{\"url\":\"https:\/\/ensemble-paroissial-reynies.fr\/wp-content\/uploads\/Cr\u00e8ches\/Cr\u00e8ches_2025\/Orgueil7-scaled.jpg\",\"height\":1154,\"width\":2560,\"orientation\":\"landscape\"}},\"imageMeta\":{\"aperture\":\"0\",\"credit\":\"\",\"camera\":\"\",\"caption\":\"\",\"created_timestamp\":\"0\",\"copyright\":\"\",\"focal_length\":\"0\",\"iso\":\"0\",\"shutter_speed\":\"0\",\"title\":\"\",\"orientation\":\"0\",\"keywords\":[]},\"meta\":false,\"postlink\":\"https:\/\/ensemble-paroissial-reynies.fr\/?attachment_id=4486\"},{\"id\":4485,\"title\":\"Orgueil8\",\"url\":\"https:\/\/ensemble-paroissial-reynies.fr\/wp-content\/uploads\/Cr\u00e8ches\/Cr\u00e8ches_2025\/Orgueil8-scaled.jpg\",\"link\":\"https:\/\/ensemble-paroissial-reynies.fr\/?attachment_id=4485\",\"alt\":\"\",\"description\":\"\",\"caption\":\"Cr\u00e8che \u00e9glise d'Orgueil 12\/2025\",\"mime\":\"image\/jpeg\",\"type\":\"image\",\"width\":2560,\"height\":1152,\"sizes\":{\"thumbnail\":{\"height\":150,\"width\":150,\"url\":\"https:\/\/ensemble-paroissial-reynies.fr\/wp-content\/uploads\/Cr\u00e8ches\/Cr\u00e8ches_2025\/Orgueil8-150x150.jpg\",\"orientation\":\"landscape\"},\"medium\":{\"height\":135,\"width\":300,\"url\":\"https:\/\/ensemble-paroissial-reynies.fr\/wp-content\/uploads\/Cr\u00e8ches\/Cr\u00e8ches_2025\/Orgueil8-300x135.jpg\",\"orientation\":\"landscape\"},\"large\":{\"height\":461,\"width\":1024,\"url\":\"https:\/\/ensemble-paroissial-reynies.fr\/wp-content\/uploads\/Cr\u00e8ches\/Cr\u00e8ches_2025\/Orgueil8-1024x461.jpg\",\"orientation\":\"landscape\"},\"full\":{\"url\":\"https:\/\/ensemble-paroissial-reynies.fr\/wp-content\/uploads\/Cr\u00e8ches\/Cr\u00e8ches_2025\/Orgueil8-scaled.jpg\",\"height\":1152,\"width\":2560,\"orientation\":\"landscape\"}},\"imageMeta\":{\"aperture\":\"0\",\"credit\":\"\",\"camera\":\"\",\"caption\":\"\",\"created_timestamp\":\"0\",\"copyright\":\"\",\"focal_length\":\"0\",\"iso\":\"0\",\"shutter_speed\":\"0\",\"title\":\"\",\"orientation\":\"0\",\"keywords\":[]},\"meta\":false,\"postlink\":\"https:\/\/ensemble-paroissial-reynies.fr\/?attachment_id=4485\"},{\"id\":4487,\"title\":\"Orgueil9\",\"url\":\"https:\/\/ensemble-paroissial-reynies.fr\/wp-content\/uploads\/Cr\u00e8ches\/Cr\u00e8ches_2025\/Orgueil9-scaled.jpg\",\"link\":\"https:\/\/ensemble-paroissial-reynies.fr\/?attachment_id=4487\",\"alt\":\"\",\"description\":\"\",\"caption\":\"Cr\u00e8che \u00e9glise d'Orgueil 12\/2025\",\"mime\":\"image\/jpeg\",\"type\":\"image\",\"width\":2560,\"height\":1154,\"sizes\":{\"thumbnail\":{\"height\":150,\"width\":150,\"url\":\"https:\/\/ensemble-paroissial-reynies.fr\/wp-content\/uploads\/Cr\u00e8ches\/Cr\u00e8ches_2025\/Orgueil9-150x150.jpg\",\"orientation\":\"landscape\"},\"medium\":{\"height\":135,\"width\":300,\"url\":\"https:\/\/ensemble-paroissial-reynies.fr\/wp-content\/uploads\/Cr\u00e8ches\/Cr\u00e8ches_2025\/Orgueil9-300x135.jpg\",\"orientation\":\"landscape\"},\"large\":{\"height\":462,\"width\":1024,\"url\":\"https:\/\/ensemble-paroissial-reynies.fr\/wp-content\/uploads\/Cr\u00e8ches\/Cr\u00e8ches_2025\/Orgueil9-1024x462.jpg\",\"orientation\":\"landscape\"},\"full\":{\"url\":\"https:\/\/ensemble-paroissial-reynies.fr\/wp-content\/uploads\/Cr\u00e8ches\/Cr\u00e8ches_2025\/Orgueil9-scaled.jpg\",\"height\":1154,\"width\":2560,\"orientation\":\"landscape\"}},\"imageMeta\":{\"aperture\":\"0\",\"credit\":\"\",\"camera\":\"\",\"caption\":\"\",\"created_timestamp\":\"0\",\"copyright\":\"\",\"focal_length\":\"0\",\"iso\":\"0\",\"shutter_speed\":\"0\",\"title\":\"\",\"orientation\":\"0\",\"keywords\":[]},\"meta\":false,\"postlink\":\"https:\/\/ensemble-paroissial-reynies.fr\/?attachment_id=4487\"},{\"id\":4521,\"title\":\"Bressols1\",\"url\":\"https:\/\/ensemble-paroissial-reynies.fr\/wp-content\/uploads\/Cr\u00e8ches\/Cr\u00e8ches_2025\/Bressols1-scaled.jpg\",\"link\":\"https:\/\/ensemble-paroissial-reynies.fr\/?attachment_id=4521\",\"alt\":\"\",\"description\":\"\",\"caption\":\"Cr\u00e8che \u00e9glise de Bressols 12\/2025\",\"mime\":\"image\/jpeg\",\"type\":\"image\",\"width\":2560,\"height\":1922,\"sizes\":{\"thumbnail\":{\"height\":150,\"width\":150,\"url\":\"https:\/\/ensemble-paroissial-reynies.fr\/wp-content\/uploads\/Cr\u00e8ches\/Cr\u00e8ches_2025\/Bressols1-150x150.jpg\",\"orientation\":\"landscape\"},\"medium\":{\"height\":225,\"width\":300,\"url\":\"https:\/\/ensemble-paroissial-reynies.fr\/wp-content\/uploads\/Cr\u00e8ches\/Cr\u00e8ches_2025\/Bressols1-300x225.jpg\",\"orientation\":\"landscape\"},\"large\":{\"height\":769,\"width\":1024,\"url\":\"https:\/\/ensemble-paroissial-reynies.fr\/wp-content\/uploads\/Cr\u00e8ches\/Cr\u00e8ches_2025\/Bressols1-1024x769.jpg\",\"orientation\":\"landscape\"},\"full\":{\"url\":\"https:\/\/ensemble-paroissial-reynies.fr\/wp-content\/uploads\/Cr\u00e8ches\/Cr\u00e8ches_2025\/Bressols1-scaled.jpg\",\"height\":1922,\"width\":2560,\"orientation\":\"landscape\"}},\"imageMeta\":{\"aperture\":\"4.7\",\"credit\":\"\",\"camera\":\"DMC-G80\",\"caption\":\"\",\"created_timestamp\":\"1767189197\",\"copyright\":\"\",\"focal_length\":\"28\",\"iso\":\"3200\",\"shutter_speed\":\"0.076923076923077\",\"title\":\"\",\"orientation\":\"1\",\"keywords\":[]},\"meta\":false,\"postlink\":\"https:\/\/ensemble-paroissial-reynies.fr\/?attachment_id=4521\"},{\"id\":4518,\"title\":\"Bressols2\",\"url\":\"https:\/\/ensemble-paroissial-reynies.fr\/wp-content\/uploads\/Cr\u00e8ches\/Cr\u00e8ches_2025\/Bressols2-scaled.jpg\",\"link\":\"https:\/\/ensemble-paroissial-reynies.fr\/?attachment_id=4518\",\"alt\":\"\",\"description\":\"\",\"caption\":\"Cr\u00e8che \u00e9glise de Bressols 12\/2025\",\"mime\":\"image\/jpeg\",\"type\":\"image\",\"width\":2560,\"height\":1922,\"sizes\":{\"thumbnail\":{\"height\":150,\"width\":150,\"url\":\"https:\/\/ensemble-paroissial-reynies.fr\/wp-content\/uploads\/Cr\u00e8ches\/Cr\u00e8ches_2025\/Bressols2-150x150.jpg\",\"orientation\":\"landscape\"},\"medium\":{\"height\":225,\"width\":300,\"url\":\"https:\/\/ensemble-paroissial-reynies.fr\/wp-content\/uploads\/Cr\u00e8ches\/Cr\u00e8ches_2025\/Bressols2-300x225.jpg\",\"orientation\":\"landscape\"},\"large\":{\"height\":769,\"width\":1024,\"url\":\"https:\/\/ensemble-paroissial-reynies.fr\/wp-content\/uploads\/Cr\u00e8ches\/Cr\u00e8ches_2025\/Bressols2-1024x769.jpg\",\"orientation\":\"landscape\"},\"full\":{\"url\":\"https:\/\/ensemble-paroissial-reynies.fr\/wp-content\/uploads\/Cr\u00e8ches\/Cr\u00e8ches_2025\/Bressols2-scaled.jpg\",\"height\":1922,\"width\":2560,\"orientation\":\"landscape\"}},\"imageMeta\":{\"aperture\":\"3.5\",\"credit\":\"\",\"camera\":\"DMC-G80\",\"caption\":\"\",\"created_timestamp\":\"1767189207\",\"copyright\":\"\",\"focal_length\":\"12\",\"iso\":\"3200\",\"shutter_speed\":\"0.016666666666667\",\"title\":\"\",\"orientation\":\"0\",\"keywords\":[]},\"meta\":false,\"postlink\":\"https:\/\/ensemble-paroissial-reynies.fr\/?attachment_id=4518\"},{\"id\":4519,\"title\":\"Bressols3\",\"url\":\"https:\/\/ensemble-paroissial-reynies.fr\/wp-content\/uploads\/Cr\u00e8ches\/Cr\u00e8ches_2025\/Bressols3-scaled.jpg\",\"link\":\"https:\/\/ensemble-paroissial-reynies.fr\/?attachment_id=4519\",\"alt\":\"\",\"description\":\"\",\"caption\":\"Cr\u00e8che \u00e9glise de Bressols 12\/2025\",\"mime\":\"image\/jpeg\",\"type\":\"image\",\"width\":2560,\"height\":1922,\"sizes\":{\"thumbnail\":{\"height\":150,\"width\":150,\"url\":\"https:\/\/ensemble-paroissial-reynies.fr\/wp-content\/uploads\/Cr\u00e8ches\/Cr\u00e8ches_2025\/Bressols3-150x150.jpg\",\"orientation\":\"landscape\"},\"medium\":{\"height\":225,\"width\":300,\"url\":\"https:\/\/ensemble-paroissial-reynies.fr\/wp-content\/uploads\/Cr\u00e8ches\/Cr\u00e8ches_2025\/Bressols3-300x225.jpg\",\"orientation\":\"landscape\"},\"large\":{\"height\":769,\"width\":1024,\"url\":\"https:\/\/ensemble-paroissial-reynies.fr\/wp-content\/uploads\/Cr\u00e8ches\/Cr\u00e8ches_2025\/Bressols3-1024x769.jpg\",\"orientation\":\"landscape\"},\"full\":{\"url\":\"https:\/\/ensemble-paroissial-reynies.fr\/wp-content\/uploads\/Cr\u00e8ches\/Cr\u00e8ches_2025\/Bressols3-scaled.jpg\",\"height\":1922,\"width\":2560,\"orientation\":\"landscape\"}},\"imageMeta\":{\"aperture\":\"3.5\",\"credit\":\"\",\"camera\":\"DMC-G80\",\"caption\":\"\",\"created_timestamp\":\"1767189256\",\"copyright\":\"\",\"focal_length\":\"12\",\"iso\":\"3200\",\"shutter_speed\":\"0.04\",\"title\":\"\",\"orientation\":\"1\",\"keywords\":[]},\"meta\":false,\"postlink\":\"https:\/\/ensemble-paroissial-reynies.fr\/?attachment_id=4519\"},{\"id\":4523,\"title\":\"Bressols4\",\"url\":\"https:\/\/ensemble-paroissial-reynies.fr\/wp-content\/uploads\/Cr\u00e8ches\/Cr\u00e8ches_2025\/Bressols4-scaled.jpg\",\"link\":\"https:\/\/ensemble-paroissial-reynies.fr\/?attachment_id=4523\",\"alt\":\"\",\"description\":\"\",\"caption\":\"Cr\u00e8che \u00e9glise de Bressols 12\/2025\",\"mime\":\"image\/jpeg\",\"type\":\"image\",\"width\":2560,\"height\":1922,\"sizes\":{\"thumbnail\":{\"height\":150,\"width\":150,\"url\":\"https:\/\/ensemble-paroissial-reynies.fr\/wp-content\/uploads\/Cr\u00e8ches\/Cr\u00e8ches_2025\/Bressols4-150x150.jpg\",\"orientation\":\"landscape\"},\"medium\":{\"height\":225,\"width\":300,\"url\":\"https:\/\/ensemble-paroissial-reynies.fr\/wp-content\/uploads\/Cr\u00e8ches\/Cr\u00e8ches_2025\/Bressols4-300x225.jpg\",\"orientation\":\"landscape\"},\"large\":{\"height\":769,\"width\":1024,\"url\":\"https:\/\/ensemble-paroissial-reynies.fr\/wp-content\/uploads\/Cr\u00e8ches\/Cr\u00e8ches_2025\/Bressols4-1024x769.jpg\",\"orientation\":\"landscape\"},\"full\":{\"url\":\"https:\/\/ensemble-paroissial-reynies.fr\/wp-content\/uploads\/Cr\u00e8ches\/Cr\u00e8ches_2025\/Bressols4-scaled.jpg\",\"height\":1922,\"width\":2560,\"orientation\":\"landscape\"}},\"imageMeta\":{\"aperture\":\"3.5\",\"credit\":\"\",\"camera\":\"DMC-G80\",\"caption\":\"\",\"created_timestamp\":\"1767189266\",\"copyright\":\"\",\"focal_length\":\"13\",\"iso\":\"3200\",\"shutter_speed\":\"0.05\",\"title\":\"\",\"orientation\":\"1\",\"keywords\":[]},\"meta\":false,\"postlink\":\"https:\/\/ensemble-paroissial-reynies.fr\/?attachment_id=4523\"},{\"id\":4522,\"title\":\"Bressols5\",\"url\":\"https:\/\/ensemble-paroissial-reynies.fr\/wp-content\/uploads\/Cr\u00e8ches\/Cr\u00e8ches_2025\/Bressols5-scaled.jpg\",\"link\":\"https:\/\/ensemble-paroissial-reynies.fr\/?attachment_id=4522\",\"alt\":\"\",\"description\":\"\",\"caption\":\"Cr\u00e8che \u00e9glise de Bressols 12\/2025\",\"mime\":\"image\/jpeg\",\"type\":\"image\",\"width\":2560,\"height\":1922,\"sizes\":{\"thumbnail\":{\"height\":150,\"width\":150,\"url\":\"https:\/\/ensemble-paroissial-reynies.fr\/wp-content\/uploads\/Cr\u00e8ches\/Cr\u00e8ches_2025\/Bressols5-150x150.jpg\",\"orientation\":\"landscape\"},\"medium\":{\"height\":225,\"width\":300,\"url\":\"https:\/\/ensemble-paroissial-reynies.fr\/wp-content\/uploads\/Cr\u00e8ches\/Cr\u00e8ches_2025\/Bressols5-300x225.jpg\",\"orientation\":\"landscape\"},\"large\":{\"height\":769,\"width\":1024,\"url\":\"https:\/\/ensemble-paroissial-reynies.fr\/wp-content\/uploads\/Cr\u00e8ches\/Cr\u00e8ches_2025\/Bressols5-1024x769.jpg\",\"orientation\":\"landscape\"},\"full\":{\"url\":\"https:\/\/ensemble-paroissial-reynies.fr\/wp-content\/uploads\/Cr\u00e8ches\/Cr\u00e8ches_2025\/Bressols5-scaled.jpg\",\"height\":1922,\"width\":2560,\"orientation\":\"landscape\"}},\"imageMeta\":{\"aperture\":\"4.2\",\"credit\":\"\",\"camera\":\"DMC-G80\",\"caption\":\"\",\"created_timestamp\":\"1767189296\",\"copyright\":\"\",\"focal_length\":\"22\",\"iso\":\"3200\",\"shutter_speed\":\"0.076923076923077\",\"title\":\"\",\"orientation\":\"1\",\"keywords\":[]},\"meta\":false,\"postlink\":\"https:\/\/ensemble-paroissial-reynies.fr\/?attachment_id=4522\"},{\"id\":4520,\"title\":\"Bressols6\",\"url\":\"https:\/\/ensemble-paroissial-reynies.fr\/wp-content\/uploads\/Cr\u00e8ches\/Cr\u00e8ches_2025\/Bressols6-scaled.jpg\",\"link\":\"https:\/\/ensemble-paroissial-reynies.fr\/?attachment_id=4520\",\"alt\":\"\",\"description\":\"\",\"caption\":\"Cr\u00e8che \u00e9glise de Bressols 12\/2025\",\"mime\":\"image\/jpeg\",\"type\":\"image\",\"width\":2560,\"height\":1922,\"sizes\":{\"thumbnail\":{\"height\":150,\"width\":150,\"url\":\"https:\/\/ensemble-paroissial-reynies.fr\/wp-content\/uploads\/Cr\u00e8ches\/Cr\u00e8ches_2025\/Bressols6-150x150.jpg\",\"orientation\":\"landscape\"},\"medium\":{\"height\":225,\"width\":300,\"url\":\"https:\/\/ensemble-paroissial-reynies.fr\/wp-content\/uploads\/Cr\u00e8ches\/Cr\u00e8ches_2025\/Bressols6-300x225.jpg\",\"orientation\":\"landscape\"},\"large\":{\"height\":769,\"width\":1024,\"url\":\"https:\/\/ensemble-paroissial-reynies.fr\/wp-content\/uploads\/Cr\u00e8ches\/Cr\u00e8ches_2025\/Bressols6-1024x769.jpg\",\"orientation\":\"landscape\"},\"full\":{\"url\":\"https:\/\/ensemble-paroissial-reynies.fr\/wp-content\/uploads\/Cr\u00e8ches\/Cr\u00e8ches_2025\/Bressols6-scaled.jpg\",\"height\":1922,\"width\":2560,\"orientation\":\"landscape\"}},\"imageMeta\":{\"aperture\":\"4.6\",\"credit\":\"\",\"camera\":\"DMC-G80\",\"caption\":\"\",\"created_timestamp\":\"1767189303\",\"copyright\":\"\",\"focal_length\":\"27\",\"iso\":\"3200\",\"shutter_speed\":\"0.076923076923077\",\"title\":\"\",\"orientation\":\"1\",\"keywords\":[]},\"meta\":false,\"postlink\":\"https:\/\/ensemble-paroissial-reynies.fr\/?attachment_id=4520\"},{\"id\":4418,\"title\":\"brial1s\",\"url\":\"https:\/\/ensemble-paroissial-reynies.fr\/wp-content\/uploads\/Cr\u00e8ches\/Cr\u00e8ches_2025\/brial1s-scaled.jpg\",\"link\":\"https:\/\/ensemble-paroissial-reynies.fr\/?attachment_id=4418\",\"alt\":\"\",\"description\":\"\",\"caption\":\"Cr\u00e8che \u00e9glise de Brial 12\/2025\",\"mime\":\"image\/jpeg\",\"type\":\"image\",\"width\":1920,\"height\":2560,\"sizes\":{\"thumbnail\":{\"height\":150,\"width\":150,\"url\":\"https:\/\/ensemble-paroissial-reynies.fr\/wp-content\/uploads\/Cr\u00e8ches\/Cr\u00e8ches_2025\/brial1s-150x150.jpg\",\"orientation\":\"landscape\"},\"medium\":{\"height\":300,\"width\":225,\"url\":\"https:\/\/ensemble-paroissial-reynies.fr\/wp-content\/uploads\/Cr\u00e8ches\/Cr\u00e8ches_2025\/brial1s-225x300.jpg\",\"orientation\":\"portrait\"},\"large\":{\"height\":1024,\"width\":768,\"url\":\"https:\/\/ensemble-paroissial-reynies.fr\/wp-content\/uploads\/Cr\u00e8ches\/Cr\u00e8ches_2025\/brial1s-768x1024.jpg\",\"orientation\":\"portrait\"},\"full\":{\"url\":\"https:\/\/ensemble-paroissial-reynies.fr\/wp-content\/uploads\/Cr\u00e8ches\/Cr\u00e8ches_2025\/brial1s-scaled.jpg\",\"height\":2560,\"width\":1920,\"orientation\":\"portrait\"}},\"imageMeta\":{\"aperture\":\"0\",\"credit\":\"\",\"camera\":\"\",\"caption\":\"\",\"created_timestamp\":\"0\",\"copyright\":\"\",\"focal_length\":\"0\",\"iso\":\"0\",\"shutter_speed\":\"0\",\"title\":\"\",\"orientation\":\"0\",\"keywords\":[]},\"meta\":false,\"postlink\":\"https:\/\/ensemble-paroissial-reynies.fr\/?attachment_id=4418\"},{\"id\":4419,\"title\":\"brial2s\",\"url\":\"https:\/\/ensemble-paroissial-reynies.fr\/wp-content\/uploads\/Cr\u00e8ches\/Cr\u00e8ches_2025\/brial2s-scaled.jpg\",\"link\":\"https:\/\/ensemble-paroissial-reynies.fr\/?attachment_id=4419\",\"alt\":\"\",\"description\":\"\",\"caption\":\"Cr\u00e8che \u00e9glise de Brial 12\/2025\",\"mime\":\"image\/jpeg\",\"type\":\"image\",\"width\":1920,\"height\":2560,\"sizes\":{\"thumbnail\":{\"height\":150,\"width\":150,\"url\":\"https:\/\/ensemble-paroissial-reynies.fr\/wp-content\/uploads\/Cr\u00e8ches\/Cr\u00e8ches_2025\/brial2s-150x150.jpg\",\"orientation\":\"landscape\"},\"medium\":{\"height\":300,\"width\":225,\"url\":\"https:\/\/ensemble-paroissial-reynies.fr\/wp-content\/uploads\/Cr\u00e8ches\/Cr\u00e8ches_2025\/brial2s-225x300.jpg\",\"orientation\":\"portrait\"},\"large\":{\"height\":1024,\"width\":768,\"url\":\"https:\/\/ensemble-paroissial-reynies.fr\/wp-content\/uploads\/Cr\u00e8ches\/Cr\u00e8ches_2025\/brial2s-768x1024.jpg\",\"orientation\":\"portrait\"},\"full\":{\"url\":\"https:\/\/ensemble-paroissial-reynies.fr\/wp-content\/uploads\/Cr\u00e8ches\/Cr\u00e8ches_2025\/brial2s-scaled.jpg\",\"height\":2560,\"width\":1920,\"orientation\":\"portrait\"}},\"imageMeta\":{\"aperture\":\"0\",\"credit\":\"\",\"camera\":\"\",\"caption\":\"\",\"created_timestamp\":\"0\",\"copyright\":\"\",\"focal_length\":\"0\",\"iso\":\"0\",\"shutter_speed\":\"0\",\"title\":\"\",\"orientation\":\"0\",\"keywords\":[]},\"meta\":false,\"postlink\":\"https:\/\/ensemble-paroissial-reynies.fr\/?attachment_id=4419\"},{\"id\":4420,\"title\":\"brial3s\",\"url\":\"https:\/\/ensemble-paroissial-reynies.fr\/wp-content\/uploads\/Cr\u00e8ches\/Cr\u00e8ches_2025\/brial3s-scaled.jpg\",\"link\":\"https:\/\/ensemble-paroissial-reynies.fr\/?attachment_id=4420\",\"alt\":\"\",\"description\":\"\",\"caption\":\"Cr\u00e8che \u00e9glise de Brial 12\/2025\",\"mime\":\"image\/jpeg\",\"type\":\"image\",\"width\":1920,\"height\":2560,\"sizes\":{\"thumbnail\":{\"height\":150,\"width\":150,\"url\":\"https:\/\/ensemble-paroissial-reynies.fr\/wp-content\/uploads\/Cr\u00e8ches\/Cr\u00e8ches_2025\/brial3s-150x150.jpg\",\"orientation\":\"landscape\"},\"medium\":{\"height\":300,\"width\":225,\"url\":\"https:\/\/ensemble-paroissial-reynies.fr\/wp-content\/uploads\/Cr\u00e8ches\/Cr\u00e8ches_2025\/brial3s-225x300.jpg\",\"orientation\":\"portrait\"},\"large\":{\"height\":1024,\"width\":768,\"url\":\"https:\/\/ensemble-paroissial-reynies.fr\/wp-content\/uploads\/Cr\u00e8ches\/Cr\u00e8ches_2025\/brial3s-768x1024.jpg\",\"orientation\":\"portrait\"},\"full\":{\"url\":\"https:\/\/ensemble-paroissial-reynies.fr\/wp-content\/uploads\/Cr\u00e8ches\/Cr\u00e8ches_2025\/brial3s-scaled.jpg\",\"height\":2560,\"width\":1920,\"orientation\":\"portrait\"}},\"imageMeta\":{\"aperture\":\"0\",\"credit\":\"\",\"camera\":\"\",\"caption\":\"\",\"created_timestamp\":\"0\",\"copyright\":\"\",\"focal_length\":\"0\",\"iso\":\"0\",\"shutter_speed\":\"0\",\"title\":\"\",\"orientation\":\"0\",\"keywords\":[]},\"meta\":false,\"postlink\":\"https:\/\/ensemble-paroissial-reynies.fr\/?attachment_id=4420\"},{\"id\":4517,\"title\":\"Corbarieu4\",\"url\":\"https:\/\/ensemble-paroissial-reynies.fr\/wp-content\/uploads\/Cr\u00e8ches\/Cr\u00e8ches_2025\/Corbarieu4-scaled.jpg\",\"link\":\"https:\/\/ensemble-paroissial-reynies.fr\/?attachment_id=4517\",\"alt\":\"\",\"description\":\"\",\"caption\":\"Cr\u00e8che \u00e9glise de Corbarieu 12\/2025\",\"mime\":\"image\/jpeg\",\"type\":\"image\",\"width\":2560,\"height\":1922,\"sizes\":{\"thumbnail\":{\"height\":150,\"width\":150,\"url\":\"https:\/\/ensemble-paroissial-reynies.fr\/wp-content\/uploads\/Cr\u00e8ches\/Cr\u00e8ches_2025\/Corbarieu4-150x150.jpg\",\"orientation\":\"landscape\"},\"medium\":{\"height\":225,\"width\":300,\"url\":\"https:\/\/ensemble-paroissial-reynies.fr\/wp-content\/uploads\/Cr\u00e8ches\/Cr\u00e8ches_2025\/Corbarieu4-300x225.jpg\",\"orientation\":\"landscape\"},\"large\":{\"height\":769,\"width\":1024,\"url\":\"https:\/\/ensemble-paroissial-reynies.fr\/wp-content\/uploads\/Cr\u00e8ches\/Cr\u00e8ches_2025\/Corbarieu4-1024x769.jpg\",\"orientation\":\"landscape\"},\"full\":{\"url\":\"https:\/\/ensemble-paroissial-reynies.fr\/wp-content\/uploads\/Cr\u00e8ches\/Cr\u00e8ches_2025\/Corbarieu4-scaled.jpg\",\"height\":1922,\"width\":2560,\"orientation\":\"landscape\"}},\"imageMeta\":{\"aperture\":\"5\",\"credit\":\"\",\"camera\":\"DMC-G80\",\"caption\":\"\",\"created_timestamp\":\"1767191746\",\"copyright\":\"\",\"focal_length\":\"32\",\"iso\":\"3200\",\"shutter_speed\":\"0.125\",\"title\":\"\",\"orientation\":\"1\",\"keywords\":[]},\"meta\":false,\"postlink\":\"https:\/\/ensemble-paroissial-reynies.fr\/?attachment_id=4517\"},{\"id\":4514,\"title\":\"corbarieu1\",\"url\":\"https:\/\/ensemble-paroissial-reynies.fr\/wp-content\/uploads\/Cr\u00e8ches\/Cr\u00e8ches_2025\/corbarieu1-scaled.jpg\",\"link\":\"https:\/\/ensemble-paroissial-reynies.fr\/?attachment_id=4514\",\"alt\":\"\",\"description\":\"\",\"caption\":\"Cr\u00e8che \u00e9glise de Corbarieu 12\/2025\",\"mime\":\"image\/jpeg\",\"type\":\"image\",\"width\":2560,\"height\":2024,\"sizes\":{\"thumbnail\":{\"height\":150,\"width\":150,\"url\":\"https:\/\/ensemble-paroissial-reynies.fr\/wp-content\/uploads\/Cr\u00e8ches\/Cr\u00e8ches_2025\/corbarieu1-150x150.jpg\",\"orientation\":\"landscape\"},\"medium\":{\"height\":237,\"width\":300,\"url\":\"https:\/\/ensemble-paroissial-reynies.fr\/wp-content\/uploads\/Cr\u00e8ches\/Cr\u00e8ches_2025\/corbarieu1-300x237.jpg\",\"orientation\":\"landscape\"},\"large\":{\"height\":809,\"width\":1024,\"url\":\"https:\/\/ensemble-paroissial-reynies.fr\/wp-content\/uploads\/Cr\u00e8ches\/Cr\u00e8ches_2025\/corbarieu1-1024x809.jpg\",\"orientation\":\"landscape\"},\"full\":{\"url\":\"https:\/\/ensemble-paroissial-reynies.fr\/wp-content\/uploads\/Cr\u00e8ches\/Cr\u00e8ches_2025\/corbarieu1-scaled.jpg\",\"height\":2024,\"width\":2560,\"orientation\":\"landscape\"}},\"imageMeta\":{\"aperture\":\"3.5\",\"credit\":\"\",\"camera\":\"DMC-G80\",\"caption\":\"\",\"created_timestamp\":\"1767191709\",\"copyright\":\"\",\"focal_length\":\"12\",\"iso\":\"3200\",\"shutter_speed\":\"0.05\",\"title\":\"\",\"orientation\":\"0\",\"keywords\":[]},\"meta\":false,\"postlink\":\"https:\/\/ensemble-paroissial-reynies.fr\/?attachment_id=4514\"},{\"id\":4516,\"title\":\"corbarieu2\",\"url\":\"https:\/\/ensemble-paroissial-reynies.fr\/wp-content\/uploads\/Cr\u00e8ches\/Cr\u00e8ches_2025\/corbarieu2-scaled.jpg\",\"link\":\"https:\/\/ensemble-paroissial-reynies.fr\/?attachment_id=4516\",\"alt\":\"\",\"description\":\"\",\"caption\":\"Cr\u00e8che \u00e9glise de Corbarieu 12\/2025\",\"mime\":\"image\/jpeg\",\"type\":\"image\",\"width\":2560,\"height\":1640,\"sizes\":{\"thumbnail\":{\"height\":150,\"width\":150,\"url\":\"https:\/\/ensemble-paroissial-reynies.fr\/wp-content\/uploads\/Cr\u00e8ches\/Cr\u00e8ches_2025\/corbarieu2-150x150.jpg\",\"orientation\":\"landscape\"},\"medium\":{\"height\":192,\"width\":300,\"url\":\"https:\/\/ensemble-paroissial-reynies.fr\/wp-content\/uploads\/Cr\u00e8ches\/Cr\u00e8ches_2025\/corbarieu2-300x192.jpg\",\"orientation\":\"landscape\"},\"large\":{\"height\":656,\"width\":1024,\"url\":\"https:\/\/ensemble-paroissial-reynies.fr\/wp-content\/uploads\/Cr\u00e8ches\/Cr\u00e8ches_2025\/corbarieu2-1024x656.jpg\",\"orientation\":\"landscape\"},\"full\":{\"url\":\"https:\/\/ensemble-paroissial-reynies.fr\/wp-content\/uploads\/Cr\u00e8ches\/Cr\u00e8ches_2025\/corbarieu2-scaled.jpg\",\"height\":1640,\"width\":2560,\"orientation\":\"landscape\"}},\"imageMeta\":{\"aperture\":\"3.9\",\"credit\":\"\",\"camera\":\"DMC-G80\",\"caption\":\"\",\"created_timestamp\":\"1767191726\",\"copyright\":\"\",\"focal_length\":\"18\",\"iso\":\"3200\",\"shutter_speed\":\"0.066666666666667\",\"title\":\"\",\"orientation\":\"0\",\"keywords\":[]},\"meta\":false,\"postlink\":\"https:\/\/ensemble-paroissial-reynies.fr\/?attachment_id=4516\"},{\"id\":4515,\"title\":\"corbarieu3\",\"url\":\"https:\/\/ensemble-paroissial-reynies.fr\/wp-content\/uploads\/Cr\u00e8ches\/Cr\u00e8ches_2025\/corbarieu3-scaled.jpg\",\"link\":\"https:\/\/ensemble-paroissial-reynies.fr\/?attachment_id=4515\",\"alt\":\"\",\"description\":\"\",\"caption\":\"Cr\u00e8che \u00e9glise de Corbarieu 12\/2025\",\"mime\":\"image\/jpeg\",\"type\":\"image\",\"width\":2560,\"height\":1798,\"sizes\":{\"thumbnail\":{\"height\":150,\"width\":150,\"url\":\"https:\/\/ensemble-paroissial-reynies.fr\/wp-content\/uploads\/Cr\u00e8ches\/Cr\u00e8ches_2025\/corbarieu3-150x150.jpg\",\"orientation\":\"landscape\"},\"medium\":{\"height\":211,\"width\":300,\"url\":\"https:\/\/ensemble-paroissial-reynies.fr\/wp-content\/uploads\/Cr\u00e8ches\/Cr\u00e8ches_2025\/corbarieu3-300x211.jpg\",\"orientation\":\"landscape\"},\"large\":{\"height\":719,\"width\":1024,\"url\":\"https:\/\/ensemble-paroissial-reynies.fr\/wp-content\/uploads\/Cr\u00e8ches\/Cr\u00e8ches_2025\/corbarieu3-1024x719.jpg\",\"orientation\":\"landscape\"},\"full\":{\"url\":\"https:\/\/ensemble-paroissial-reynies.fr\/wp-content\/uploads\/Cr\u00e8ches\/Cr\u00e8ches_2025\/corbarieu3-scaled.jpg\",\"height\":1798,\"width\":2560,\"orientation\":\"landscape\"}},\"imageMeta\":{\"aperture\":\"4.6\",\"credit\":\"\",\"camera\":\"DMC-G80\",\"caption\":\"\",\"created_timestamp\":\"1767191734\",\"copyright\":\"\",\"focal_length\":\"27\",\"iso\":\"3200\",\"shutter_speed\":\"0.1\",\"title\":\"\",\"orientation\":\"0\",\"keywords\":[]},\"meta\":false,\"postlink\":\"https:\/\/ensemble-paroissial-reynies.fr\/?attachment_id=4515\"},{\"id\":4408,\"title\":\"lbp1\",\"url\":\"https:\/\/ensemble-paroissial-reynies.fr\/wp-content\/uploads\/Cr\u00e8ches\/Cr\u00e8ches_2025\/lbp1m.jpg\",\"link\":\"https:\/\/ensemble-paroissial-reynies.fr\/?attachment_id=4408\",\"alt\":\"\",\"description\":\"\",\"caption\":\"Cr\u00e8che \u00e9glise de Labastide-Saint-Pierre 12\/2025\",\"mime\":\"image\/jpeg\",\"type\":\"image\",\"width\":1320,\"height\":1512,\"sizes\":{\"thumbnail\":{\"height\":150,\"width\":150,\"url\":\"https:\/\/ensemble-paroissial-reynies.fr\/wp-content\/uploads\/Cr\u00e8ches\/Cr\u00e8ches_2025\/lbp1m-150x150.jpg\",\"orientation\":\"landscape\"},\"medium\":{\"height\":300,\"width\":262,\"url\":\"https:\/\/ensemble-paroissial-reynies.fr\/wp-content\/uploads\/Cr\u00e8ches\/Cr\u00e8ches_2025\/lbp1m-262x300.jpg\",\"orientation\":\"portrait\"},\"large\":{\"height\":1024,\"width\":894,\"url\":\"https:\/\/ensemble-paroissial-reynies.fr\/wp-content\/uploads\/Cr\u00e8ches\/Cr\u00e8ches_2025\/lbp1m-894x1024.jpg\",\"orientation\":\"portrait\"},\"full\":{\"url\":\"https:\/\/ensemble-paroissial-reynies.fr\/wp-content\/uploads\/Cr\u00e8ches\/Cr\u00e8ches_2025\/lbp1m.jpg\",\"height\":1512,\"width\":1320,\"orientation\":\"portrait\"}},\"imageMeta\":{\"aperture\":\"0\",\"credit\":\"\",\"camera\":\"\",\"caption\":\"\",\"created_timestamp\":\"0\",\"copyright\":\"\",\"focal_length\":\"0\",\"iso\":\"0\",\"shutter_speed\":\"0\",\"title\":\"\",\"orientation\":\"0\",\"keywords\":[]},\"meta\":false,\"postlink\":\"https:\/\/ensemble-paroissial-reynies.fr\/?attachment_id=4408\"},{\"id\":4409,\"title\":\"lbp2\",\"url\":\"https:\/\/ensemble-paroissial-reynies.fr\/wp-content\/uploads\/Cr\u00e8ches\/Cr\u00e8ches_2025\/lbp2.jpg\",\"link\":\"https:\/\/ensemble-paroissial-reynies.fr\/?attachment_id=4409\",\"alt\":\"\",\"description\":\"\",\"caption\":\"Cr\u00e8che \u00e9glise de Labastide-Saint-Pierre 12\/2025\",\"mime\":\"image\/jpeg\",\"type\":\"image\",\"width\":2016,\"height\":1512,\"sizes\":{\"thumbnail\":{\"height\":150,\"width\":150,\"url\":\"https:\/\/ensemble-paroissial-reynies.fr\/wp-content\/uploads\/Cr\u00e8ches\/Cr\u00e8ches_2025\/lbp2-150x150.jpg\",\"orientation\":\"landscape\"},\"medium\":{\"height\":225,\"width\":300,\"url\":\"https:\/\/ensemble-paroissial-reynies.fr\/wp-content\/uploads\/Cr\u00e8ches\/Cr\u00e8ches_2025\/lbp2-300x225.jpg\",\"orientation\":\"landscape\"},\"large\":{\"height\":768,\"width\":1024,\"url\":\"https:\/\/ensemble-paroissial-reynies.fr\/wp-content\/uploads\/Cr\u00e8ches\/Cr\u00e8ches_2025\/lbp2-1024x768.jpg\",\"orientation\":\"landscape\"},\"full\":{\"url\":\"https:\/\/ensemble-paroissial-reynies.fr\/wp-content\/uploads\/Cr\u00e8ches\/Cr\u00e8ches_2025\/lbp2.jpg\",\"height\":1512,\"width\":2016,\"orientation\":\"landscape\"}},\"imageMeta\":{\"aperture\":\"0\",\"credit\":\"\",\"camera\":\"\",\"caption\":\"\",\"created_timestamp\":\"0\",\"copyright\":\"\",\"focal_length\":\"0\",\"iso\":\"0\",\"shutter_speed\":\"0\",\"title\":\"\",\"orientation\":\"0\",\"keywords\":[]},\"meta\":false,\"postlink\":\"https:\/\/ensemble-paroissial-reynies.fr\/?attachment_id=4409\"},{\"id\":4407,\"title\":\"lbp3\",\"url\":\"https:\/\/ensemble-paroissial-reynies.fr\/wp-content\/uploads\/Cr\u00e8ches\/Cr\u00e8ches_2025\/lbp3.jpg\",\"link\":\"https:\/\/ensemble-paroissial-reynies.fr\/?attachment_id=4407\",\"alt\":\"\",\"description\":\"\",\"caption\":\"Cr\u00e8che \u00e9glise de Labastide-Saint-Pierre 12\/2025\",\"mime\":\"image\/jpeg\",\"type\":\"image\",\"width\":1600,\"height\":716,\"sizes\":{\"thumbnail\":{\"height\":150,\"width\":150,\"url\":\"https:\/\/ensemble-paroissial-reynies.fr\/wp-content\/uploads\/Cr\u00e8ches\/Cr\u00e8ches_2025\/lbp3-150x150.jpg\",\"orientation\":\"landscape\"},\"medium\":{\"height\":134,\"width\":300,\"url\":\"https:\/\/ensemble-paroissial-reynies.fr\/wp-content\/uploads\/Cr\u00e8ches\/Cr\u00e8ches_2025\/lbp3-300x134.jpg\",\"orientation\":\"landscape\"},\"large\":{\"height\":458,\"width\":1024,\"url\":\"https:\/\/ensemble-paroissial-reynies.fr\/wp-content\/uploads\/Cr\u00e8ches\/Cr\u00e8ches_2025\/lbp3-1024x458.jpg\",\"orientation\":\"landscape\"},\"full\":{\"url\":\"https:\/\/ensemble-paroissial-reynies.fr\/wp-content\/uploads\/Cr\u00e8ches\/Cr\u00e8ches_2025\/lbp3.jpg\",\"height\":716,\"width\":1600,\"orientation\":\"landscape\"}},\"imageMeta\":{\"aperture\":\"0\",\"credit\":\"\",\"camera\":\"\",\"caption\":\"\",\"created_timestamp\":\"0\",\"copyright\":\"\",\"focal_length\":\"0\",\"iso\":\"0\",\"shutter_speed\":\"0\",\"title\":\"\",\"orientation\":\"0\",\"keywords\":[]},\"meta\":false,\"postlink\":\"https:\/\/ensemble-paroissial-reynies.fr\/?attachment_id=4407\"},{\"id\":4503,\"title\":\"reynies0\",\"url\":\"https:\/\/ensemble-paroissial-reynies.fr\/wp-content\/uploads\/Cr\u00e8ches\/Cr\u00e8ches_2025\/reynies0-scaled.jpg\",\"link\":\"https:\/\/ensemble-paroissial-reynies.fr\/?attachment_id=4503\",\"alt\":\"\",\"description\":\"\",\"caption\":\"Cr\u00e8che \u00e9glise de Reyni\u00e8s 12\/2025\",\"mime\":\"image\/jpeg\",\"type\":\"image\",\"width\":2560,\"height\":1922,\"sizes\":{\"thumbnail\":{\"height\":150,\"width\":150,\"url\":\"https:\/\/ensemble-paroissial-reynies.fr\/wp-content\/uploads\/Cr\u00e8ches\/Cr\u00e8ches_2025\/reynies0-150x150.jpg\",\"orientation\":\"landscape\"},\"medium\":{\"height\":225,\"width\":300,\"url\":\"https:\/\/ensemble-paroissial-reynies.fr\/wp-content\/uploads\/Cr\u00e8ches\/Cr\u00e8ches_2025\/reynies0-300x225.jpg\",\"orientation\":\"landscape\"},\"large\":{\"height\":769,\"width\":1024,\"url\":\"https:\/\/ensemble-paroissial-reynies.fr\/wp-content\/uploads\/Cr\u00e8ches\/Cr\u00e8ches_2025\/reynies0-1024x769.jpg\",\"orientation\":\"landscape\"},\"full\":{\"url\":\"https:\/\/ensemble-paroissial-reynies.fr\/wp-content\/uploads\/Cr\u00e8ches\/Cr\u00e8ches_2025\/reynies0-scaled.jpg\",\"height\":1922,\"width\":2560,\"orientation\":\"landscape\"}},\"imageMeta\":{\"aperture\":\"3.5\",\"credit\":\"\",\"camera\":\"DMC-G80\",\"caption\":\"\",\"created_timestamp\":\"1765292771\",\"copyright\":\"\",\"focal_length\":\"12\",\"iso\":\"800\",\"shutter_speed\":\"0.125\",\"title\":\"\",\"orientation\":\"1\",\"keywords\":[]},\"meta\":false,\"postlink\":\"https:\/\/ensemble-paroissial-reynies.fr\/?attachment_id=4503\"},{\"id\":4506,\"title\":\"reynies1\",\"url\":\"https:\/\/ensemble-paroissial-reynies.fr\/wp-content\/uploads\/Cr\u00e8ches\/Cr\u00e8ches_2025\/reynies1-scaled.jpg\",\"link\":\"https:\/\/ensemble-paroissial-reynies.fr\/?attachment_id=4506\",\"alt\":\"\",\"description\":\"\",\"caption\":\"Cr\u00e8che \u00e9glise de Reyni\u00e8s 12\/2025\",\"mime\":\"image\/jpeg\",\"type\":\"image\",\"width\":2560,\"height\":1922,\"sizes\":{\"thumbnail\":{\"height\":150,\"width\":150,\"url\":\"https:\/\/ensemble-paroissial-reynies.fr\/wp-content\/uploads\/Cr\u00e8ches\/Cr\u00e8ches_2025\/reynies1-150x150.jpg\",\"orientation\":\"landscape\"},\"medium\":{\"height\":225,\"width\":300,\"url\":\"https:\/\/ensemble-paroissial-reynies.fr\/wp-content\/uploads\/Cr\u00e8ches\/Cr\u00e8ches_2025\/reynies1-300x225.jpg\",\"orientation\":\"landscape\"},\"large\":{\"height\":769,\"width\":1024,\"url\":\"https:\/\/ensemble-paroissial-reynies.fr\/wp-content\/uploads\/Cr\u00e8ches\/Cr\u00e8ches_2025\/reynies1-1024x769.jpg\",\"orientation\":\"landscape\"},\"full\":{\"url\":\"https:\/\/ensemble-paroissial-reynies.fr\/wp-content\/uploads\/Cr\u00e8ches\/Cr\u00e8ches_2025\/reynies1-scaled.jpg\",\"height\":1922,\"width\":2560,\"orientation\":\"landscape\"}},\"imageMeta\":{\"aperture\":\"3.9\",\"credit\":\"\",\"camera\":\"DMC-G80\",\"caption\":\"\",\"created_timestamp\":\"1766761710\",\"copyright\":\"\",\"focal_length\":\"18\",\"iso\":\"800\",\"shutter_speed\":\"0.125\",\"title\":\"\",\"orientation\":\"1\",\"keywords\":[]},\"meta\":false,\"postlink\":\"https:\/\/ensemble-paroissial-reynies.fr\/?attachment_id=4506\"},{\"id\":4508,\"title\":\"reynies2\",\"url\":\"https:\/\/ensemble-paroissial-reynies.fr\/wp-content\/uploads\/Cr\u00e8ches\/Cr\u00e8ches_2025\/reynies2-scaled.jpg\",\"link\":\"https:\/\/ensemble-paroissial-reynies.fr\/?attachment_id=4508\",\"alt\":\"\",\"description\":\"\",\"caption\":\"Cr\u00e8che \u00e9glise de Reyni\u00e8s 12\/2025\",\"mime\":\"image\/jpeg\",\"type\":\"image\",\"width\":2560,\"height\":1922,\"sizes\":{\"thumbnail\":{\"height\":150,\"width\":150,\"url\":\"https:\/\/ensemble-paroissial-reynies.fr\/wp-content\/uploads\/Cr\u00e8ches\/Cr\u00e8ches_2025\/reynies2-150x150.jpg\",\"orientation\":\"landscape\"},\"medium\":{\"height\":225,\"width\":300,\"url\":\"https:\/\/ensemble-paroissial-reynies.fr\/wp-content\/uploads\/Cr\u00e8ches\/Cr\u00e8ches_2025\/reynies2-300x225.jpg\",\"orientation\":\"landscape\"},\"large\":{\"height\":769,\"width\":1024,\"url\":\"https:\/\/ensemble-paroissial-reynies.fr\/wp-content\/uploads\/Cr\u00e8ches\/Cr\u00e8ches_2025\/reynies2-1024x769.jpg\",\"orientation\":\"landscape\"},\"full\":{\"url\":\"https:\/\/ensemble-paroissial-reynies.fr\/wp-content\/uploads\/Cr\u00e8ches\/Cr\u00e8ches_2025\/reynies2-scaled.jpg\",\"height\":1922,\"width\":2560,\"orientation\":\"landscape\"}},\"imageMeta\":{\"aperture\":\"5.6\",\"credit\":\"\",\"camera\":\"DMC-G80\",\"caption\":\"\",\"created_timestamp\":\"1766761720\",\"copyright\":\"\",\"focal_length\":\"53\",\"iso\":\"1250\",\"shutter_speed\":\"0.125\",\"title\":\"\",\"orientation\":\"1\",\"keywords\":[]},\"meta\":false,\"postlink\":\"https:\/\/ensemble-paroissial-reynies.fr\/?attachment_id=4508\"},{\"id\":4505,\"title\":\"reynies3\",\"url\":\"https:\/\/ensemble-paroissial-reynies.fr\/wp-content\/uploads\/Cr\u00e8ches\/Cr\u00e8ches_2025\/reynies3-scaled.jpg\",\"link\":\"https:\/\/ensemble-paroissial-reynies.fr\/?attachment_id=4505\",\"alt\":\"\",\"description\":\"\",\"caption\":\"Cr\u00e8che \u00e9glise de Reyni\u00e8s 12\/2025\",\"mime\":\"image\/jpeg\",\"type\":\"image\",\"width\":2560,\"height\":1922,\"sizes\":{\"thumbnail\":{\"height\":150,\"width\":150,\"url\":\"https:\/\/ensemble-paroissial-reynies.fr\/wp-content\/uploads\/Cr\u00e8ches\/Cr\u00e8ches_2025\/reynies3-150x150.jpg\",\"orientation\":\"landscape\"},\"medium\":{\"height\":225,\"width\":300,\"url\":\"https:\/\/ensemble-paroissial-reynies.fr\/wp-content\/uploads\/Cr\u00e8ches\/Cr\u00e8ches_2025\/reynies3-300x225.jpg\",\"orientation\":\"landscape\"},\"large\":{\"height\":769,\"width\":1024,\"url\":\"https:\/\/ensemble-paroissial-reynies.fr\/wp-content\/uploads\/Cr\u00e8ches\/Cr\u00e8ches_2025\/reynies3-1024x769.jpg\",\"orientation\":\"landscape\"},\"full\":{\"url\":\"https:\/\/ensemble-paroissial-reynies.fr\/wp-content\/uploads\/Cr\u00e8ches\/Cr\u00e8ches_2025\/reynies3-scaled.jpg\",\"height\":1922,\"width\":2560,\"orientation\":\"landscape\"}},\"imageMeta\":{\"aperture\":\"3.8\",\"credit\":\"\",\"camera\":\"DMC-G80\",\"caption\":\"\",\"created_timestamp\":\"1766761756\",\"copyright\":\"\",\"focal_length\":\"17\",\"iso\":\"800\",\"shutter_speed\":\"0.125\",\"title\":\"\",\"orientation\":\"1\",\"keywords\":[]},\"meta\":false,\"postlink\":\"https:\/\/ensemble-paroissial-reynies.fr\/?attachment_id=4505\"},{\"id\":4507,\"title\":\"reynies4\",\"url\":\"https:\/\/ensemble-paroissial-reynies.fr\/wp-content\/uploads\/Cr\u00e8ches\/Cr\u00e8ches_2025\/reynies4-scaled.jpg\",\"link\":\"https:\/\/ensemble-paroissial-reynies.fr\/?attachment_id=4507\",\"alt\":\"\",\"description\":\"\",\"caption\":\"Cr\u00e8che \u00e9glise de Reyni\u00e8s 12\/2025\",\"mime\":\"image\/jpeg\",\"type\":\"image\",\"width\":2560,\"height\":1922,\"sizes\":{\"thumbnail\":{\"height\":150,\"width\":150,\"url\":\"https:\/\/ensemble-paroissial-reynies.fr\/wp-content\/uploads\/Cr\u00e8ches\/Cr\u00e8ches_2025\/reynies4-150x150.jpg\",\"orientation\":\"landscape\"},\"medium\":{\"height\":225,\"width\":300,\"url\":\"https:\/\/ensemble-paroissial-reynies.fr\/wp-content\/uploads\/Cr\u00e8ches\/Cr\u00e8ches_2025\/reynies4-300x225.jpg\",\"orientation\":\"landscape\"},\"large\":{\"height\":769,\"width\":1024,\"url\":\"https:\/\/ensemble-paroissial-reynies.fr\/wp-content\/uploads\/Cr\u00e8ches\/Cr\u00e8ches_2025\/reynies4-1024x769.jpg\",\"orientation\":\"landscape\"},\"full\":{\"url\":\"https:\/\/ensemble-paroissial-reynies.fr\/wp-content\/uploads\/Cr\u00e8ches\/Cr\u00e8ches_2025\/reynies4-scaled.jpg\",\"height\":1922,\"width\":2560,\"orientation\":\"landscape\"}},\"imageMeta\":{\"aperture\":\"3.5\",\"credit\":\"\",\"camera\":\"DMC-G80\",\"caption\":\"\",\"created_timestamp\":\"1766761814\",\"copyright\":\"\",\"focal_length\":\"12\",\"iso\":\"800\",\"shutter_speed\":\"0.125\",\"title\":\"\",\"orientation\":\"1\",\"keywords\":[]},\"meta\":false,\"postlink\":\"https:\/\/ensemble-paroissial-reynies.fr\/?attachment_id=4507\"},{\"id\":4504,\"title\":\"reynies5\",\"url\":\"https:\/\/ensemble-paroissial-reynies.fr\/wp-content\/uploads\/Cr\u00e8ches\/Cr\u00e8ches_2025\/reynies5-scaled.jpg\",\"link\":\"https:\/\/ensemble-paroissial-reynies.fr\/?attachment_id=4504\",\"alt\":\"\",\"description\":\"\",\"caption\":\"Cr\u00e8che \u00e9glise de Reyni\u00e8s 12\/2025\",\"mime\":\"image\/jpeg\",\"type\":\"image\",\"width\":2560,\"height\":1922,\"sizes\":{\"thumbnail\":{\"height\":150,\"width\":150,\"url\":\"https:\/\/ensemble-paroissial-reynies.fr\/wp-content\/uploads\/Cr\u00e8ches\/Cr\u00e8ches_2025\/reynies5-150x150.jpg\",\"orientation\":\"landscape\"},\"medium\":{\"height\":225,\"width\":300,\"url\":\"https:\/\/ensemble-paroissial-reynies.fr\/wp-content\/uploads\/Cr\u00e8ches\/Cr\u00e8ches_2025\/reynies5-300x225.jpg\",\"orientation\":\"landscape\"},\"large\":{\"height\":769,\"width\":1024,\"url\":\"https:\/\/ensemble-paroissial-reynies.fr\/wp-content\/uploads\/Cr\u00e8ches\/Cr\u00e8ches_2025\/reynies5-1024x769.jpg\",\"orientation\":\"landscape\"},\"full\":{\"url\":\"https:\/\/ensemble-paroissial-reynies.fr\/wp-content\/uploads\/Cr\u00e8ches\/Cr\u00e8ches_2025\/reynies5-scaled.jpg\",\"height\":1922,\"width\":2560,\"orientation\":\"landscape\"}},\"imageMeta\":{\"aperture\":\"3.9\",\"credit\":\"\",\"camera\":\"DMC-G80\",\"caption\":\"\",\"created_timestamp\":\"1766761780\",\"copyright\":\"\",\"focal_length\":\"18\",\"iso\":\"800\",\"shutter_speed\":\"0.125\",\"title\":\"\",\"orientation\":\"1\",\"keywords\":[]},\"meta\":false,\"postlink\":\"https:\/\/ensemble-paroissial-reynies.fr\/?attachment_id=4504\"},{\"id\":4438,\"title\":\"Varennes1\",\"url\":\"https:\/\/ensemble-paroissial-reynies.fr\/wp-content\/uploads\/Cr\u00e8ches\/Cr\u00e8ches_2025\/20251212_093903-scaled.jpg\",\"link\":\"https:\/\/ensemble-paroissial-reynies.fr\/?attachment_id=4438\",\"alt\":\"\",\"description\":\"\",\"caption\":\"Cr\u00e8che \u00e9glise de Varennes 12\/2025\",\"mime\":\"image\/jpeg\",\"type\":\"image\",\"width\":1920,\"height\":2560,\"sizes\":{\"thumbnail\":{\"height\":150,\"width\":150,\"url\":\"https:\/\/ensemble-paroissial-reynies.fr\/wp-content\/uploads\/Cr\u00e8ches\/Cr\u00e8ches_2025\/20251212_093903-150x150.jpg\",\"orientation\":\"landscape\"},\"medium\":{\"height\":300,\"width\":225,\"url\":\"https:\/\/ensemble-paroissial-reynies.fr\/wp-content\/uploads\/Cr\u00e8ches\/Cr\u00e8ches_2025\/20251212_093903-225x300.jpg\",\"orientation\":\"portrait\"},\"large\":{\"height\":1024,\"width\":768,\"url\":\"https:\/\/ensemble-paroissial-reynies.fr\/wp-content\/uploads\/Cr\u00e8ches\/Cr\u00e8ches_2025\/20251212_093903-768x1024.jpg\",\"orientation\":\"portrait\"},\"full\":{\"url\":\"https:\/\/ensemble-paroissial-reynies.fr\/wp-content\/uploads\/Cr\u00e8ches\/Cr\u00e8ches_2025\/20251212_093903-scaled.jpg\",\"height\":2560,\"width\":1920,\"orientation\":\"portrait\"}},\"imageMeta\":{\"aperture\":\"1.9\",\"credit\":\"\",\"camera\":\"SM-A202F\",\"caption\":\"\",\"created_timestamp\":\"1765532343\",\"copyright\":\"\",\"focal_length\":\"3.6\",\"iso\":\"1000\",\"shutter_speed\":\"0.05\",\"title\":\"\",\"orientation\":1,\"keywords\":[]},\"meta\":false,\"postlink\":\"https:\/\/ensemble-paroissial-reynies.fr\/?attachment_id=4438\"}],\"orderBy\":\"caption\",\"shareFacebook\":false,\"shareTwitter\":false,\"sharePinterest\":false,\"shareCopyLink\":false,\"sliderItemTitleFontSize\":25,\"sliderSlideshowAutoStart\":true,\"itemsMetaDataCollection\":[]}<\/script><script>(function(){if(window.PGC_SGB && window.PGC_SGB.searcher){window.PGC_SGB.searcher.initBlocks()}})()<\/script><\/div>","protected":false},"excerpt":{"rendered":"<p>Comme chaque ann\u00e9e, d\u00e8s le d\u00e9but de l\u2019Avent, dans chacune de nos \u00e9glises des b\u00e9n\u00e9voles installent une cr\u00e8che.Elles sont le plus souvent simple mais elles marquent l&rsquo;attachement profond des paroissiens aux traditions et l&rsquo;importance pour eux de marquer l&rsquo;attente de la venue du Christ sur terre.En effet le berceau o\u00f9 repose le santon repr\u00e9sentant le &#8230; <a title=\"Les cr\u00e8ches de nos \u00e9glises &#8211; D\u00e9cembre 2025\" class=\"read-more\" href=\"https:\/\/ensemble-paroissial-reynies.fr\/?p=4410\" aria-label=\"En savoir plus sur Les cr\u00e8ches de nos \u00e9glises &#8211; D\u00e9cembre 2025\">Lire la suite<\/a><\/p>\n","protected":false},"author":4,"featured_media":2549,"comment_status":"closed","ping_status":"closed","sticky":false,"template":"","format":"standard","meta":{"_eb_attr":"","pgc_sgb_lightbox_settings":"","footnotes":""},"categories":[46,42],"tags":[],"class_list":["post-4410","post","type-post","status-publish","format-standard","has-post-thumbnail","hentry","category-46","category-archives"],"yoast_head":"<!-- This site is optimized with the Yoast SEO plugin v27.5 - https:\/\/yoast.com\/product\/yoast-seo-wordpress\/ -->\n<title>Les cr\u00e8ches de nos \u00e9glises - D\u00e9cembre 2025 - Ensemble paroissial de Reyni\u00e8s<\/title>\n<meta name=\"description\" content=\"Ensemble paroissial de Reyni\u00e8s - Ensemble paroissial de Reyni\u00e8s Archives\" \/>\n<meta name=\"robots\" content=\"index, follow, max-snippet:-1, max-image-preview:large, max-video-preview:-1\" \/>\n<link rel=\"canonical\" href=\"https:\/\/ensemble-paroissial-reynies.fr\/?p=4410\" \/>\n<meta property=\"og:locale\" content=\"fr_FR\" \/>\n<meta property=\"og:type\" content=\"article\" \/>\n<meta property=\"og:title\" content=\"Les cr\u00e8ches de nos \u00e9glises - D\u00e9cembre 2025 - Ensemble paroissial de Reyni\u00e8s\" \/>\n<meta property=\"og:description\" content=\"Ensemble paroissial de Reyni\u00e8s - Ensemble paroissial de Reyni\u00e8s Archives\" \/>\n<meta property=\"og:url\" content=\"https:\/\/ensemble-paroissial-reynies.fr\/?p=4410\" \/>\n<meta property=\"og:site_name\" content=\"Ensemble paroissial de Reyni\u00e8s\" \/>\n<meta property=\"article:published_time\" content=\"2026-01-04T16:24:11+00:00\" \/>\n<meta property=\"article:modified_time\" content=\"2026-02-12T16:40:42+00:00\" \/>\n<meta property=\"og:image\" content=\"https:\/\/ensemble-paroissial-reynies.fr\/wp-content\/uploads\/images\/icones\/creche7.gif\" \/>\n\t<meta property=\"og:image:width\" content=\"257\" \/>\n\t<meta property=\"og:image:height\" content=\"166\" \/>\n\t<meta property=\"og:image:type\" content=\"image\/gif\" \/>\n<meta name=\"author\" content=\"EPReynies\" \/>\n<meta name=\"twitter:card\" content=\"summary_large_image\" \/>\n<meta name=\"twitter:label1\" content=\"\u00c9crit par\" \/>\n\t<meta name=\"twitter:data1\" content=\"EPReynies\" \/>\n\t<meta name=\"twitter:label2\" content=\"Dur\u00e9e de lecture estim\u00e9e\" \/>\n\t<meta name=\"twitter:data2\" content=\"8 minutes\" \/>\n<script type=\"application\/ld+json\" class=\"yoast-schema-graph\">{\"@context\":\"https:\\\/\\\/schema.org\",\"@graph\":[{\"@type\":\"Article\",\"@id\":\"https:\\\/\\\/ensemble-paroissial-reynies.fr\\\/?p=4410#article\",\"isPartOf\":{\"@id\":\"https:\\\/\\\/ensemble-paroissial-reynies.fr\\\/?p=4410\"},\"author\":{\"name\":\"EPReynies\",\"@id\":\"https:\\\/\\\/ensemble-paroissial-reynies.fr\\\/#\\\/schema\\\/person\\\/46c7e7974e9f828d02f6be5ac1666b37\"},\"headline\":\"Les cr\u00e8ches de nos \u00e9glises &#8211; D\u00e9cembre 2025\",\"datePublished\":\"2026-01-04T16:24:11+00:00\",\"dateModified\":\"2026-02-12T16:40:42+00:00\",\"mainEntityOfPage\":{\"@id\":\"https:\\\/\\\/ensemble-paroissial-reynies.fr\\\/?p=4410\"},\"wordCount\":329,\"publisher\":{\"@id\":\"https:\\\/\\\/ensemble-paroissial-reynies.fr\\\/#organization\"},\"image\":{\"@id\":\"https:\\\/\\\/ensemble-paroissial-reynies.fr\\\/?p=4410#primaryimage\"},\"thumbnailUrl\":\"https:\\\/\\\/ensemble-paroissial-reynies.fr\\\/wp-content\\\/uploads\\\/images\\\/icones\\\/creche7.gif\",\"articleSection\":[\"2025\",\"Archives\"],\"inLanguage\":\"fr-FR\"},{\"@type\":\"WebPage\",\"@id\":\"https:\\\/\\\/ensemble-paroissial-reynies.fr\\\/?p=4410\",\"url\":\"https:\\\/\\\/ensemble-paroissial-reynies.fr\\\/?p=4410\",\"name\":\"Les cr\u00e8ches de nos \u00e9glises - D\u00e9cembre 2025 - Ensemble paroissial de Reyni\u00e8s\",\"isPartOf\":{\"@id\":\"https:\\\/\\\/ensemble-paroissial-reynies.fr\\\/#website\"},\"primaryImageOfPage\":{\"@id\":\"https:\\\/\\\/ensemble-paroissial-reynies.fr\\\/?p=4410#primaryimage\"},\"image\":{\"@id\":\"https:\\\/\\\/ensemble-paroissial-reynies.fr\\\/?p=4410#primaryimage\"},\"thumbnailUrl\":\"https:\\\/\\\/ensemble-paroissial-reynies.fr\\\/wp-content\\\/uploads\\\/images\\\/icones\\\/creche7.gif\",\"datePublished\":\"2026-01-04T16:24:11+00:00\",\"dateModified\":\"2026-02-12T16:40:42+00:00\",\"description\":\"Ensemble paroissial de Reyni\u00e8s - Ensemble paroissial de Reyni\u00e8s Archives\",\"breadcrumb\":{\"@id\":\"https:\\\/\\\/ensemble-paroissial-reynies.fr\\\/?p=4410#breadcrumb\"},\"inLanguage\":\"fr-FR\",\"potentialAction\":[{\"@type\":\"ReadAction\",\"target\":[\"https:\\\/\\\/ensemble-paroissial-reynies.fr\\\/?p=4410\"]}]},{\"@type\":\"ImageObject\",\"inLanguage\":\"fr-FR\",\"@id\":\"https:\\\/\\\/ensemble-paroissial-reynies.fr\\\/?p=4410#primaryimage\",\"url\":\"https:\\\/\\\/ensemble-paroissial-reynies.fr\\\/wp-content\\\/uploads\\\/images\\\/icones\\\/creche7.gif\",\"contentUrl\":\"https:\\\/\\\/ensemble-paroissial-reynies.fr\\\/wp-content\\\/uploads\\\/images\\\/icones\\\/creche7.gif\",\"width\":257,\"height\":166},{\"@type\":\"BreadcrumbList\",\"@id\":\"https:\\\/\\\/ensemble-paroissial-reynies.fr\\\/?p=4410#breadcrumb\",\"itemListElement\":[{\"@type\":\"ListItem\",\"position\":1,\"name\":\"Home\",\"item\":\"https:\\\/\\\/ensemble-paroissial-reynies.fr\\\/\"},{\"@type\":\"ListItem\",\"position\":2,\"name\":\"Les cr\u00e8ches de nos \u00e9glises &#8211; D\u00e9cembre 2025\"}]},{\"@type\":\"WebSite\",\"@id\":\"https:\\\/\\\/ensemble-paroissial-reynies.fr\\\/#website\",\"url\":\"https:\\\/\\\/ensemble-paroissial-reynies.fr\\\/\",\"name\":\"Ensemble paroissial de Reyni\u00e8s\",\"description\":\"\",\"publisher\":{\"@id\":\"https:\\\/\\\/ensemble-paroissial-reynies.fr\\\/#organization\"},\"alternateName\":\"EPReyni\u00e8s\",\"potentialAction\":[{\"@type\":\"SearchAction\",\"target\":{\"@type\":\"EntryPoint\",\"urlTemplate\":\"https:\\\/\\\/ensemble-paroissial-reynies.fr\\\/?s={search_term_string}\"},\"query-input\":{\"@type\":\"PropertyValueSpecification\",\"valueRequired\":true,\"valueName\":\"search_term_string\"}}],\"inLanguage\":\"fr-FR\"},{\"@type\":\"Organization\",\"@id\":\"https:\\\/\\\/ensemble-paroissial-reynies.fr\\\/#organization\",\"name\":\"Ensemble paroissial de Reyni\u00e8s\",\"alternateName\":\"EPReyni\u00e8s\",\"url\":\"https:\\\/\\\/ensemble-paroissial-reynies.fr\\\/\",\"logo\":{\"@type\":\"ImageObject\",\"inLanguage\":\"fr-FR\",\"@id\":\"https:\\\/\\\/ensemble-paroissial-reynies.fr\\\/#\\\/schema\\\/logo\\\/image\\\/\",\"url\":\"https:\\\/\\\/ensemble-paroissial-reynies.fr\\\/wp-content\\\/uploads\\\/paroisse\\\/nouveau-logo-catechisme-paroisse-07-2023.jpg\",\"contentUrl\":\"https:\\\/\\\/ensemble-paroissial-reynies.fr\\\/wp-content\\\/uploads\\\/paroisse\\\/nouveau-logo-catechisme-paroisse-07-2023.jpg\",\"width\":666,\"height\":698,\"caption\":\"Ensemble paroissial de Reyni\u00e8s\"},\"image\":{\"@id\":\"https:\\\/\\\/ensemble-paroissial-reynies.fr\\\/#\\\/schema\\\/logo\\\/image\\\/\"}},{\"@type\":\"Person\",\"@id\":\"https:\\\/\\\/ensemble-paroissial-reynies.fr\\\/#\\\/schema\\\/person\\\/46c7e7974e9f828d02f6be5ac1666b37\",\"name\":\"EPReynies\",\"image\":{\"@type\":\"ImageObject\",\"inLanguage\":\"fr-FR\",\"@id\":\"https:\\\/\\\/secure.gravatar.com\\\/avatar\\\/6dcd7e2b49dcfc27cdc55e7d20c9706f198fa864c3c3d0c24d623e816b42e382?s=96&d=mm&r=g\",\"url\":\"https:\\\/\\\/secure.gravatar.com\\\/avatar\\\/6dcd7e2b49dcfc27cdc55e7d20c9706f198fa864c3c3d0c24d623e816b42e382?s=96&d=mm&r=g\",\"contentUrl\":\"https:\\\/\\\/secure.gravatar.com\\\/avatar\\\/6dcd7e2b49dcfc27cdc55e7d20c9706f198fa864c3c3d0c24d623e816b42e382?s=96&d=mm&r=g\",\"caption\":\"EPReynies\"},\"url\":\"https:\\\/\\\/ensemble-paroissial-reynies.fr\\\/?author=4\"}]}<\/script>\n<!-- \/ Yoast SEO plugin. -->","yoast_head_json":{"title":"Les cr\u00e8ches de nos \u00e9glises - D\u00e9cembre 2025 - Ensemble paroissial de Reyni\u00e8s","description":"Ensemble paroissial de Reyni\u00e8s - Ensemble paroissial de Reyni\u00e8s Archives","robots":{"index":"index","follow":"follow","max-snippet":"max-snippet:-1","max-image-preview":"max-image-preview:large","max-video-preview":"max-video-preview:-1"},"canonical":"https:\/\/ensemble-paroissial-reynies.fr\/?p=4410","og_locale":"fr_FR","og_type":"article","og_title":"Les cr\u00e8ches de nos \u00e9glises - D\u00e9cembre 2025 - Ensemble paroissial de Reyni\u00e8s","og_description":"Ensemble paroissial de Reyni\u00e8s - Ensemble paroissial de Reyni\u00e8s Archives","og_url":"https:\/\/ensemble-paroissial-reynies.fr\/?p=4410","og_site_name":"Ensemble paroissial de Reyni\u00e8s","article_published_time":"2026-01-04T16:24:11+00:00","article_modified_time":"2026-02-12T16:40:42+00:00","og_image":[{"width":257,"height":166,"url":"https:\/\/ensemble-paroissial-reynies.fr\/wp-content\/uploads\/images\/icones\/creche7.gif","type":"image\/gif"}],"author":"EPReynies","twitter_card":"summary_large_image","twitter_misc":{"\u00c9crit par":"EPReynies","Dur\u00e9e de lecture estim\u00e9e":"8 minutes"},"schema":{"@context":"https:\/\/schema.org","@graph":[{"@type":"Article","@id":"https:\/\/ensemble-paroissial-reynies.fr\/?p=4410#article","isPartOf":{"@id":"https:\/\/ensemble-paroissial-reynies.fr\/?p=4410"},"author":{"name":"EPReynies","@id":"https:\/\/ensemble-paroissial-reynies.fr\/#\/schema\/person\/46c7e7974e9f828d02f6be5ac1666b37"},"headline":"Les cr\u00e8ches de nos \u00e9glises &#8211; D\u00e9cembre 2025","datePublished":"2026-01-04T16:24:11+00:00","dateModified":"2026-02-12T16:40:42+00:00","mainEntityOfPage":{"@id":"https:\/\/ensemble-paroissial-reynies.fr\/?p=4410"},"wordCount":329,"publisher":{"@id":"https:\/\/ensemble-paroissial-reynies.fr\/#organization"},"image":{"@id":"https:\/\/ensemble-paroissial-reynies.fr\/?p=4410#primaryimage"},"thumbnailUrl":"https:\/\/ensemble-paroissial-reynies.fr\/wp-content\/uploads\/images\/icones\/creche7.gif","articleSection":["2025","Archives"],"inLanguage":"fr-FR"},{"@type":"WebPage","@id":"https:\/\/ensemble-paroissial-reynies.fr\/?p=4410","url":"https:\/\/ensemble-paroissial-reynies.fr\/?p=4410","name":"Les cr\u00e8ches de nos \u00e9glises - D\u00e9cembre 2025 - Ensemble paroissial de Reyni\u00e8s","isPartOf":{"@id":"https:\/\/ensemble-paroissial-reynies.fr\/#website"},"primaryImageOfPage":{"@id":"https:\/\/ensemble-paroissial-reynies.fr\/?p=4410#primaryimage"},"image":{"@id":"https:\/\/ensemble-paroissial-reynies.fr\/?p=4410#primaryimage"},"thumbnailUrl":"https:\/\/ensemble-paroissial-reynies.fr\/wp-content\/uploads\/images\/icones\/creche7.gif","datePublished":"2026-01-04T16:24:11+00:00","dateModified":"2026-02-12T16:40:42+00:00","description":"Ensemble paroissial de Reyni\u00e8s - Ensemble paroissial de Reyni\u00e8s Archives","breadcrumb":{"@id":"https:\/\/ensemble-paroissial-reynies.fr\/?p=4410#breadcrumb"},"inLanguage":"fr-FR","potentialAction":[{"@type":"ReadAction","target":["https:\/\/ensemble-paroissial-reynies.fr\/?p=4410"]}]},{"@type":"ImageObject","inLanguage":"fr-FR","@id":"https:\/\/ensemble-paroissial-reynies.fr\/?p=4410#primaryimage","url":"https:\/\/ensemble-paroissial-reynies.fr\/wp-content\/uploads\/images\/icones\/creche7.gif","contentUrl":"https:\/\/ensemble-paroissial-reynies.fr\/wp-content\/uploads\/images\/icones\/creche7.gif","width":257,"height":166},{"@type":"BreadcrumbList","@id":"https:\/\/ensemble-paroissial-reynies.fr\/?p=4410#breadcrumb","itemListElement":[{"@type":"ListItem","position":1,"name":"Home","item":"https:\/\/ensemble-paroissial-reynies.fr\/"},{"@type":"ListItem","position":2,"name":"Les cr\u00e8ches de nos \u00e9glises &#8211; D\u00e9cembre 2025"}]},{"@type":"WebSite","@id":"https:\/\/ensemble-paroissial-reynies.fr\/#website","url":"https:\/\/ensemble-paroissial-reynies.fr\/","name":"Ensemble paroissial de Reyni\u00e8s","description":"","publisher":{"@id":"https:\/\/ensemble-paroissial-reynies.fr\/#organization"},"alternateName":"EPReyni\u00e8s","potentialAction":[{"@type":"SearchAction","target":{"@type":"EntryPoint","urlTemplate":"https:\/\/ensemble-paroissial-reynies.fr\/?s={search_term_string}"},"query-input":{"@type":"PropertyValueSpecification","valueRequired":true,"valueName":"search_term_string"}}],"inLanguage":"fr-FR"},{"@type":"Organization","@id":"https:\/\/ensemble-paroissial-reynies.fr\/#organization","name":"Ensemble paroissial de Reyni\u00e8s","alternateName":"EPReyni\u00e8s","url":"https:\/\/ensemble-paroissial-reynies.fr\/","logo":{"@type":"ImageObject","inLanguage":"fr-FR","@id":"https:\/\/ensemble-paroissial-reynies.fr\/#\/schema\/logo\/image\/","url":"https:\/\/ensemble-paroissial-reynies.fr\/wp-content\/uploads\/paroisse\/nouveau-logo-catechisme-paroisse-07-2023.jpg","contentUrl":"https:\/\/ensemble-paroissial-reynies.fr\/wp-content\/uploads\/paroisse\/nouveau-logo-catechisme-paroisse-07-2023.jpg","width":666,"height":698,"caption":"Ensemble paroissial de Reyni\u00e8s"},"image":{"@id":"https:\/\/ensemble-paroissial-reynies.fr\/#\/schema\/logo\/image\/"}},{"@type":"Person","@id":"https:\/\/ensemble-paroissial-reynies.fr\/#\/schema\/person\/46c7e7974e9f828d02f6be5ac1666b37","name":"EPReynies","image":{"@type":"ImageObject","inLanguage":"fr-FR","@id":"https:\/\/secure.gravatar.com\/avatar\/6dcd7e2b49dcfc27cdc55e7d20c9706f198fa864c3c3d0c24d623e816b42e382?s=96&d=mm&r=g","url":"https:\/\/secure.gravatar.com\/avatar\/6dcd7e2b49dcfc27cdc55e7d20c9706f198fa864c3c3d0c24d623e816b42e382?s=96&d=mm&r=g","contentUrl":"https:\/\/secure.gravatar.com\/avatar\/6dcd7e2b49dcfc27cdc55e7d20c9706f198fa864c3c3d0c24d623e816b42e382?s=96&d=mm&r=g","caption":"EPReynies"},"url":"https:\/\/ensemble-paroissial-reynies.fr\/?author=4"}]}},"featured_image_src":"https:\/\/ensemble-paroissial-reynies.fr\/wp-content\/uploads\/images\/icones\/creche7.gif","featured_image_src_square":"https:\/\/ensemble-paroissial-reynies.fr\/wp-content\/uploads\/images\/icones\/creche7.gif","author_info":{"display_name":"EPReynies","author_link":"https:\/\/ensemble-paroissial-reynies.fr\/?author=4"},"_links":{"self":[{"href":"https:\/\/ensemble-paroissial-reynies.fr\/index.php?rest_route=\/wp\/v2\/posts\/4410","targetHints":{"allow":["GET"]}}],"collection":[{"href":"https:\/\/ensemble-paroissial-reynies.fr\/index.php?rest_route=\/wp\/v2\/posts"}],"about":[{"href":"https:\/\/ensemble-paroissial-reynies.fr\/index.php?rest_route=\/wp\/v2\/types\/post"}],"author":[{"embeddable":true,"href":"https:\/\/ensemble-paroissial-reynies.fr\/index.php?rest_route=\/wp\/v2\/users\/4"}],"replies":[{"embeddable":true,"href":"https:\/\/ensemble-paroissial-reynies.fr\/index.php?rest_route=%2Fwp%2Fv2%2Fcomments&post=4410"}],"version-history":[{"count":0,"href":"https:\/\/ensemble-paroissial-reynies.fr\/index.php?rest_route=\/wp\/v2\/posts\/4410\/revisions"}],"wp:featuredmedia":[{"embeddable":true,"href":"https:\/\/ensemble-paroissial-reynies.fr\/index.php?rest_route=\/wp\/v2\/media\/2549"}],"wp:attachment":[{"href":"https:\/\/ensemble-paroissial-reynies.fr\/index.php?rest_route=%2Fwp%2Fv2%2Fmedia&parent=4410"}],"wp:term":[{"taxonomy":"category","embeddable":true,"href":"https:\/\/ensemble-paroissial-reynies.fr\/index.php?rest_route=%2Fwp%2Fv2%2Fcategories&post=4410"},{"taxonomy":"post_tag","embeddable":true,"href":"https:\/\/ensemble-paroissial-reynies.fr\/index.php?rest_route=%2Fwp%2Fv2%2Ftags&post=4410"}],"curies":[{"name":"wp","href":"https:\/\/api.w.org\/{rel}","templated":true}]}}