{"id":4023,"date":"2025-07-14T00:19:48","date_gmt":"2025-07-13T22:19:48","guid":{"rendered":"https:\/\/ensemble-paroissial-reynies.fr\/?p=4023"},"modified":"2025-09-26T12:59:39","modified_gmt":"2025-09-26T10:59:39","slug":"messe-de-reouverture-de-leglise-saint-saturnin-de-nohic","status":"publish","type":"post","link":"https:\/\/ensemble-paroissial-reynies.fr\/?p=4023","title":{"rendered":"Messe de r\u00e9ouverture de l&rsquo;\u00e9glise Saint-Saturnin de Nohic"},"content":{"rendered":"\n<p>En juin 2019 un examen approfondi des vo\u00fbtes de l&rsquo;\u00e9glise Saint-Saturnin de Nohic r\u00e9alis\u00e9 \u00e0 la demande de la municipalit\u00e9 avait montr\u00e9 un risque important d\u2019effondrement et avait n\u00e9cessit\u00e9 la fermeture de l\u2019\u00e9glise au public. La municipalit\u00e9 s\u2019est mobilis\u00e9e pour trouver les financements n\u00e9cessaires \u00e0 la remise en \u00e9tat de l\u2019\u00e9glise. Les cloches ont pu recommencer \u00e0 sonner en f\u00e9vrier 2025, les travaux principaux \u00e9tant termin\u00e9s. L\u2019\u00e9glise a \u00e9t\u00e9 rouverte en juillet 2025 et Monseigneur Guellec, \u00c9v\u00eaque du dioc\u00e8se de Montauban, a c\u00e9l\u00e9br\u00e9 la Messe de r\u00e9ouverture le dimanche 13 juillet 2025 \u00e0 11h00. <\/p>\n\n\n\n<p class=\"has-small-font-size\"><em>(chaque photo peut \u00eatre agrandie en cliquant dessus)<\/em><\/p>\n\n\n\n<p>Dimanche 13 juillet, le temps est beau, pas trop chaud. Les emplacements de parking autour de l&rsquo;\u00e9glise commencent \u00e0 se remplir.<\/p>\n\n\n\n<p>Quand on s&rsquo;approche de l&rsquo;\u00e9glise, apr\u00e8s avoir pu admirer l&rsquo;ext\u00e9rieur parfaitement restaur\u00e9, le regard est attir\u00e9 par le corbillard ancien qui a \u00e9t\u00e9 sorti de sa remise et restaur\u00e9.<\/p>\n\n\n\n<figure class=\"wp-block-gallery has-nested-images columns-default wp-block-gallery-1 is-layout-flex wp-block-gallery-is-layout-flex\">\n<figure class=\"wp-block-image size-full\"><a href=\"https:\/\/ensemble-paroissial-reynies.fr\/wp-content\/uploads\/evenements\/reouverture-eglise-nohic-2025-07-13\/P1010208-scaled.jpg\"><img loading=\"lazy\" decoding=\"async\" width=\"2560\" height=\"1922\" data-id=\"4028\" src=\"https:\/\/ensemble-paroissial-reynies.fr\/wp-content\/uploads\/evenements\/reouverture-eglise-nohic-2025-07-13\/P1010208-scaled.jpg\" alt=\"\" class=\"wp-image-4028\" srcset=\"https:\/\/ensemble-paroissial-reynies.fr\/wp-content\/uploads\/evenements\/reouverture-eglise-nohic-2025-07-13\/P1010208-scaled.jpg 2560w, https:\/\/ensemble-paroissial-reynies.fr\/wp-content\/uploads\/evenements\/reouverture-eglise-nohic-2025-07-13\/P1010208-300x225.jpg 300w, https:\/\/ensemble-paroissial-reynies.fr\/wp-content\/uploads\/evenements\/reouverture-eglise-nohic-2025-07-13\/P1010208-1024x769.jpg 1024w, https:\/\/ensemble-paroissial-reynies.fr\/wp-content\/uploads\/evenements\/reouverture-eglise-nohic-2025-07-13\/P1010208-768x577.jpg 768w, https:\/\/ensemble-paroissial-reynies.fr\/wp-content\/uploads\/evenements\/reouverture-eglise-nohic-2025-07-13\/P1010208-1536x1153.jpg 1536w, https:\/\/ensemble-paroissial-reynies.fr\/wp-content\/uploads\/evenements\/reouverture-eglise-nohic-2025-07-13\/P1010208-2048x1538.jpg 2048w\" sizes=\"auto, (max-width: 2560px) 100vw, 2560px\" \/><\/a><\/figure>\n\n\n\n<figure class=\"wp-block-image size-full\"><a href=\"https:\/\/ensemble-paroissial-reynies.fr\/wp-content\/uploads\/evenements\/reouverture-eglise-nohic-2025-07-13\/P1010205-scaled.jpg\"><img loading=\"lazy\" decoding=\"async\" width=\"2560\" height=\"1922\" data-id=\"4027\" src=\"https:\/\/ensemble-paroissial-reynies.fr\/wp-content\/uploads\/evenements\/reouverture-eglise-nohic-2025-07-13\/P1010205-scaled.jpg\" alt=\"\" class=\"wp-image-4027\" srcset=\"https:\/\/ensemble-paroissial-reynies.fr\/wp-content\/uploads\/evenements\/reouverture-eglise-nohic-2025-07-13\/P1010205-scaled.jpg 2560w, https:\/\/ensemble-paroissial-reynies.fr\/wp-content\/uploads\/evenements\/reouverture-eglise-nohic-2025-07-13\/P1010205-300x225.jpg 300w, https:\/\/ensemble-paroissial-reynies.fr\/wp-content\/uploads\/evenements\/reouverture-eglise-nohic-2025-07-13\/P1010205-1024x769.jpg 1024w, https:\/\/ensemble-paroissial-reynies.fr\/wp-content\/uploads\/evenements\/reouverture-eglise-nohic-2025-07-13\/P1010205-768x577.jpg 768w, https:\/\/ensemble-paroissial-reynies.fr\/wp-content\/uploads\/evenements\/reouverture-eglise-nohic-2025-07-13\/P1010205-1536x1153.jpg 1536w, https:\/\/ensemble-paroissial-reynies.fr\/wp-content\/uploads\/evenements\/reouverture-eglise-nohic-2025-07-13\/P1010205-2048x1538.jpg 2048w\" sizes=\"auto, (max-width: 2560px) 100vw, 2560px\" \/><\/a><\/figure>\n<\/figure>\n\n\n\n<div style=\"height:35px\" aria-hidden=\"true\" class=\"wp-block-spacer\"><\/div>\n\n\n\n<p>Aujourd&rsquo;hui au cours de la Messe deux bapt\u00eames vont \u00eatre c\u00e9l\u00e9br\u00e9s. L&rsquo;\u00e9glise est un point central de la vie, nous franchissons la porte de l&rsquo;\u00e9glise pour la premi\u00e8re fois le jour de notre bapt\u00eame, ensuite nous rentrons dans l&rsquo;\u00e9glise pour prier et pour participer aux Messes et, quand l&rsquo;heure est venu de rejoindre la maison du P\u00e8re, nous entrons une derni\u00e8re fois dans l&rsquo;\u00e9glise, ce corbillard a conduit beaucoup de Nohicois vers leur derni\u00e8re demeure, prions pour eux.<\/p>\n\n\n\n<p>10h45, tout se met en place, les paroissiens commencent \u00e0 remplir l&rsquo;\u00e9glise, Monsieur Bernard Doat, Maire de Nohic, accueille devant la porte de l&rsquo;\u00e9glise.<\/p>\n\n\n\n<figure class=\"wp-block-gallery has-nested-images columns-4 wp-block-gallery-2 is-layout-flex wp-block-gallery-is-layout-flex\">\n<figure class=\"wp-block-image size-large\"><a href=\"https:\/\/ensemble-paroissial-reynies.fr\/wp-content\/uploads\/evenements\/reouverture-eglise-nohic-2025-07-13\/P1010201-scaled.jpg\"><img loading=\"lazy\" decoding=\"async\" width=\"1024\" height=\"769\" data-id=\"3965\" src=\"https:\/\/ensemble-paroissial-reynies.fr\/wp-content\/uploads\/evenements\/reouverture-eglise-nohic-2025-07-13\/P1010201-1024x769.jpg\" alt=\"\" class=\"wp-image-3965\" srcset=\"https:\/\/ensemble-paroissial-reynies.fr\/wp-content\/uploads\/evenements\/reouverture-eglise-nohic-2025-07-13\/P1010201-1024x769.jpg 1024w, https:\/\/ensemble-paroissial-reynies.fr\/wp-content\/uploads\/evenements\/reouverture-eglise-nohic-2025-07-13\/P1010201-300x225.jpg 300w, https:\/\/ensemble-paroissial-reynies.fr\/wp-content\/uploads\/evenements\/reouverture-eglise-nohic-2025-07-13\/P1010201-768x577.jpg 768w, https:\/\/ensemble-paroissial-reynies.fr\/wp-content\/uploads\/evenements\/reouverture-eglise-nohic-2025-07-13\/P1010201-1536x1153.jpg 1536w, https:\/\/ensemble-paroissial-reynies.fr\/wp-content\/uploads\/evenements\/reouverture-eglise-nohic-2025-07-13\/P1010201-2048x1538.jpg 2048w\" sizes=\"auto, (max-width: 1024px) 100vw, 1024px\" \/><\/a><\/figure>\n\n\n\n<figure class=\"wp-block-image size-large\"><a href=\"https:\/\/ensemble-paroissial-reynies.fr\/wp-content\/uploads\/evenements\/reouverture-eglise-nohic-2025-07-13\/P1010202-scaled.jpg\"><img loading=\"lazy\" decoding=\"async\" width=\"1024\" height=\"769\" data-id=\"3966\" src=\"https:\/\/ensemble-paroissial-reynies.fr\/wp-content\/uploads\/evenements\/reouverture-eglise-nohic-2025-07-13\/P1010202-1024x769.jpg\" alt=\"\" class=\"wp-image-3966\" srcset=\"https:\/\/ensemble-paroissial-reynies.fr\/wp-content\/uploads\/evenements\/reouverture-eglise-nohic-2025-07-13\/P1010202-1024x769.jpg 1024w, https:\/\/ensemble-paroissial-reynies.fr\/wp-content\/uploads\/evenements\/reouverture-eglise-nohic-2025-07-13\/P1010202-300x225.jpg 300w, https:\/\/ensemble-paroissial-reynies.fr\/wp-content\/uploads\/evenements\/reouverture-eglise-nohic-2025-07-13\/P1010202-768x577.jpg 768w, https:\/\/ensemble-paroissial-reynies.fr\/wp-content\/uploads\/evenements\/reouverture-eglise-nohic-2025-07-13\/P1010202-1536x1153.jpg 1536w, https:\/\/ensemble-paroissial-reynies.fr\/wp-content\/uploads\/evenements\/reouverture-eglise-nohic-2025-07-13\/P1010202-2048x1538.jpg 2048w\" sizes=\"auto, (max-width: 1024px) 100vw, 1024px\" \/><\/a><\/figure>\n\n\n\n<figure class=\"wp-block-image size-large\"><a href=\"https:\/\/ensemble-paroissial-reynies.fr\/wp-content\/uploads\/evenements\/reouverture-eglise-nohic-2025-07-13\/P1010206-scaled.jpg\"><img loading=\"lazy\" decoding=\"async\" width=\"1024\" height=\"769\" data-id=\"3967\" src=\"https:\/\/ensemble-paroissial-reynies.fr\/wp-content\/uploads\/evenements\/reouverture-eglise-nohic-2025-07-13\/P1010206-1024x769.jpg\" alt=\"\" class=\"wp-image-3967\" srcset=\"https:\/\/ensemble-paroissial-reynies.fr\/wp-content\/uploads\/evenements\/reouverture-eglise-nohic-2025-07-13\/P1010206-1024x769.jpg 1024w, https:\/\/ensemble-paroissial-reynies.fr\/wp-content\/uploads\/evenements\/reouverture-eglise-nohic-2025-07-13\/P1010206-300x225.jpg 300w, https:\/\/ensemble-paroissial-reynies.fr\/wp-content\/uploads\/evenements\/reouverture-eglise-nohic-2025-07-13\/P1010206-768x577.jpg 768w, https:\/\/ensemble-paroissial-reynies.fr\/wp-content\/uploads\/evenements\/reouverture-eglise-nohic-2025-07-13\/P1010206-1536x1153.jpg 1536w, https:\/\/ensemble-paroissial-reynies.fr\/wp-content\/uploads\/evenements\/reouverture-eglise-nohic-2025-07-13\/P1010206-2048x1538.jpg 2048w\" sizes=\"auto, (max-width: 1024px) 100vw, 1024px\" \/><\/a><\/figure>\n<\/figure>\n\n\n\n<div style=\"height:35px\" aria-hidden=\"true\" class=\"wp-block-spacer\"><\/div>\n\n\n\n<p>Bient\u00f4t 11h00, l&rsquo;\u00e9glise continue de se remplir, la chorale est pr\u00eate.<\/p>\n\n\n\n<figure class=\"wp-block-gallery has-nested-images columns-default wp-block-gallery-3 is-layout-flex wp-block-gallery-is-layout-flex\">\n<figure class=\"wp-block-image size-large\"><a href=\"https:\/\/ensemble-paroissial-reynies.fr\/wp-content\/uploads\/evenements\/reouverture-eglise-nohic-2025-07-13\/P1010209-scaled.jpg\"><img loading=\"lazy\" decoding=\"async\" width=\"1024\" height=\"769\" data-id=\"3969\" src=\"https:\/\/ensemble-paroissial-reynies.fr\/wp-content\/uploads\/evenements\/reouverture-eglise-nohic-2025-07-13\/P1010209-1024x769.jpg\" alt=\"\" class=\"wp-image-3969\" srcset=\"https:\/\/ensemble-paroissial-reynies.fr\/wp-content\/uploads\/evenements\/reouverture-eglise-nohic-2025-07-13\/P1010209-1024x769.jpg 1024w, https:\/\/ensemble-paroissial-reynies.fr\/wp-content\/uploads\/evenements\/reouverture-eglise-nohic-2025-07-13\/P1010209-300x225.jpg 300w, https:\/\/ensemble-paroissial-reynies.fr\/wp-content\/uploads\/evenements\/reouverture-eglise-nohic-2025-07-13\/P1010209-768x577.jpg 768w, https:\/\/ensemble-paroissial-reynies.fr\/wp-content\/uploads\/evenements\/reouverture-eglise-nohic-2025-07-13\/P1010209-1536x1153.jpg 1536w, https:\/\/ensemble-paroissial-reynies.fr\/wp-content\/uploads\/evenements\/reouverture-eglise-nohic-2025-07-13\/P1010209-2048x1538.jpg 2048w\" sizes=\"auto, (max-width: 1024px) 100vw, 1024px\" \/><\/a><\/figure>\n\n\n\n<figure class=\"wp-block-image size-large\"><a href=\"https:\/\/ensemble-paroissial-reynies.fr\/wp-content\/uploads\/evenements\/reouverture-eglise-nohic-2025-07-13\/P1010211-scaled.jpg\"><img loading=\"lazy\" decoding=\"async\" width=\"1024\" height=\"769\" data-id=\"3971\" src=\"https:\/\/ensemble-paroissial-reynies.fr\/wp-content\/uploads\/evenements\/reouverture-eglise-nohic-2025-07-13\/P1010211-1024x769.jpg\" alt=\"\" class=\"wp-image-3971\" srcset=\"https:\/\/ensemble-paroissial-reynies.fr\/wp-content\/uploads\/evenements\/reouverture-eglise-nohic-2025-07-13\/P1010211-1024x769.jpg 1024w, https:\/\/ensemble-paroissial-reynies.fr\/wp-content\/uploads\/evenements\/reouverture-eglise-nohic-2025-07-13\/P1010211-300x225.jpg 300w, https:\/\/ensemble-paroissial-reynies.fr\/wp-content\/uploads\/evenements\/reouverture-eglise-nohic-2025-07-13\/P1010211-768x577.jpg 768w, https:\/\/ensemble-paroissial-reynies.fr\/wp-content\/uploads\/evenements\/reouverture-eglise-nohic-2025-07-13\/P1010211-1536x1153.jpg 1536w, https:\/\/ensemble-paroissial-reynies.fr\/wp-content\/uploads\/evenements\/reouverture-eglise-nohic-2025-07-13\/P1010211-2048x1538.jpg 2048w\" sizes=\"auto, (max-width: 1024px) 100vw, 1024px\" \/><\/a><\/figure>\n\n\n\n<figure class=\"wp-block-image size-large\"><a href=\"https:\/\/ensemble-paroissial-reynies.fr\/wp-content\/uploads\/evenements\/reouverture-eglise-nohic-2025-07-13\/P1010210-scaled.jpg\"><img loading=\"lazy\" decoding=\"async\" width=\"1024\" height=\"769\" data-id=\"3970\" src=\"https:\/\/ensemble-paroissial-reynies.fr\/wp-content\/uploads\/evenements\/reouverture-eglise-nohic-2025-07-13\/P1010210-1024x769.jpg\" alt=\"\" class=\"wp-image-3970\" srcset=\"https:\/\/ensemble-paroissial-reynies.fr\/wp-content\/uploads\/evenements\/reouverture-eglise-nohic-2025-07-13\/P1010210-1024x769.jpg 1024w, https:\/\/ensemble-paroissial-reynies.fr\/wp-content\/uploads\/evenements\/reouverture-eglise-nohic-2025-07-13\/P1010210-300x225.jpg 300w, https:\/\/ensemble-paroissial-reynies.fr\/wp-content\/uploads\/evenements\/reouverture-eglise-nohic-2025-07-13\/P1010210-768x577.jpg 768w, https:\/\/ensemble-paroissial-reynies.fr\/wp-content\/uploads\/evenements\/reouverture-eglise-nohic-2025-07-13\/P1010210-1536x1153.jpg 1536w, https:\/\/ensemble-paroissial-reynies.fr\/wp-content\/uploads\/evenements\/reouverture-eglise-nohic-2025-07-13\/P1010210-2048x1538.jpg 2048w\" sizes=\"auto, (max-width: 1024px) 100vw, 1024px\" \/><\/a><\/figure>\n<\/figure>\n\n\n\n<div style=\"height:35px\" aria-hidden=\"true\" class=\"wp-block-spacer\"><\/div>\n\n\n\n<p>Les c\u00e9l\u00e9brants, Monseigneur Guellec, \u00c9v\u00eaque de Montauban, et le P\u00e8re Herman, Cur\u00e9 de l&rsquo;Ensemble Paroissial de Reyni\u00e8s, accompagn\u00e9s du diacre Daniel Lespiau rejoignent le fond de l&rsquo;\u00e9glise<\/p>\n\n\n\n<figure class=\"wp-block-gallery has-nested-images columns-default wp-block-gallery-4 is-layout-flex wp-block-gallery-is-layout-flex\">\n<figure class=\"wp-block-image size-full\"><a href=\"https:\/\/ensemble-paroissial-reynies.fr\/wp-content\/uploads\/evenements\/reouverture-eglise-nohic-2025-07-13\/P1010212-scaled.jpg\"><img loading=\"lazy\" decoding=\"async\" width=\"2560\" height=\"1922\" data-id=\"3972\" src=\"https:\/\/ensemble-paroissial-reynies.fr\/wp-content\/uploads\/evenements\/reouverture-eglise-nohic-2025-07-13\/P1010212-scaled.jpg\" alt=\"\" class=\"wp-image-3972\" srcset=\"https:\/\/ensemble-paroissial-reynies.fr\/wp-content\/uploads\/evenements\/reouverture-eglise-nohic-2025-07-13\/P1010212-scaled.jpg 2560w, https:\/\/ensemble-paroissial-reynies.fr\/wp-content\/uploads\/evenements\/reouverture-eglise-nohic-2025-07-13\/P1010212-300x225.jpg 300w, https:\/\/ensemble-paroissial-reynies.fr\/wp-content\/uploads\/evenements\/reouverture-eglise-nohic-2025-07-13\/P1010212-1024x769.jpg 1024w, https:\/\/ensemble-paroissial-reynies.fr\/wp-content\/uploads\/evenements\/reouverture-eglise-nohic-2025-07-13\/P1010212-768x577.jpg 768w, https:\/\/ensemble-paroissial-reynies.fr\/wp-content\/uploads\/evenements\/reouverture-eglise-nohic-2025-07-13\/P1010212-1536x1153.jpg 1536w, https:\/\/ensemble-paroissial-reynies.fr\/wp-content\/uploads\/evenements\/reouverture-eglise-nohic-2025-07-13\/P1010212-2048x1538.jpg 2048w\" sizes=\"auto, (max-width: 2560px) 100vw, 2560px\" \/><\/a><\/figure>\n\n\n\n<figure class=\"wp-block-image size-full\"><a href=\"https:\/\/ensemble-paroissial-reynies.fr\/wp-content\/uploads\/evenements\/reouverture-eglise-nohic-2025-07-13\/P1010214-scaled.jpg\"><img loading=\"lazy\" decoding=\"async\" width=\"2560\" height=\"1922\" data-id=\"3973\" src=\"https:\/\/ensemble-paroissial-reynies.fr\/wp-content\/uploads\/evenements\/reouverture-eglise-nohic-2025-07-13\/P1010214-scaled.jpg\" alt=\"\" class=\"wp-image-3973\" srcset=\"https:\/\/ensemble-paroissial-reynies.fr\/wp-content\/uploads\/evenements\/reouverture-eglise-nohic-2025-07-13\/P1010214-scaled.jpg 2560w, https:\/\/ensemble-paroissial-reynies.fr\/wp-content\/uploads\/evenements\/reouverture-eglise-nohic-2025-07-13\/P1010214-300x225.jpg 300w, https:\/\/ensemble-paroissial-reynies.fr\/wp-content\/uploads\/evenements\/reouverture-eglise-nohic-2025-07-13\/P1010214-1024x769.jpg 1024w, https:\/\/ensemble-paroissial-reynies.fr\/wp-content\/uploads\/evenements\/reouverture-eglise-nohic-2025-07-13\/P1010214-768x577.jpg 768w, https:\/\/ensemble-paroissial-reynies.fr\/wp-content\/uploads\/evenements\/reouverture-eglise-nohic-2025-07-13\/P1010214-1536x1153.jpg 1536w, https:\/\/ensemble-paroissial-reynies.fr\/wp-content\/uploads\/evenements\/reouverture-eglise-nohic-2025-07-13\/P1010214-2048x1538.jpg 2048w\" sizes=\"auto, (max-width: 2560px) 100vw, 2560px\" \/><\/a><\/figure>\n<\/figure>\n\n\n\n<div style=\"height:35px\" aria-hidden=\"true\" class=\"wp-block-spacer\"><\/div>\n\n\n\n<p>L&rsquo;\u00e9glise continue de se remplir, on rajoute des chaises pour que tous puissent s&rsquo;installer.<\/p>\n\n\n\n<p>Un petit signe du P\u00e8re Herman, la Chorale entonne le chant d&rsquo;entr\u00e9e \u00ab\u00a0Peuple de Dieu, cit\u00e9 de l&rsquo;Emmanuel\u00a0\u00bb. Les c\u00e9l\u00e9brants s&rsquo;avancent vers l&rsquo;autel.<\/p>\n\n\n\n<figure class=\"wp-block-gallery has-nested-images columns-default wp-block-gallery-5 is-layout-flex wp-block-gallery-is-layout-flex\">\n<figure class=\"wp-block-image size-large\"><a href=\"https:\/\/ensemble-paroissial-reynies.fr\/wp-content\/uploads\/evenements\/reouverture-eglise-nohic-2025-07-13\/P1010218-scaled.jpg\"><img loading=\"lazy\" decoding=\"async\" width=\"1024\" height=\"769\" data-id=\"3976\" src=\"https:\/\/ensemble-paroissial-reynies.fr\/wp-content\/uploads\/evenements\/reouverture-eglise-nohic-2025-07-13\/P1010218-1024x769.jpg\" alt=\"\" class=\"wp-image-3976\" srcset=\"https:\/\/ensemble-paroissial-reynies.fr\/wp-content\/uploads\/evenements\/reouverture-eglise-nohic-2025-07-13\/P1010218-1024x769.jpg 1024w, https:\/\/ensemble-paroissial-reynies.fr\/wp-content\/uploads\/evenements\/reouverture-eglise-nohic-2025-07-13\/P1010218-300x225.jpg 300w, https:\/\/ensemble-paroissial-reynies.fr\/wp-content\/uploads\/evenements\/reouverture-eglise-nohic-2025-07-13\/P1010218-768x577.jpg 768w, https:\/\/ensemble-paroissial-reynies.fr\/wp-content\/uploads\/evenements\/reouverture-eglise-nohic-2025-07-13\/P1010218-1536x1153.jpg 1536w, https:\/\/ensemble-paroissial-reynies.fr\/wp-content\/uploads\/evenements\/reouverture-eglise-nohic-2025-07-13\/P1010218-2048x1538.jpg 2048w\" sizes=\"auto, (max-width: 1024px) 100vw, 1024px\" \/><\/a><\/figure>\n\n\n\n<figure class=\"wp-block-image size-large\"><a href=\"https:\/\/ensemble-paroissial-reynies.fr\/wp-content\/uploads\/evenements\/reouverture-eglise-nohic-2025-07-13\/P1010215-scaled.jpg\"><img loading=\"lazy\" decoding=\"async\" width=\"769\" height=\"1024\" data-id=\"3974\" src=\"https:\/\/ensemble-paroissial-reynies.fr\/wp-content\/uploads\/evenements\/reouverture-eglise-nohic-2025-07-13\/P1010215-769x1024.jpg\" alt=\"\" class=\"wp-image-3974\" srcset=\"https:\/\/ensemble-paroissial-reynies.fr\/wp-content\/uploads\/evenements\/reouverture-eglise-nohic-2025-07-13\/P1010215-769x1024.jpg 769w, https:\/\/ensemble-paroissial-reynies.fr\/wp-content\/uploads\/evenements\/reouverture-eglise-nohic-2025-07-13\/P1010215-225x300.jpg 225w, https:\/\/ensemble-paroissial-reynies.fr\/wp-content\/uploads\/evenements\/reouverture-eglise-nohic-2025-07-13\/P1010215-768x1023.jpg 768w, https:\/\/ensemble-paroissial-reynies.fr\/wp-content\/uploads\/evenements\/reouverture-eglise-nohic-2025-07-13\/P1010215-1153x1536.jpg 1153w, https:\/\/ensemble-paroissial-reynies.fr\/wp-content\/uploads\/evenements\/reouverture-eglise-nohic-2025-07-13\/P1010215-1538x2048.jpg 1538w, https:\/\/ensemble-paroissial-reynies.fr\/wp-content\/uploads\/evenements\/reouverture-eglise-nohic-2025-07-13\/P1010215-scaled.jpg 1922w\" sizes=\"auto, (max-width: 769px) 100vw, 769px\" \/><\/a><\/figure>\n\n\n\n<figure class=\"wp-block-image size-large\"><a href=\"https:\/\/ensemble-paroissial-reynies.fr\/wp-content\/uploads\/evenements\/reouverture-eglise-nohic-2025-07-13\/P1010216-scaled.jpg\"><img loading=\"lazy\" decoding=\"async\" width=\"769\" height=\"1024\" data-id=\"3975\" src=\"https:\/\/ensemble-paroissial-reynies.fr\/wp-content\/uploads\/evenements\/reouverture-eglise-nohic-2025-07-13\/P1010216-769x1024.jpg\" alt=\"\" class=\"wp-image-3975\" srcset=\"https:\/\/ensemble-paroissial-reynies.fr\/wp-content\/uploads\/evenements\/reouverture-eglise-nohic-2025-07-13\/P1010216-769x1024.jpg 769w, https:\/\/ensemble-paroissial-reynies.fr\/wp-content\/uploads\/evenements\/reouverture-eglise-nohic-2025-07-13\/P1010216-225x300.jpg 225w, https:\/\/ensemble-paroissial-reynies.fr\/wp-content\/uploads\/evenements\/reouverture-eglise-nohic-2025-07-13\/P1010216-768x1023.jpg 768w, https:\/\/ensemble-paroissial-reynies.fr\/wp-content\/uploads\/evenements\/reouverture-eglise-nohic-2025-07-13\/P1010216-1153x1536.jpg 1153w, https:\/\/ensemble-paroissial-reynies.fr\/wp-content\/uploads\/evenements\/reouverture-eglise-nohic-2025-07-13\/P1010216-1538x2048.jpg 1538w, https:\/\/ensemble-paroissial-reynies.fr\/wp-content\/uploads\/evenements\/reouverture-eglise-nohic-2025-07-13\/P1010216-scaled.jpg 1922w\" sizes=\"auto, (max-width: 769px) 100vw, 769px\" \/><\/a><\/figure>\n<\/figure>\n\n\n\n<div style=\"height:35px\" aria-hidden=\"true\" class=\"wp-block-spacer\"><\/div>\n\n\n\n<p>Monseigneur va encenser l&rsquo;autel avant que la c\u00e9r\u00e9monie ne d\u00e9bute<\/p>\n\n\n\n<figure class=\"wp-block-gallery has-nested-images columns-4 wp-block-gallery-6 is-layout-flex wp-block-gallery-is-layout-flex\">\n<figure class=\"wp-block-image size-large\"><a href=\"https:\/\/ensemble-paroissial-reynies.fr\/wp-content\/uploads\/evenements\/reouverture-eglise-nohic-2025-07-13\/P1010219-scaled.jpg\"><img loading=\"lazy\" decoding=\"async\" width=\"1024\" height=\"769\" data-id=\"3977\" src=\"https:\/\/ensemble-paroissial-reynies.fr\/wp-content\/uploads\/evenements\/reouverture-eglise-nohic-2025-07-13\/P1010219-1024x769.jpg\" alt=\"\" class=\"wp-image-3977\" srcset=\"https:\/\/ensemble-paroissial-reynies.fr\/wp-content\/uploads\/evenements\/reouverture-eglise-nohic-2025-07-13\/P1010219-1024x769.jpg 1024w, https:\/\/ensemble-paroissial-reynies.fr\/wp-content\/uploads\/evenements\/reouverture-eglise-nohic-2025-07-13\/P1010219-300x225.jpg 300w, https:\/\/ensemble-paroissial-reynies.fr\/wp-content\/uploads\/evenements\/reouverture-eglise-nohic-2025-07-13\/P1010219-768x577.jpg 768w, https:\/\/ensemble-paroissial-reynies.fr\/wp-content\/uploads\/evenements\/reouverture-eglise-nohic-2025-07-13\/P1010219-1536x1153.jpg 1536w, https:\/\/ensemble-paroissial-reynies.fr\/wp-content\/uploads\/evenements\/reouverture-eglise-nohic-2025-07-13\/P1010219-2048x1538.jpg 2048w\" sizes=\"auto, (max-width: 1024px) 100vw, 1024px\" \/><\/a><\/figure>\n\n\n\n<figure class=\"wp-block-image size-large\"><a href=\"https:\/\/ensemble-paroissial-reynies.fr\/wp-content\/uploads\/evenements\/reouverture-eglise-nohic-2025-07-13\/P1010220-scaled.jpg\"><img loading=\"lazy\" decoding=\"async\" width=\"1024\" height=\"769\" data-id=\"3978\" src=\"https:\/\/ensemble-paroissial-reynies.fr\/wp-content\/uploads\/evenements\/reouverture-eglise-nohic-2025-07-13\/P1010220-1024x769.jpg\" alt=\"\" class=\"wp-image-3978\" srcset=\"https:\/\/ensemble-paroissial-reynies.fr\/wp-content\/uploads\/evenements\/reouverture-eglise-nohic-2025-07-13\/P1010220-1024x769.jpg 1024w, https:\/\/ensemble-paroissial-reynies.fr\/wp-content\/uploads\/evenements\/reouverture-eglise-nohic-2025-07-13\/P1010220-300x225.jpg 300w, https:\/\/ensemble-paroissial-reynies.fr\/wp-content\/uploads\/evenements\/reouverture-eglise-nohic-2025-07-13\/P1010220-768x577.jpg 768w, https:\/\/ensemble-paroissial-reynies.fr\/wp-content\/uploads\/evenements\/reouverture-eglise-nohic-2025-07-13\/P1010220-1536x1153.jpg 1536w, https:\/\/ensemble-paroissial-reynies.fr\/wp-content\/uploads\/evenements\/reouverture-eglise-nohic-2025-07-13\/P1010220-2048x1538.jpg 2048w\" sizes=\"auto, (max-width: 1024px) 100vw, 1024px\" \/><\/a><\/figure>\n\n\n\n<figure class=\"wp-block-image size-large\"><a href=\"https:\/\/ensemble-paroissial-reynies.fr\/wp-content\/uploads\/evenements\/reouverture-eglise-nohic-2025-07-13\/P1010223-scaled.jpg\"><img loading=\"lazy\" decoding=\"async\" width=\"1024\" height=\"769\" data-id=\"3979\" src=\"https:\/\/ensemble-paroissial-reynies.fr\/wp-content\/uploads\/evenements\/reouverture-eglise-nohic-2025-07-13\/P1010223-1024x769.jpg\" alt=\"\" class=\"wp-image-3979\" srcset=\"https:\/\/ensemble-paroissial-reynies.fr\/wp-content\/uploads\/evenements\/reouverture-eglise-nohic-2025-07-13\/P1010223-1024x769.jpg 1024w, https:\/\/ensemble-paroissial-reynies.fr\/wp-content\/uploads\/evenements\/reouverture-eglise-nohic-2025-07-13\/P1010223-300x225.jpg 300w, https:\/\/ensemble-paroissial-reynies.fr\/wp-content\/uploads\/evenements\/reouverture-eglise-nohic-2025-07-13\/P1010223-768x577.jpg 768w, https:\/\/ensemble-paroissial-reynies.fr\/wp-content\/uploads\/evenements\/reouverture-eglise-nohic-2025-07-13\/P1010223-1536x1153.jpg 1536w, https:\/\/ensemble-paroissial-reynies.fr\/wp-content\/uploads\/evenements\/reouverture-eglise-nohic-2025-07-13\/P1010223-2048x1538.jpg 2048w\" sizes=\"auto, (max-width: 1024px) 100vw, 1024px\" \/><\/a><\/figure>\n\n\n\n<figure class=\"wp-block-image size-large\"><a href=\"https:\/\/ensemble-paroissial-reynies.fr\/wp-content\/uploads\/evenements\/reouverture-eglise-nohic-2025-07-13\/P1010224-scaled.jpg\"><img loading=\"lazy\" decoding=\"async\" width=\"1024\" height=\"769\" data-id=\"3980\" src=\"https:\/\/ensemble-paroissial-reynies.fr\/wp-content\/uploads\/evenements\/reouverture-eglise-nohic-2025-07-13\/P1010224-1024x769.jpg\" alt=\"\" class=\"wp-image-3980\" srcset=\"https:\/\/ensemble-paroissial-reynies.fr\/wp-content\/uploads\/evenements\/reouverture-eglise-nohic-2025-07-13\/P1010224-1024x769.jpg 1024w, https:\/\/ensemble-paroissial-reynies.fr\/wp-content\/uploads\/evenements\/reouverture-eglise-nohic-2025-07-13\/P1010224-300x225.jpg 300w, https:\/\/ensemble-paroissial-reynies.fr\/wp-content\/uploads\/evenements\/reouverture-eglise-nohic-2025-07-13\/P1010224-768x577.jpg 768w, https:\/\/ensemble-paroissial-reynies.fr\/wp-content\/uploads\/evenements\/reouverture-eglise-nohic-2025-07-13\/P1010224-1536x1153.jpg 1536w, https:\/\/ensemble-paroissial-reynies.fr\/wp-content\/uploads\/evenements\/reouverture-eglise-nohic-2025-07-13\/P1010224-2048x1538.jpg 2048w\" sizes=\"auto, (max-width: 1024px) 100vw, 1024px\" \/><\/a><\/figure>\n<\/figure>\n\n\n\n<div style=\"height:35px\" aria-hidden=\"true\" class=\"wp-block-spacer\"><\/div>\n\n\n\n<p>Le p\u00e8re Herman prend la parole pour accueillir Monseigneur et remercier tout ceux qui ont \u0153uvr\u00e9 pour que cette \u00e9glise puisse rouvrir. Apr\u00e8s la pri\u00e8re d&rsquo;ouverture, vient le temps de la pr\u00e9paration p\u00e9nitentielle, le Gloria, puis la 1re lecture, le psaume, la 2e lecture et l&rsquo;\u00c9vangile lu par le diacre Daniel<\/p>\n\n\n\n<figure class=\"wp-block-gallery has-nested-images columns-5 wp-block-gallery-7 is-layout-flex wp-block-gallery-is-layout-flex\">\n<figure class=\"wp-block-image size-large\"><a href=\"https:\/\/ensemble-paroissial-reynies.fr\/wp-content\/uploads\/evenements\/reouverture-eglise-nohic-2025-07-13\/P1010225-scaled.jpg\"><img loading=\"lazy\" decoding=\"async\" width=\"1024\" height=\"769\" data-id=\"3981\" src=\"https:\/\/ensemble-paroissial-reynies.fr\/wp-content\/uploads\/evenements\/reouverture-eglise-nohic-2025-07-13\/P1010225-1024x769.jpg\" alt=\"\" class=\"wp-image-3981\" srcset=\"https:\/\/ensemble-paroissial-reynies.fr\/wp-content\/uploads\/evenements\/reouverture-eglise-nohic-2025-07-13\/P1010225-1024x769.jpg 1024w, https:\/\/ensemble-paroissial-reynies.fr\/wp-content\/uploads\/evenements\/reouverture-eglise-nohic-2025-07-13\/P1010225-300x225.jpg 300w, https:\/\/ensemble-paroissial-reynies.fr\/wp-content\/uploads\/evenements\/reouverture-eglise-nohic-2025-07-13\/P1010225-768x577.jpg 768w, https:\/\/ensemble-paroissial-reynies.fr\/wp-content\/uploads\/evenements\/reouverture-eglise-nohic-2025-07-13\/P1010225-1536x1153.jpg 1536w, https:\/\/ensemble-paroissial-reynies.fr\/wp-content\/uploads\/evenements\/reouverture-eglise-nohic-2025-07-13\/P1010225-2048x1538.jpg 2048w\" sizes=\"auto, (max-width: 1024px) 100vw, 1024px\" \/><\/a><\/figure>\n\n\n\n<figure class=\"wp-block-image size-large\"><a href=\"https:\/\/ensemble-paroissial-reynies.fr\/wp-content\/uploads\/evenements\/reouverture-eglise-nohic-2025-07-13\/P1010227-scaled.jpg\"><img loading=\"lazy\" decoding=\"async\" width=\"1024\" height=\"769\" data-id=\"3982\" src=\"https:\/\/ensemble-paroissial-reynies.fr\/wp-content\/uploads\/evenements\/reouverture-eglise-nohic-2025-07-13\/P1010227-1024x769.jpg\" alt=\"\" class=\"wp-image-3982\" srcset=\"https:\/\/ensemble-paroissial-reynies.fr\/wp-content\/uploads\/evenements\/reouverture-eglise-nohic-2025-07-13\/P1010227-1024x769.jpg 1024w, https:\/\/ensemble-paroissial-reynies.fr\/wp-content\/uploads\/evenements\/reouverture-eglise-nohic-2025-07-13\/P1010227-300x225.jpg 300w, https:\/\/ensemble-paroissial-reynies.fr\/wp-content\/uploads\/evenements\/reouverture-eglise-nohic-2025-07-13\/P1010227-768x577.jpg 768w, https:\/\/ensemble-paroissial-reynies.fr\/wp-content\/uploads\/evenements\/reouverture-eglise-nohic-2025-07-13\/P1010227-1536x1153.jpg 1536w, https:\/\/ensemble-paroissial-reynies.fr\/wp-content\/uploads\/evenements\/reouverture-eglise-nohic-2025-07-13\/P1010227-2048x1538.jpg 2048w\" sizes=\"auto, (max-width: 1024px) 100vw, 1024px\" \/><\/a><\/figure>\n\n\n\n<figure class=\"wp-block-image size-large\"><a href=\"https:\/\/ensemble-paroissial-reynies.fr\/wp-content\/uploads\/evenements\/reouverture-eglise-nohic-2025-07-13\/P1010228-scaled.jpg\"><img loading=\"lazy\" decoding=\"async\" width=\"1024\" height=\"769\" data-id=\"3983\" src=\"https:\/\/ensemble-paroissial-reynies.fr\/wp-content\/uploads\/evenements\/reouverture-eglise-nohic-2025-07-13\/P1010228-1024x769.jpg\" alt=\"\" class=\"wp-image-3983\" srcset=\"https:\/\/ensemble-paroissial-reynies.fr\/wp-content\/uploads\/evenements\/reouverture-eglise-nohic-2025-07-13\/P1010228-1024x769.jpg 1024w, https:\/\/ensemble-paroissial-reynies.fr\/wp-content\/uploads\/evenements\/reouverture-eglise-nohic-2025-07-13\/P1010228-300x225.jpg 300w, https:\/\/ensemble-paroissial-reynies.fr\/wp-content\/uploads\/evenements\/reouverture-eglise-nohic-2025-07-13\/P1010228-768x577.jpg 768w, https:\/\/ensemble-paroissial-reynies.fr\/wp-content\/uploads\/evenements\/reouverture-eglise-nohic-2025-07-13\/P1010228-1536x1153.jpg 1536w, https:\/\/ensemble-paroissial-reynies.fr\/wp-content\/uploads\/evenements\/reouverture-eglise-nohic-2025-07-13\/P1010228-2048x1538.jpg 2048w\" sizes=\"auto, (max-width: 1024px) 100vw, 1024px\" \/><\/a><\/figure>\n\n\n\n<figure class=\"wp-block-image size-large\"><a href=\"https:\/\/ensemble-paroissial-reynies.fr\/wp-content\/uploads\/evenements\/reouverture-eglise-nohic-2025-07-13\/P1010230-scaled.jpg\"><img loading=\"lazy\" decoding=\"async\" width=\"1024\" height=\"769\" data-id=\"3984\" src=\"https:\/\/ensemble-paroissial-reynies.fr\/wp-content\/uploads\/evenements\/reouverture-eglise-nohic-2025-07-13\/P1010230-1024x769.jpg\" alt=\"\" class=\"wp-image-3984\" srcset=\"https:\/\/ensemble-paroissial-reynies.fr\/wp-content\/uploads\/evenements\/reouverture-eglise-nohic-2025-07-13\/P1010230-1024x769.jpg 1024w, https:\/\/ensemble-paroissial-reynies.fr\/wp-content\/uploads\/evenements\/reouverture-eglise-nohic-2025-07-13\/P1010230-300x225.jpg 300w, https:\/\/ensemble-paroissial-reynies.fr\/wp-content\/uploads\/evenements\/reouverture-eglise-nohic-2025-07-13\/P1010230-768x577.jpg 768w, https:\/\/ensemble-paroissial-reynies.fr\/wp-content\/uploads\/evenements\/reouverture-eglise-nohic-2025-07-13\/P1010230-1536x1153.jpg 1536w, https:\/\/ensemble-paroissial-reynies.fr\/wp-content\/uploads\/evenements\/reouverture-eglise-nohic-2025-07-13\/P1010230-2048x1538.jpg 2048w\" sizes=\"auto, (max-width: 1024px) 100vw, 1024px\" \/><\/a><\/figure>\n\n\n\n<figure class=\"wp-block-image size-large\"><a href=\"https:\/\/ensemble-paroissial-reynies.fr\/wp-content\/uploads\/evenements\/reouverture-eglise-nohic-2025-07-13\/P1010231-scaled.jpg\"><img loading=\"lazy\" decoding=\"async\" width=\"1024\" height=\"769\" data-id=\"3985\" src=\"https:\/\/ensemble-paroissial-reynies.fr\/wp-content\/uploads\/evenements\/reouverture-eglise-nohic-2025-07-13\/P1010231-1024x769.jpg\" alt=\"\" class=\"wp-image-3985\" srcset=\"https:\/\/ensemble-paroissial-reynies.fr\/wp-content\/uploads\/evenements\/reouverture-eglise-nohic-2025-07-13\/P1010231-1024x769.jpg 1024w, https:\/\/ensemble-paroissial-reynies.fr\/wp-content\/uploads\/evenements\/reouverture-eglise-nohic-2025-07-13\/P1010231-300x225.jpg 300w, https:\/\/ensemble-paroissial-reynies.fr\/wp-content\/uploads\/evenements\/reouverture-eglise-nohic-2025-07-13\/P1010231-768x577.jpg 768w, https:\/\/ensemble-paroissial-reynies.fr\/wp-content\/uploads\/evenements\/reouverture-eglise-nohic-2025-07-13\/P1010231-1536x1153.jpg 1536w, https:\/\/ensemble-paroissial-reynies.fr\/wp-content\/uploads\/evenements\/reouverture-eglise-nohic-2025-07-13\/P1010231-2048x1538.jpg 2048w\" sizes=\"auto, (max-width: 1024px) 100vw, 1024px\" \/><\/a><\/figure>\n<\/figure>\n\n\n\n<div style=\"height:35px\" aria-hidden=\"true\" class=\"wp-block-spacer\"><\/div>\n\n\n\n<p>Apr\u00e8s l&rsquo;hom\u00e9lie de Monseigneur, vient le moment des bapt\u00eames de Fabio et Sandro. C&rsquo;est le P\u00e8re Herman qui officie. Il invite les parents et les parrains et marraines \u00e0 s&rsquo;avancer devant l&rsquo;autel; Devant toute l&rsquo;assembl\u00e9e, Fabio et Sandro vont devenir membres de l&rsquo;\u00c9glise. Pendant la c\u00e9l\u00e9bration de bapt\u00eame nous professerons notre Foi et nous porterons les intentions de pri\u00e8re de l&rsquo;assembl\u00e9e et de la famille des baptis\u00e9s.<\/p>\n\n\n\n<figure class=\"wp-block-gallery has-nested-images columns-4 wp-block-gallery-8 is-layout-flex wp-block-gallery-is-layout-flex\">\n<figure class=\"wp-block-image size-large\"><a href=\"https:\/\/ensemble-paroissial-reynies.fr\/wp-content\/uploads\/evenements\/reouverture-eglise-nohic-2025-07-13\/P1010235-scaled.jpg\"><img loading=\"lazy\" decoding=\"async\" width=\"1024\" height=\"769\" data-id=\"3986\" src=\"https:\/\/ensemble-paroissial-reynies.fr\/wp-content\/uploads\/evenements\/reouverture-eglise-nohic-2025-07-13\/P1010235-1024x769.jpg\" alt=\"\" class=\"wp-image-3986\" srcset=\"https:\/\/ensemble-paroissial-reynies.fr\/wp-content\/uploads\/evenements\/reouverture-eglise-nohic-2025-07-13\/P1010235-1024x769.jpg 1024w, https:\/\/ensemble-paroissial-reynies.fr\/wp-content\/uploads\/evenements\/reouverture-eglise-nohic-2025-07-13\/P1010235-300x225.jpg 300w, https:\/\/ensemble-paroissial-reynies.fr\/wp-content\/uploads\/evenements\/reouverture-eglise-nohic-2025-07-13\/P1010235-768x577.jpg 768w, https:\/\/ensemble-paroissial-reynies.fr\/wp-content\/uploads\/evenements\/reouverture-eglise-nohic-2025-07-13\/P1010235-1536x1153.jpg 1536w, https:\/\/ensemble-paroissial-reynies.fr\/wp-content\/uploads\/evenements\/reouverture-eglise-nohic-2025-07-13\/P1010235-2048x1538.jpg 2048w\" sizes=\"auto, (max-width: 1024px) 100vw, 1024px\" \/><\/a><\/figure>\n\n\n\n<figure class=\"wp-block-image size-large\"><a href=\"https:\/\/ensemble-paroissial-reynies.fr\/wp-content\/uploads\/evenements\/reouverture-eglise-nohic-2025-07-13\/P1010237-scaled.jpg\"><img loading=\"lazy\" decoding=\"async\" width=\"1024\" height=\"769\" data-id=\"3988\" src=\"https:\/\/ensemble-paroissial-reynies.fr\/wp-content\/uploads\/evenements\/reouverture-eglise-nohic-2025-07-13\/P1010237-1024x769.jpg\" alt=\"\" class=\"wp-image-3988\" srcset=\"https:\/\/ensemble-paroissial-reynies.fr\/wp-content\/uploads\/evenements\/reouverture-eglise-nohic-2025-07-13\/P1010237-1024x769.jpg 1024w, https:\/\/ensemble-paroissial-reynies.fr\/wp-content\/uploads\/evenements\/reouverture-eglise-nohic-2025-07-13\/P1010237-300x225.jpg 300w, https:\/\/ensemble-paroissial-reynies.fr\/wp-content\/uploads\/evenements\/reouverture-eglise-nohic-2025-07-13\/P1010237-768x577.jpg 768w, https:\/\/ensemble-paroissial-reynies.fr\/wp-content\/uploads\/evenements\/reouverture-eglise-nohic-2025-07-13\/P1010237-1536x1153.jpg 1536w, https:\/\/ensemble-paroissial-reynies.fr\/wp-content\/uploads\/evenements\/reouverture-eglise-nohic-2025-07-13\/P1010237-2048x1538.jpg 2048w\" sizes=\"auto, (max-width: 1024px) 100vw, 1024px\" \/><\/a><\/figure>\n\n\n\n<figure class=\"wp-block-image size-large\"><a href=\"https:\/\/ensemble-paroissial-reynies.fr\/wp-content\/uploads\/evenements\/reouverture-eglise-nohic-2025-07-13\/P1010236-scaled.jpg\"><img loading=\"lazy\" decoding=\"async\" width=\"1024\" height=\"769\" data-id=\"3987\" src=\"https:\/\/ensemble-paroissial-reynies.fr\/wp-content\/uploads\/evenements\/reouverture-eglise-nohic-2025-07-13\/P1010236-1024x769.jpg\" alt=\"\" class=\"wp-image-3987\" srcset=\"https:\/\/ensemble-paroissial-reynies.fr\/wp-content\/uploads\/evenements\/reouverture-eglise-nohic-2025-07-13\/P1010236-1024x769.jpg 1024w, https:\/\/ensemble-paroissial-reynies.fr\/wp-content\/uploads\/evenements\/reouverture-eglise-nohic-2025-07-13\/P1010236-300x225.jpg 300w, https:\/\/ensemble-paroissial-reynies.fr\/wp-content\/uploads\/evenements\/reouverture-eglise-nohic-2025-07-13\/P1010236-768x577.jpg 768w, https:\/\/ensemble-paroissial-reynies.fr\/wp-content\/uploads\/evenements\/reouverture-eglise-nohic-2025-07-13\/P1010236-1536x1153.jpg 1536w, https:\/\/ensemble-paroissial-reynies.fr\/wp-content\/uploads\/evenements\/reouverture-eglise-nohic-2025-07-13\/P1010236-2048x1538.jpg 2048w\" sizes=\"auto, (max-width: 1024px) 100vw, 1024px\" \/><\/a><\/figure>\n\n\n\n<figure class=\"wp-block-image size-large\"><a href=\"https:\/\/ensemble-paroissial-reynies.fr\/wp-content\/uploads\/evenements\/reouverture-eglise-nohic-2025-07-13\/P1010238-scaled.jpg\"><img loading=\"lazy\" decoding=\"async\" width=\"1024\" height=\"769\" data-id=\"3989\" src=\"https:\/\/ensemble-paroissial-reynies.fr\/wp-content\/uploads\/evenements\/reouverture-eglise-nohic-2025-07-13\/P1010238-1024x769.jpg\" alt=\"\" class=\"wp-image-3989\" srcset=\"https:\/\/ensemble-paroissial-reynies.fr\/wp-content\/uploads\/evenements\/reouverture-eglise-nohic-2025-07-13\/P1010238-1024x769.jpg 1024w, https:\/\/ensemble-paroissial-reynies.fr\/wp-content\/uploads\/evenements\/reouverture-eglise-nohic-2025-07-13\/P1010238-300x225.jpg 300w, https:\/\/ensemble-paroissial-reynies.fr\/wp-content\/uploads\/evenements\/reouverture-eglise-nohic-2025-07-13\/P1010238-768x577.jpg 768w, https:\/\/ensemble-paroissial-reynies.fr\/wp-content\/uploads\/evenements\/reouverture-eglise-nohic-2025-07-13\/P1010238-1536x1153.jpg 1536w, https:\/\/ensemble-paroissial-reynies.fr\/wp-content\/uploads\/evenements\/reouverture-eglise-nohic-2025-07-13\/P1010238-2048x1538.jpg 2048w\" sizes=\"auto, (max-width: 1024px) 100vw, 1024px\" \/><\/a><\/figure>\n\n\n\n<figure class=\"wp-block-image size-large\"><a href=\"https:\/\/ensemble-paroissial-reynies.fr\/wp-content\/uploads\/evenements\/reouverture-eglise-nohic-2025-07-13\/P1010239-scaled.jpg\"><img loading=\"lazy\" decoding=\"async\" width=\"1024\" height=\"769\" data-id=\"3990\" src=\"https:\/\/ensemble-paroissial-reynies.fr\/wp-content\/uploads\/evenements\/reouverture-eglise-nohic-2025-07-13\/P1010239-1024x769.jpg\" alt=\"\" class=\"wp-image-3990\" srcset=\"https:\/\/ensemble-paroissial-reynies.fr\/wp-content\/uploads\/evenements\/reouverture-eglise-nohic-2025-07-13\/P1010239-1024x769.jpg 1024w, https:\/\/ensemble-paroissial-reynies.fr\/wp-content\/uploads\/evenements\/reouverture-eglise-nohic-2025-07-13\/P1010239-300x225.jpg 300w, https:\/\/ensemble-paroissial-reynies.fr\/wp-content\/uploads\/evenements\/reouverture-eglise-nohic-2025-07-13\/P1010239-768x577.jpg 768w, https:\/\/ensemble-paroissial-reynies.fr\/wp-content\/uploads\/evenements\/reouverture-eglise-nohic-2025-07-13\/P1010239-1536x1153.jpg 1536w, https:\/\/ensemble-paroissial-reynies.fr\/wp-content\/uploads\/evenements\/reouverture-eglise-nohic-2025-07-13\/P1010239-2048x1538.jpg 2048w\" sizes=\"auto, (max-width: 1024px) 100vw, 1024px\" \/><\/a><\/figure>\n\n\n\n<figure class=\"wp-block-image size-large\"><a href=\"https:\/\/ensemble-paroissial-reynies.fr\/wp-content\/uploads\/evenements\/reouverture-eglise-nohic-2025-07-13\/P1010240-scaled.jpg\"><img loading=\"lazy\" decoding=\"async\" width=\"1024\" height=\"769\" data-id=\"3991\" src=\"https:\/\/ensemble-paroissial-reynies.fr\/wp-content\/uploads\/evenements\/reouverture-eglise-nohic-2025-07-13\/P1010240-1024x769.jpg\" alt=\"\" class=\"wp-image-3991\" srcset=\"https:\/\/ensemble-paroissial-reynies.fr\/wp-content\/uploads\/evenements\/reouverture-eglise-nohic-2025-07-13\/P1010240-1024x769.jpg 1024w, https:\/\/ensemble-paroissial-reynies.fr\/wp-content\/uploads\/evenements\/reouverture-eglise-nohic-2025-07-13\/P1010240-300x225.jpg 300w, https:\/\/ensemble-paroissial-reynies.fr\/wp-content\/uploads\/evenements\/reouverture-eglise-nohic-2025-07-13\/P1010240-768x577.jpg 768w, https:\/\/ensemble-paroissial-reynies.fr\/wp-content\/uploads\/evenements\/reouverture-eglise-nohic-2025-07-13\/P1010240-1536x1153.jpg 1536w, https:\/\/ensemble-paroissial-reynies.fr\/wp-content\/uploads\/evenements\/reouverture-eglise-nohic-2025-07-13\/P1010240-2048x1538.jpg 2048w\" sizes=\"auto, (max-width: 1024px) 100vw, 1024px\" \/><\/a><\/figure>\n\n\n\n<figure class=\"wp-block-image size-large\"><a href=\"https:\/\/ensemble-paroissial-reynies.fr\/wp-content\/uploads\/evenements\/reouverture-eglise-nohic-2025-07-13\/P1010241-scaled.jpg\"><img loading=\"lazy\" decoding=\"async\" width=\"1024\" height=\"769\" data-id=\"3992\" src=\"https:\/\/ensemble-paroissial-reynies.fr\/wp-content\/uploads\/evenements\/reouverture-eglise-nohic-2025-07-13\/P1010241-1024x769.jpg\" alt=\"\" class=\"wp-image-3992\" srcset=\"https:\/\/ensemble-paroissial-reynies.fr\/wp-content\/uploads\/evenements\/reouverture-eglise-nohic-2025-07-13\/P1010241-1024x769.jpg 1024w, https:\/\/ensemble-paroissial-reynies.fr\/wp-content\/uploads\/evenements\/reouverture-eglise-nohic-2025-07-13\/P1010241-300x225.jpg 300w, https:\/\/ensemble-paroissial-reynies.fr\/wp-content\/uploads\/evenements\/reouverture-eglise-nohic-2025-07-13\/P1010241-768x577.jpg 768w, https:\/\/ensemble-paroissial-reynies.fr\/wp-content\/uploads\/evenements\/reouverture-eglise-nohic-2025-07-13\/P1010241-1536x1153.jpg 1536w, https:\/\/ensemble-paroissial-reynies.fr\/wp-content\/uploads\/evenements\/reouverture-eglise-nohic-2025-07-13\/P1010241-2048x1538.jpg 2048w\" sizes=\"auto, (max-width: 1024px) 100vw, 1024px\" \/><\/a><\/figure>\n<\/figure>\n\n\n\n<div style=\"height:35px\" aria-hidden=\"true\" class=\"wp-block-spacer\"><\/div>\n\n\n\n<p>Apr\u00e8s les bapt\u00eames, nous rentrons dans la pri\u00e8re eucharistique : pr\u00e9sentation des dons, cons\u00e9cration<\/p>\n\n\n<div class=\"pgc-sgb-cb wp-block-pgcsimplygalleryblock-slider \" data-gallery-id=\"bae23133\"style=&quot;min-height:420px&quot;><div class=\"sgb-preloader\" id=\"pr_bae23133\">\n\t<div class=\"sgb-square\" style=\"background:#d4d4d4\"><\/div>\n\t<div class=\"sgb-square\" style=\"background:#d4d4d4\"><\/div>\n\t<div class=\"sgb-square\" style=\"background:#d4d4d4\"><\/div>\n\t<div class=\"sgb-square\" style=\"background:#d4d4d4\"><\/div><\/div><div class=\"simply-gallery-amp pgc_sgb_slider \"><noscript><div class=\"sgb-gallery\"><div class=\"sgb-item\"><a href=\"https:\/\/ensemble-paroissial-reynies.fr\/?attachment_id=3993\" target=\"_blank\"><img decoding=\"async\" alt=\"\" width=\"300\" height=\"225\" loading=\"lazy\" src=\"https:\/\/ensemble-paroissial-reynies.fr\/wp-content\/uploads\/evenements\/reouverture-eglise-nohic-2025-07-13\/P1010242-300x225.jpg\" srcset=\"https:\/\/ensemble-paroissial-reynies.fr\/wp-content\/uploads\/evenements\/reouverture-eglise-nohic-2025-07-13\/P1010242-300x225.jpg 300w,https:\/\/ensemble-paroissial-reynies.fr\/wp-content\/uploads\/evenements\/reouverture-eglise-nohic-2025-07-13\/P1010242-1024x769.jpg 1024w,https:\/\/ensemble-paroissial-reynies.fr\/wp-content\/uploads\/evenements\/reouverture-eglise-nohic-2025-07-13\/P1010242-scaled.jpg 2560w\" sizes=\"auto, 250px\"\/><\/a><\/div><div class=\"sgb-item\"><a href=\"https:\/\/ensemble-paroissial-reynies.fr\/?attachment_id=3994\" target=\"_blank\"><img decoding=\"async\" alt=\"\" width=\"300\" height=\"225\" loading=\"lazy\" src=\"https:\/\/ensemble-paroissial-reynies.fr\/wp-content\/uploads\/evenements\/reouverture-eglise-nohic-2025-07-13\/P1010244-300x225.jpg\" srcset=\"https:\/\/ensemble-paroissial-reynies.fr\/wp-content\/uploads\/evenements\/reouverture-eglise-nohic-2025-07-13\/P1010244-300x225.jpg 300w,https:\/\/ensemble-paroissial-reynies.fr\/wp-content\/uploads\/evenements\/reouverture-eglise-nohic-2025-07-13\/P1010244-1024x769.jpg 1024w,https:\/\/ensemble-paroissial-reynies.fr\/wp-content\/uploads\/evenements\/reouverture-eglise-nohic-2025-07-13\/P1010244-scaled.jpg 2560w\" sizes=\"auto, 250px\"\/><\/a><\/div><div class=\"sgb-item\"><a href=\"https:\/\/ensemble-paroissial-reynies.fr\/?attachment_id=3995\" target=\"_blank\"><img decoding=\"async\" alt=\"\" width=\"300\" height=\"225\" loading=\"lazy\" src=\"https:\/\/ensemble-paroissial-reynies.fr\/wp-content\/uploads\/evenements\/reouverture-eglise-nohic-2025-07-13\/P1010246-300x225.jpg\" srcset=\"https:\/\/ensemble-paroissial-reynies.fr\/wp-content\/uploads\/evenements\/reouverture-eglise-nohic-2025-07-13\/P1010246-300x225.jpg 300w,https:\/\/ensemble-paroissial-reynies.fr\/wp-content\/uploads\/evenements\/reouverture-eglise-nohic-2025-07-13\/P1010246-1024x769.jpg 1024w,https:\/\/ensemble-paroissial-reynies.fr\/wp-content\/uploads\/evenements\/reouverture-eglise-nohic-2025-07-13\/P1010246-scaled.jpg 2560w\" sizes=\"auto, 250px\"\/><\/a><\/div><div class=\"sgb-item\"><a href=\"https:\/\/ensemble-paroissial-reynies.fr\/?attachment_id=3996\" target=\"_blank\"><img decoding=\"async\" alt=\"\" width=\"300\" height=\"225\" loading=\"lazy\" src=\"https:\/\/ensemble-paroissial-reynies.fr\/wp-content\/uploads\/evenements\/reouverture-eglise-nohic-2025-07-13\/P1010247-300x225.jpg\" srcset=\"https:\/\/ensemble-paroissial-reynies.fr\/wp-content\/uploads\/evenements\/reouverture-eglise-nohic-2025-07-13\/P1010247-300x225.jpg 300w,https:\/\/ensemble-paroissial-reynies.fr\/wp-content\/uploads\/evenements\/reouverture-eglise-nohic-2025-07-13\/P1010247-1024x769.jpg 1024w,https:\/\/ensemble-paroissial-reynies.fr\/wp-content\/uploads\/evenements\/reouverture-eglise-nohic-2025-07-13\/P1010247-scaled.jpg 2560w\" sizes=\"auto, 250px\"\/><\/a><\/div><div class=\"sgb-item\"><a href=\"https:\/\/ensemble-paroissial-reynies.fr\/?attachment_id=3997\" target=\"_blank\"><img decoding=\"async\" alt=\"\" width=\"300\" height=\"225\" loading=\"lazy\" src=\"https:\/\/ensemble-paroissial-reynies.fr\/wp-content\/uploads\/evenements\/reouverture-eglise-nohic-2025-07-13\/P1010248-300x225.jpg\" srcset=\"https:\/\/ensemble-paroissial-reynies.fr\/wp-content\/uploads\/evenements\/reouverture-eglise-nohic-2025-07-13\/P1010248-300x225.jpg 300w,https:\/\/ensemble-paroissial-reynies.fr\/wp-content\/uploads\/evenements\/reouverture-eglise-nohic-2025-07-13\/P1010248-1024x769.jpg 1024w,https:\/\/ensemble-paroissial-reynies.fr\/wp-content\/uploads\/evenements\/reouverture-eglise-nohic-2025-07-13\/P1010248-scaled.jpg 2560w\" sizes=\"auto, 250px\"\/><\/a><\/div><div class=\"sgb-item\"><a href=\"https:\/\/ensemble-paroissial-reynies.fr\/?attachment_id=3998\" target=\"_blank\"><img decoding=\"async\" alt=\"\" width=\"300\" height=\"225\" loading=\"lazy\" src=\"https:\/\/ensemble-paroissial-reynies.fr\/wp-content\/uploads\/evenements\/reouverture-eglise-nohic-2025-07-13\/P1010250-300x225.jpg\" srcset=\"https:\/\/ensemble-paroissial-reynies.fr\/wp-content\/uploads\/evenements\/reouverture-eglise-nohic-2025-07-13\/P1010250-300x225.jpg 300w,https:\/\/ensemble-paroissial-reynies.fr\/wp-content\/uploads\/evenements\/reouverture-eglise-nohic-2025-07-13\/P1010250-1024x769.jpg 1024w,https:\/\/ensemble-paroissial-reynies.fr\/wp-content\/uploads\/evenements\/reouverture-eglise-nohic-2025-07-13\/P1010250-scaled.jpg 2560w\" sizes=\"auto, 250px\"\/><\/a><\/div><div class=\"sgb-item\"><a href=\"https:\/\/ensemble-paroissial-reynies.fr\/?attachment_id=3999\" target=\"_blank\"><img decoding=\"async\" alt=\"\" width=\"300\" height=\"225\" loading=\"lazy\" src=\"https:\/\/ensemble-paroissial-reynies.fr\/wp-content\/uploads\/evenements\/reouverture-eglise-nohic-2025-07-13\/P1010252-300x225.jpg\" srcset=\"https:\/\/ensemble-paroissial-reynies.fr\/wp-content\/uploads\/evenements\/reouverture-eglise-nohic-2025-07-13\/P1010252-300x225.jpg 300w,https:\/\/ensemble-paroissial-reynies.fr\/wp-content\/uploads\/evenements\/reouverture-eglise-nohic-2025-07-13\/P1010252-1024x769.jpg 1024w,https:\/\/ensemble-paroissial-reynies.fr\/wp-content\/uploads\/evenements\/reouverture-eglise-nohic-2025-07-13\/P1010252-scaled.jpg 2560w\" sizes=\"auto, 250px\"\/><\/a><\/div><div class=\"sgb-item\"><a href=\"https:\/\/ensemble-paroissial-reynies.fr\/?attachment_id=4000\" target=\"_blank\"><img decoding=\"async\" alt=\"\" width=\"300\" height=\"225\" loading=\"lazy\" src=\"https:\/\/ensemble-paroissial-reynies.fr\/wp-content\/uploads\/evenements\/reouverture-eglise-nohic-2025-07-13\/P1010253-300x225.jpg\" srcset=\"https:\/\/ensemble-paroissial-reynies.fr\/wp-content\/uploads\/evenements\/reouverture-eglise-nohic-2025-07-13\/P1010253-300x225.jpg 300w,https:\/\/ensemble-paroissial-reynies.fr\/wp-content\/uploads\/evenements\/reouverture-eglise-nohic-2025-07-13\/P1010253-1024x769.jpg 1024w,https:\/\/ensemble-paroissial-reynies.fr\/wp-content\/uploads\/evenements\/reouverture-eglise-nohic-2025-07-13\/P1010253-scaled.jpg 2560w\" sizes=\"auto, 250px\"\/><\/a><\/div><div class=\"sgb-item\"><a href=\"https:\/\/ensemble-paroissial-reynies.fr\/?attachment_id=4001\" target=\"_blank\"><img decoding=\"async\" alt=\"\" width=\"300\" height=\"225\" loading=\"lazy\" src=\"https:\/\/ensemble-paroissial-reynies.fr\/wp-content\/uploads\/evenements\/reouverture-eglise-nohic-2025-07-13\/P1010254-300x225.jpg\" srcset=\"https:\/\/ensemble-paroissial-reynies.fr\/wp-content\/uploads\/evenements\/reouverture-eglise-nohic-2025-07-13\/P1010254-300x225.jpg 300w,https:\/\/ensemble-paroissial-reynies.fr\/wp-content\/uploads\/evenements\/reouverture-eglise-nohic-2025-07-13\/P1010254-1024x769.jpg 1024w,https:\/\/ensemble-paroissial-reynies.fr\/wp-content\/uploads\/evenements\/reouverture-eglise-nohic-2025-07-13\/P1010254-scaled.jpg 2560w\" sizes=\"auto, 250px\"\/><\/a><\/div><div class=\"sgb-item\"><a href=\"https:\/\/ensemble-paroissial-reynies.fr\/?attachment_id=4002\" target=\"_blank\"><img decoding=\"async\" alt=\"\" width=\"300\" height=\"225\" loading=\"lazy\" src=\"https:\/\/ensemble-paroissial-reynies.fr\/wp-content\/uploads\/evenements\/reouverture-eglise-nohic-2025-07-13\/P1010255-300x225.jpg\" srcset=\"https:\/\/ensemble-paroissial-reynies.fr\/wp-content\/uploads\/evenements\/reouverture-eglise-nohic-2025-07-13\/P1010255-300x225.jpg 300w,https:\/\/ensemble-paroissial-reynies.fr\/wp-content\/uploads\/evenements\/reouverture-eglise-nohic-2025-07-13\/P1010255-1024x769.jpg 1024w,https:\/\/ensemble-paroissial-reynies.fr\/wp-content\/uploads\/evenements\/reouverture-eglise-nohic-2025-07-13\/P1010255-scaled.jpg 2560w\" sizes=\"auto, 250px\"\/><\/a><\/div><div class=\"sgb-item\"><a href=\"https:\/\/ensemble-paroissial-reynies.fr\/?attachment_id=4003\" target=\"_blank\"><img decoding=\"async\" alt=\"\" width=\"300\" height=\"225\" loading=\"lazy\" src=\"https:\/\/ensemble-paroissial-reynies.fr\/wp-content\/uploads\/evenements\/reouverture-eglise-nohic-2025-07-13\/P1010257-300x225.jpg\" srcset=\"https:\/\/ensemble-paroissial-reynies.fr\/wp-content\/uploads\/evenements\/reouverture-eglise-nohic-2025-07-13\/P1010257-300x225.jpg 300w,https:\/\/ensemble-paroissial-reynies.fr\/wp-content\/uploads\/evenements\/reouverture-eglise-nohic-2025-07-13\/P1010257-1024x769.jpg 1024w,https:\/\/ensemble-paroissial-reynies.fr\/wp-content\/uploads\/evenements\/reouverture-eglise-nohic-2025-07-13\/P1010257-scaled.jpg 2560w\" sizes=\"auto, 250px\"\/><\/a><\/div><\/div><\/noscript><\/div><script type=\"application\/json\" class=\"sgb-data\">{\"collectionThumbRecomendedWidth\":150,\"captions\":false,\"collectionThumbSubMenuDownload\":false,\"sliderMaxHeight\":420,\"sliderAdminWidth\":920,\"responsiveHeight\":true,\"galleryType\":\"pgc_sgb_slider\",\"galleryId\":\"bae23133\",\"images\":[{\"id\":3993,\"title\":\"P1010242\",\"url\":\"https:\/\/ensemble-paroissial-reynies.fr\/wp-content\/uploads\/evenements\/reouverture-eglise-nohic-2025-07-13\/P1010242-scaled.jpg\",\"link\":\"https:\/\/ensemble-paroissial-reynies.fr\/?attachment_id=3993\",\"alt\":\"\",\"description\":\"\",\"caption\":\"\",\"mime\":\"image\/jpeg\",\"type\":\"image\",\"width\":2560,\"height\":1922,\"sizes\":{\"thumbnail\":{\"height\":150,\"width\":150,\"url\":\"https:\/\/ensemble-paroissial-reynies.fr\/wp-content\/uploads\/evenements\/reouverture-eglise-nohic-2025-07-13\/P1010242-150x150.jpg\",\"orientation\":\"landscape\"},\"medium\":{\"height\":225,\"width\":300,\"url\":\"https:\/\/ensemble-paroissial-reynies.fr\/wp-content\/uploads\/evenements\/reouverture-eglise-nohic-2025-07-13\/P1010242-300x225.jpg\",\"orientation\":\"landscape\"},\"large\":{\"height\":769,\"width\":1024,\"url\":\"https:\/\/ensemble-paroissial-reynies.fr\/wp-content\/uploads\/evenements\/reouverture-eglise-nohic-2025-07-13\/P1010242-1024x769.jpg\",\"orientation\":\"landscape\"},\"full\":{\"url\":\"https:\/\/ensemble-paroissial-reynies.fr\/wp-content\/uploads\/evenements\/reouverture-eglise-nohic-2025-07-13\/P1010242-scaled.jpg\",\"height\":1922,\"width\":2560,\"orientation\":\"landscape\"}},\"imageMeta\":{\"aperture\":\"4.5\",\"credit\":\"\",\"camera\":\"DMC-G80\",\"caption\":\"\",\"created_timestamp\":\"1752407335\",\"copyright\":\"\",\"focal_length\":\"25\",\"iso\":\"3200\",\"shutter_speed\":\"0.016666666666667\",\"title\":\"\",\"orientation\":\"1\",\"keywords\":[]},\"meta\":false,\"postlink\":\"https:\/\/ensemble-paroissial-reynies.fr\/?attachment_id=3993\"},{\"id\":3994,\"title\":\"P1010244\",\"url\":\"https:\/\/ensemble-paroissial-reynies.fr\/wp-content\/uploads\/evenements\/reouverture-eglise-nohic-2025-07-13\/P1010244-scaled.jpg\",\"link\":\"https:\/\/ensemble-paroissial-reynies.fr\/?attachment_id=3994\",\"alt\":\"\",\"description\":\"\",\"caption\":\"\",\"mime\":\"image\/jpeg\",\"type\":\"image\",\"width\":2560,\"height\":1922,\"sizes\":{\"thumbnail\":{\"height\":150,\"width\":150,\"url\":\"https:\/\/ensemble-paroissial-reynies.fr\/wp-content\/uploads\/evenements\/reouverture-eglise-nohic-2025-07-13\/P1010244-150x150.jpg\",\"orientation\":\"landscape\"},\"medium\":{\"height\":225,\"width\":300,\"url\":\"https:\/\/ensemble-paroissial-reynies.fr\/wp-content\/uploads\/evenements\/reouverture-eglise-nohic-2025-07-13\/P1010244-300x225.jpg\",\"orientation\":\"landscape\"},\"large\":{\"height\":769,\"width\":1024,\"url\":\"https:\/\/ensemble-paroissial-reynies.fr\/wp-content\/uploads\/evenements\/reouverture-eglise-nohic-2025-07-13\/P1010244-1024x769.jpg\",\"orientation\":\"landscape\"},\"full\":{\"url\":\"https:\/\/ensemble-paroissial-reynies.fr\/wp-content\/uploads\/evenements\/reouverture-eglise-nohic-2025-07-13\/P1010244-scaled.jpg\",\"height\":1922,\"width\":2560,\"orientation\":\"landscape\"}},\"imageMeta\":{\"aperture\":\"5.6\",\"credit\":\"\",\"camera\":\"DMC-G80\",\"caption\":\"\",\"created_timestamp\":\"1752407356\",\"copyright\":\"\",\"focal_length\":\"60\",\"iso\":\"3200\",\"shutter_speed\":\"0.033333333333333\",\"title\":\"\",\"orientation\":\"1\",\"keywords\":[]},\"meta\":false,\"postlink\":\"https:\/\/ensemble-paroissial-reynies.fr\/?attachment_id=3994\"},{\"id\":3995,\"title\":\"P1010246\",\"url\":\"https:\/\/ensemble-paroissial-reynies.fr\/wp-content\/uploads\/evenements\/reouverture-eglise-nohic-2025-07-13\/P1010246-scaled.jpg\",\"link\":\"https:\/\/ensemble-paroissial-reynies.fr\/?attachment_id=3995\",\"alt\":\"\",\"description\":\"\",\"caption\":\"\",\"mime\":\"image\/jpeg\",\"type\":\"image\",\"width\":2560,\"height\":1922,\"sizes\":{\"thumbnail\":{\"height\":150,\"width\":150,\"url\":\"https:\/\/ensemble-paroissial-reynies.fr\/wp-content\/uploads\/evenements\/reouverture-eglise-nohic-2025-07-13\/P1010246-150x150.jpg\",\"orientation\":\"landscape\"},\"medium\":{\"height\":225,\"width\":300,\"url\":\"https:\/\/ensemble-paroissial-reynies.fr\/wp-content\/uploads\/evenements\/reouverture-eglise-nohic-2025-07-13\/P1010246-300x225.jpg\",\"orientation\":\"landscape\"},\"large\":{\"height\":769,\"width\":1024,\"url\":\"https:\/\/ensemble-paroissial-reynies.fr\/wp-content\/uploads\/evenements\/reouverture-eglise-nohic-2025-07-13\/P1010246-1024x769.jpg\",\"orientation\":\"landscape\"},\"full\":{\"url\":\"https:\/\/ensemble-paroissial-reynies.fr\/wp-content\/uploads\/evenements\/reouverture-eglise-nohic-2025-07-13\/P1010246-scaled.jpg\",\"height\":1922,\"width\":2560,\"orientation\":\"landscape\"}},\"imageMeta\":{\"aperture\":\"5.4\",\"credit\":\"\",\"camera\":\"DMC-G80\",\"caption\":\"\",\"created_timestamp\":\"1752407405\",\"copyright\":\"\",\"focal_length\":\"38\",\"iso\":\"3200\",\"shutter_speed\":\"0.025\",\"title\":\"\",\"orientation\":\"1\",\"keywords\":[]},\"meta\":false,\"postlink\":\"https:\/\/ensemble-paroissial-reynies.fr\/?attachment_id=3995\"},{\"id\":3996,\"title\":\"P1010247\",\"url\":\"https:\/\/ensemble-paroissial-reynies.fr\/wp-content\/uploads\/evenements\/reouverture-eglise-nohic-2025-07-13\/P1010247-scaled.jpg\",\"link\":\"https:\/\/ensemble-paroissial-reynies.fr\/?attachment_id=3996\",\"alt\":\"\",\"description\":\"\",\"caption\":\"\",\"mime\":\"image\/jpeg\",\"type\":\"image\",\"width\":2560,\"height\":1922,\"sizes\":{\"thumbnail\":{\"height\":150,\"width\":150,\"url\":\"https:\/\/ensemble-paroissial-reynies.fr\/wp-content\/uploads\/evenements\/reouverture-eglise-nohic-2025-07-13\/P1010247-150x150.jpg\",\"orientation\":\"landscape\"},\"medium\":{\"height\":225,\"width\":300,\"url\":\"https:\/\/ensemble-paroissial-reynies.fr\/wp-content\/uploads\/evenements\/reouverture-eglise-nohic-2025-07-13\/P1010247-300x225.jpg\",\"orientation\":\"landscape\"},\"large\":{\"height\":769,\"width\":1024,\"url\":\"https:\/\/ensemble-paroissial-reynies.fr\/wp-content\/uploads\/evenements\/reouverture-eglise-nohic-2025-07-13\/P1010247-1024x769.jpg\",\"orientation\":\"landscape\"},\"full\":{\"url\":\"https:\/\/ensemble-paroissial-reynies.fr\/wp-content\/uploads\/evenements\/reouverture-eglise-nohic-2025-07-13\/P1010247-scaled.jpg\",\"height\":1922,\"width\":2560,\"orientation\":\"landscape\"}},\"imageMeta\":{\"aperture\":\"5.6\",\"credit\":\"\",\"camera\":\"DMC-G80\",\"caption\":\"\",\"created_timestamp\":\"1752407413\",\"copyright\":\"\",\"focal_length\":\"47\",\"iso\":\"3200\",\"shutter_speed\":\"0.025\",\"title\":\"\",\"orientation\":\"1\",\"keywords\":[]},\"meta\":false,\"postlink\":\"https:\/\/ensemble-paroissial-reynies.fr\/?attachment_id=3996\"},{\"id\":3997,\"title\":\"P1010248\",\"url\":\"https:\/\/ensemble-paroissial-reynies.fr\/wp-content\/uploads\/evenements\/reouverture-eglise-nohic-2025-07-13\/P1010248-scaled.jpg\",\"link\":\"https:\/\/ensemble-paroissial-reynies.fr\/?attachment_id=3997\",\"alt\":\"\",\"description\":\"\",\"caption\":\"\",\"mime\":\"image\/jpeg\",\"type\":\"image\",\"width\":2560,\"height\":1922,\"sizes\":{\"thumbnail\":{\"height\":150,\"width\":150,\"url\":\"https:\/\/ensemble-paroissial-reynies.fr\/wp-content\/uploads\/evenements\/reouverture-eglise-nohic-2025-07-13\/P1010248-150x150.jpg\",\"orientation\":\"landscape\"},\"medium\":{\"height\":225,\"width\":300,\"url\":\"https:\/\/ensemble-paroissial-reynies.fr\/wp-content\/uploads\/evenements\/reouverture-eglise-nohic-2025-07-13\/P1010248-300x225.jpg\",\"orientation\":\"landscape\"},\"large\":{\"height\":769,\"width\":1024,\"url\":\"https:\/\/ensemble-paroissial-reynies.fr\/wp-content\/uploads\/evenements\/reouverture-eglise-nohic-2025-07-13\/P1010248-1024x769.jpg\",\"orientation\":\"landscape\"},\"full\":{\"url\":\"https:\/\/ensemble-paroissial-reynies.fr\/wp-content\/uploads\/evenements\/reouverture-eglise-nohic-2025-07-13\/P1010248-scaled.jpg\",\"height\":1922,\"width\":2560,\"orientation\":\"landscape\"}},\"imageMeta\":{\"aperture\":\"5.6\",\"credit\":\"\",\"camera\":\"DMC-G80\",\"caption\":\"\",\"created_timestamp\":\"1752407423\",\"copyright\":\"\",\"focal_length\":\"47\",\"iso\":\"3200\",\"shutter_speed\":\"0.025\",\"title\":\"\",\"orientation\":\"1\",\"keywords\":[]},\"meta\":false,\"postlink\":\"https:\/\/ensemble-paroissial-reynies.fr\/?attachment_id=3997\"},{\"id\":3998,\"title\":\"P1010250\",\"url\":\"https:\/\/ensemble-paroissial-reynies.fr\/wp-content\/uploads\/evenements\/reouverture-eglise-nohic-2025-07-13\/P1010250-scaled.jpg\",\"link\":\"https:\/\/ensemble-paroissial-reynies.fr\/?attachment_id=3998\",\"alt\":\"\",\"description\":\"\",\"caption\":\"\",\"mime\":\"image\/jpeg\",\"type\":\"image\",\"width\":2560,\"height\":1922,\"sizes\":{\"thumbnail\":{\"height\":150,\"width\":150,\"url\":\"https:\/\/ensemble-paroissial-reynies.fr\/wp-content\/uploads\/evenements\/reouverture-eglise-nohic-2025-07-13\/P1010250-150x150.jpg\",\"orientation\":\"landscape\"},\"medium\":{\"height\":225,\"width\":300,\"url\":\"https:\/\/ensemble-paroissial-reynies.fr\/wp-content\/uploads\/evenements\/reouverture-eglise-nohic-2025-07-13\/P1010250-300x225.jpg\",\"orientation\":\"landscape\"},\"large\":{\"height\":769,\"width\":1024,\"url\":\"https:\/\/ensemble-paroissial-reynies.fr\/wp-content\/uploads\/evenements\/reouverture-eglise-nohic-2025-07-13\/P1010250-1024x769.jpg\",\"orientation\":\"landscape\"},\"full\":{\"url\":\"https:\/\/ensemble-paroissial-reynies.fr\/wp-content\/uploads\/evenements\/reouverture-eglise-nohic-2025-07-13\/P1010250-scaled.jpg\",\"height\":1922,\"width\":2560,\"orientation\":\"landscape\"}},\"imageMeta\":{\"aperture\":\"5.6\",\"credit\":\"\",\"camera\":\"DMC-G80\",\"caption\":\"\",\"created_timestamp\":\"1752407458\",\"copyright\":\"\",\"focal_length\":\"47\",\"iso\":\"3200\",\"shutter_speed\":\"0.025\",\"title\":\"\",\"orientation\":\"1\",\"keywords\":[]},\"meta\":false,\"postlink\":\"https:\/\/ensemble-paroissial-reynies.fr\/?attachment_id=3998\"},{\"id\":3999,\"title\":\"P1010252\",\"url\":\"https:\/\/ensemble-paroissial-reynies.fr\/wp-content\/uploads\/evenements\/reouverture-eglise-nohic-2025-07-13\/P1010252-scaled.jpg\",\"link\":\"https:\/\/ensemble-paroissial-reynies.fr\/?attachment_id=3999\",\"alt\":\"\",\"description\":\"\",\"caption\":\"\",\"mime\":\"image\/jpeg\",\"type\":\"image\",\"width\":2560,\"height\":1922,\"sizes\":{\"thumbnail\":{\"height\":150,\"width\":150,\"url\":\"https:\/\/ensemble-paroissial-reynies.fr\/wp-content\/uploads\/evenements\/reouverture-eglise-nohic-2025-07-13\/P1010252-150x150.jpg\",\"orientation\":\"landscape\"},\"medium\":{\"height\":225,\"width\":300,\"url\":\"https:\/\/ensemble-paroissial-reynies.fr\/wp-content\/uploads\/evenements\/reouverture-eglise-nohic-2025-07-13\/P1010252-300x225.jpg\",\"orientation\":\"landscape\"},\"large\":{\"height\":769,\"width\":1024,\"url\":\"https:\/\/ensemble-paroissial-reynies.fr\/wp-content\/uploads\/evenements\/reouverture-eglise-nohic-2025-07-13\/P1010252-1024x769.jpg\",\"orientation\":\"landscape\"},\"full\":{\"url\":\"https:\/\/ensemble-paroissial-reynies.fr\/wp-content\/uploads\/evenements\/reouverture-eglise-nohic-2025-07-13\/P1010252-scaled.jpg\",\"height\":1922,\"width\":2560,\"orientation\":\"landscape\"}},\"imageMeta\":{\"aperture\":\"5.6\",\"credit\":\"\",\"camera\":\"DMC-G80\",\"caption\":\"\",\"created_timestamp\":\"1752407768\",\"copyright\":\"\",\"focal_length\":\"43\",\"iso\":\"3200\",\"shutter_speed\":\"0.033333333333333\",\"title\":\"\",\"orientation\":\"1\",\"keywords\":[]},\"meta\":false,\"postlink\":\"https:\/\/ensemble-paroissial-reynies.fr\/?attachment_id=3999\"},{\"id\":4000,\"title\":\"P1010253\",\"url\":\"https:\/\/ensemble-paroissial-reynies.fr\/wp-content\/uploads\/evenements\/reouverture-eglise-nohic-2025-07-13\/P1010253-scaled.jpg\",\"link\":\"https:\/\/ensemble-paroissial-reynies.fr\/?attachment_id=4000\",\"alt\":\"\",\"description\":\"\",\"caption\":\"\",\"mime\":\"image\/jpeg\",\"type\":\"image\",\"width\":2560,\"height\":1922,\"sizes\":{\"thumbnail\":{\"height\":150,\"width\":150,\"url\":\"https:\/\/ensemble-paroissial-reynies.fr\/wp-content\/uploads\/evenements\/reouverture-eglise-nohic-2025-07-13\/P1010253-150x150.jpg\",\"orientation\":\"landscape\"},\"medium\":{\"height\":225,\"width\":300,\"url\":\"https:\/\/ensemble-paroissial-reynies.fr\/wp-content\/uploads\/evenements\/reouverture-eglise-nohic-2025-07-13\/P1010253-300x225.jpg\",\"orientation\":\"landscape\"},\"large\":{\"height\":769,\"width\":1024,\"url\":\"https:\/\/ensemble-paroissial-reynies.fr\/wp-content\/uploads\/evenements\/reouverture-eglise-nohic-2025-07-13\/P1010253-1024x769.jpg\",\"orientation\":\"landscape\"},\"full\":{\"url\":\"https:\/\/ensemble-paroissial-reynies.fr\/wp-content\/uploads\/evenements\/reouverture-eglise-nohic-2025-07-13\/P1010253-scaled.jpg\",\"height\":1922,\"width\":2560,\"orientation\":\"landscape\"}},\"imageMeta\":{\"aperture\":\"5.6\",\"credit\":\"\",\"camera\":\"DMC-G80\",\"caption\":\"\",\"created_timestamp\":\"1752407789\",\"copyright\":\"\",\"focal_length\":\"47\",\"iso\":\"3200\",\"shutter_speed\":\"0.025\",\"title\":\"\",\"orientation\":\"1\",\"keywords\":[]},\"meta\":false,\"postlink\":\"https:\/\/ensemble-paroissial-reynies.fr\/?attachment_id=4000\"},{\"id\":4001,\"title\":\"P1010254\",\"url\":\"https:\/\/ensemble-paroissial-reynies.fr\/wp-content\/uploads\/evenements\/reouverture-eglise-nohic-2025-07-13\/P1010254-scaled.jpg\",\"link\":\"https:\/\/ensemble-paroissial-reynies.fr\/?attachment_id=4001\",\"alt\":\"\",\"description\":\"\",\"caption\":\"\",\"mime\":\"image\/jpeg\",\"type\":\"image\",\"width\":2560,\"height\":1922,\"sizes\":{\"thumbnail\":{\"height\":150,\"width\":150,\"url\":\"https:\/\/ensemble-paroissial-reynies.fr\/wp-content\/uploads\/evenements\/reouverture-eglise-nohic-2025-07-13\/P1010254-150x150.jpg\",\"orientation\":\"landscape\"},\"medium\":{\"height\":225,\"width\":300,\"url\":\"https:\/\/ensemble-paroissial-reynies.fr\/wp-content\/uploads\/evenements\/reouverture-eglise-nohic-2025-07-13\/P1010254-300x225.jpg\",\"orientation\":\"landscape\"},\"large\":{\"height\":769,\"width\":1024,\"url\":\"https:\/\/ensemble-paroissial-reynies.fr\/wp-content\/uploads\/evenements\/reouverture-eglise-nohic-2025-07-13\/P1010254-1024x769.jpg\",\"orientation\":\"landscape\"},\"full\":{\"url\":\"https:\/\/ensemble-paroissial-reynies.fr\/wp-content\/uploads\/evenements\/reouverture-eglise-nohic-2025-07-13\/P1010254-scaled.jpg\",\"height\":1922,\"width\":2560,\"orientation\":\"landscape\"}},\"imageMeta\":{\"aperture\":\"5.6\",\"credit\":\"\",\"camera\":\"DMC-G80\",\"caption\":\"\",\"created_timestamp\":\"1752407823\",\"copyright\":\"\",\"focal_length\":\"50\",\"iso\":\"3200\",\"shutter_speed\":\"0.025\",\"title\":\"\",\"orientation\":\"1\",\"keywords\":[]},\"meta\":false,\"postlink\":\"https:\/\/ensemble-paroissial-reynies.fr\/?attachment_id=4001\"},{\"id\":4002,\"title\":\"P1010255\",\"url\":\"https:\/\/ensemble-paroissial-reynies.fr\/wp-content\/uploads\/evenements\/reouverture-eglise-nohic-2025-07-13\/P1010255-scaled.jpg\",\"link\":\"https:\/\/ensemble-paroissial-reynies.fr\/?attachment_id=4002\",\"alt\":\"\",\"description\":\"\",\"caption\":\"\",\"mime\":\"image\/jpeg\",\"type\":\"image\",\"width\":2560,\"height\":1922,\"sizes\":{\"thumbnail\":{\"height\":150,\"width\":150,\"url\":\"https:\/\/ensemble-paroissial-reynies.fr\/wp-content\/uploads\/evenements\/reouverture-eglise-nohic-2025-07-13\/P1010255-150x150.jpg\",\"orientation\":\"landscape\"},\"medium\":{\"height\":225,\"width\":300,\"url\":\"https:\/\/ensemble-paroissial-reynies.fr\/wp-content\/uploads\/evenements\/reouverture-eglise-nohic-2025-07-13\/P1010255-300x225.jpg\",\"orientation\":\"landscape\"},\"large\":{\"height\":769,\"width\":1024,\"url\":\"https:\/\/ensemble-paroissial-reynies.fr\/wp-content\/uploads\/evenements\/reouverture-eglise-nohic-2025-07-13\/P1010255-1024x769.jpg\",\"orientation\":\"landscape\"},\"full\":{\"url\":\"https:\/\/ensemble-paroissial-reynies.fr\/wp-content\/uploads\/evenements\/reouverture-eglise-nohic-2025-07-13\/P1010255-scaled.jpg\",\"height\":1922,\"width\":2560,\"orientation\":\"landscape\"}},\"imageMeta\":{\"aperture\":\"5.6\",\"credit\":\"\",\"camera\":\"DMC-G80\",\"caption\":\"\",\"created_timestamp\":\"1752407923\",\"copyright\":\"\",\"focal_length\":\"50\",\"iso\":\"3200\",\"shutter_speed\":\"0.033333333333333\",\"title\":\"\",\"orientation\":\"1\",\"keywords\":[]},\"meta\":false,\"postlink\":\"https:\/\/ensemble-paroissial-reynies.fr\/?attachment_id=4002\"},{\"id\":4003,\"title\":\"P1010257\",\"url\":\"https:\/\/ensemble-paroissial-reynies.fr\/wp-content\/uploads\/evenements\/reouverture-eglise-nohic-2025-07-13\/P1010257-scaled.jpg\",\"link\":\"https:\/\/ensemble-paroissial-reynies.fr\/?attachment_id=4003\",\"alt\":\"\",\"description\":\"\",\"caption\":\"\",\"mime\":\"image\/jpeg\",\"type\":\"image\",\"width\":2560,\"height\":1922,\"sizes\":{\"thumbnail\":{\"height\":150,\"width\":150,\"url\":\"https:\/\/ensemble-paroissial-reynies.fr\/wp-content\/uploads\/evenements\/reouverture-eglise-nohic-2025-07-13\/P1010257-150x150.jpg\",\"orientation\":\"landscape\"},\"medium\":{\"height\":225,\"width\":300,\"url\":\"https:\/\/ensemble-paroissial-reynies.fr\/wp-content\/uploads\/evenements\/reouverture-eglise-nohic-2025-07-13\/P1010257-300x225.jpg\",\"orientation\":\"landscape\"},\"large\":{\"height\":769,\"width\":1024,\"url\":\"https:\/\/ensemble-paroissial-reynies.fr\/wp-content\/uploads\/evenements\/reouverture-eglise-nohic-2025-07-13\/P1010257-1024x769.jpg\",\"orientation\":\"landscape\"},\"full\":{\"url\":\"https:\/\/ensemble-paroissial-reynies.fr\/wp-content\/uploads\/evenements\/reouverture-eglise-nohic-2025-07-13\/P1010257-scaled.jpg\",\"height\":1922,\"width\":2560,\"orientation\":\"landscape\"}},\"imageMeta\":{\"aperture\":\"5.6\",\"credit\":\"\",\"camera\":\"DMC-G80\",\"caption\":\"\",\"created_timestamp\":\"1752407991\",\"copyright\":\"\",\"focal_length\":\"50\",\"iso\":\"3200\",\"shutter_speed\":\"0.025\",\"title\":\"\",\"orientation\":\"1\",\"keywords\":[]},\"meta\":false,\"postlink\":\"https:\/\/ensemble-paroissial-reynies.fr\/?attachment_id=4003\"}],\"sliderItemTitleEnable\":false,\"sliderSlideshowAutoStart\":true,\"sliderSlideshowDelay\":6,\"itemsMetaDataCollection\":[]}<\/script><script>(function(){if(window.PGC_SGB && window.PGC_SGB.searcher){window.PGC_SGB.searcher.initBlocks()}})()<\/script><\/div>\n\n\n<div style=\"height:27px\" aria-hidden=\"true\" class=\"wp-block-spacer\"><\/div>\n\n\n\n<p>Apr\u00e8s ce moment fort de notre vie de chr\u00e9tien, nous r\u00e9citerons tous ensemble le Notre-P\u00e8re puis c&rsquo;est le moment de la communion, distribu\u00e9e par Monseigneur et le diacre Daniel. Pendant la communion la Chorale et l&rsquo;assistance chante Voici le pain que nous donne Dieu<\/p>\n\n\n\n<figure class=\"wp-block-gallery has-nested-images columns-4 wp-block-gallery-9 is-layout-flex wp-block-gallery-is-layout-flex\">\n<figure class=\"wp-block-image size-large\"><a href=\"https:\/\/ensemble-paroissial-reynies.fr\/wp-content\/uploads\/evenements\/reouverture-eglise-nohic-2025-07-13\/P1010262-scaled.jpg\"><img loading=\"lazy\" decoding=\"async\" width=\"1024\" height=\"769\" data-id=\"4005\" src=\"https:\/\/ensemble-paroissial-reynies.fr\/wp-content\/uploads\/evenements\/reouverture-eglise-nohic-2025-07-13\/P1010262-1024x769.jpg\" alt=\"\" class=\"wp-image-4005\" srcset=\"https:\/\/ensemble-paroissial-reynies.fr\/wp-content\/uploads\/evenements\/reouverture-eglise-nohic-2025-07-13\/P1010262-1024x769.jpg 1024w, https:\/\/ensemble-paroissial-reynies.fr\/wp-content\/uploads\/evenements\/reouverture-eglise-nohic-2025-07-13\/P1010262-300x225.jpg 300w, https:\/\/ensemble-paroissial-reynies.fr\/wp-content\/uploads\/evenements\/reouverture-eglise-nohic-2025-07-13\/P1010262-768x577.jpg 768w, https:\/\/ensemble-paroissial-reynies.fr\/wp-content\/uploads\/evenements\/reouverture-eglise-nohic-2025-07-13\/P1010262-1536x1153.jpg 1536w, https:\/\/ensemble-paroissial-reynies.fr\/wp-content\/uploads\/evenements\/reouverture-eglise-nohic-2025-07-13\/P1010262-2048x1538.jpg 2048w\" sizes=\"auto, (max-width: 1024px) 100vw, 1024px\" \/><\/a><\/figure>\n\n\n\n<figure class=\"wp-block-image size-large\"><a href=\"https:\/\/ensemble-paroissial-reynies.fr\/wp-content\/uploads\/evenements\/reouverture-eglise-nohic-2025-07-13\/P1010264-scaled.jpg\"><img loading=\"lazy\" decoding=\"async\" width=\"769\" height=\"1024\" data-id=\"4006\" src=\"https:\/\/ensemble-paroissial-reynies.fr\/wp-content\/uploads\/evenements\/reouverture-eglise-nohic-2025-07-13\/P1010264-769x1024.jpg\" alt=\"\" class=\"wp-image-4006\" srcset=\"https:\/\/ensemble-paroissial-reynies.fr\/wp-content\/uploads\/evenements\/reouverture-eglise-nohic-2025-07-13\/P1010264-769x1024.jpg 769w, https:\/\/ensemble-paroissial-reynies.fr\/wp-content\/uploads\/evenements\/reouverture-eglise-nohic-2025-07-13\/P1010264-225x300.jpg 225w, https:\/\/ensemble-paroissial-reynies.fr\/wp-content\/uploads\/evenements\/reouverture-eglise-nohic-2025-07-13\/P1010264-768x1023.jpg 768w, https:\/\/ensemble-paroissial-reynies.fr\/wp-content\/uploads\/evenements\/reouverture-eglise-nohic-2025-07-13\/P1010264-1153x1536.jpg 1153w, https:\/\/ensemble-paroissial-reynies.fr\/wp-content\/uploads\/evenements\/reouverture-eglise-nohic-2025-07-13\/P1010264-1538x2048.jpg 1538w, https:\/\/ensemble-paroissial-reynies.fr\/wp-content\/uploads\/evenements\/reouverture-eglise-nohic-2025-07-13\/P1010264-scaled.jpg 1922w\" sizes=\"auto, (max-width: 769px) 100vw, 769px\" \/><\/a><\/figure>\n\n\n\n<figure class=\"wp-block-image size-large\"><a href=\"https:\/\/ensemble-paroissial-reynies.fr\/wp-content\/uploads\/evenements\/reouverture-eglise-nohic-2025-07-13\/P1010267-scaled.jpg\"><img loading=\"lazy\" decoding=\"async\" width=\"1024\" height=\"769\" data-id=\"4007\" src=\"https:\/\/ensemble-paroissial-reynies.fr\/wp-content\/uploads\/evenements\/reouverture-eglise-nohic-2025-07-13\/P1010267-1024x769.jpg\" alt=\"\" class=\"wp-image-4007\" srcset=\"https:\/\/ensemble-paroissial-reynies.fr\/wp-content\/uploads\/evenements\/reouverture-eglise-nohic-2025-07-13\/P1010267-1024x769.jpg 1024w, https:\/\/ensemble-paroissial-reynies.fr\/wp-content\/uploads\/evenements\/reouverture-eglise-nohic-2025-07-13\/P1010267-300x225.jpg 300w, https:\/\/ensemble-paroissial-reynies.fr\/wp-content\/uploads\/evenements\/reouverture-eglise-nohic-2025-07-13\/P1010267-768x577.jpg 768w, https:\/\/ensemble-paroissial-reynies.fr\/wp-content\/uploads\/evenements\/reouverture-eglise-nohic-2025-07-13\/P1010267-1536x1153.jpg 1536w, https:\/\/ensemble-paroissial-reynies.fr\/wp-content\/uploads\/evenements\/reouverture-eglise-nohic-2025-07-13\/P1010267-2048x1538.jpg 2048w\" sizes=\"auto, (max-width: 1024px) 100vw, 1024px\" \/><\/a><\/figure>\n\n\n\n<figure class=\"wp-block-image size-large\"><a href=\"https:\/\/ensemble-paroissial-reynies.fr\/wp-content\/uploads\/evenements\/reouverture-eglise-nohic-2025-07-13\/P1010268-scaled.jpg\"><img loading=\"lazy\" decoding=\"async\" width=\"1024\" height=\"769\" data-id=\"4008\" src=\"https:\/\/ensemble-paroissial-reynies.fr\/wp-content\/uploads\/evenements\/reouverture-eglise-nohic-2025-07-13\/P1010268-1024x769.jpg\" alt=\"\" class=\"wp-image-4008\" srcset=\"https:\/\/ensemble-paroissial-reynies.fr\/wp-content\/uploads\/evenements\/reouverture-eglise-nohic-2025-07-13\/P1010268-1024x769.jpg 1024w, https:\/\/ensemble-paroissial-reynies.fr\/wp-content\/uploads\/evenements\/reouverture-eglise-nohic-2025-07-13\/P1010268-300x225.jpg 300w, https:\/\/ensemble-paroissial-reynies.fr\/wp-content\/uploads\/evenements\/reouverture-eglise-nohic-2025-07-13\/P1010268-768x577.jpg 768w, https:\/\/ensemble-paroissial-reynies.fr\/wp-content\/uploads\/evenements\/reouverture-eglise-nohic-2025-07-13\/P1010268-1536x1153.jpg 1536w, https:\/\/ensemble-paroissial-reynies.fr\/wp-content\/uploads\/evenements\/reouverture-eglise-nohic-2025-07-13\/P1010268-2048x1538.jpg 2048w\" sizes=\"auto, (max-width: 1024px) 100vw, 1024px\" \/><\/a><\/figure>\n<\/figure>\n\n\n\n<div style=\"height:35px\" aria-hidden=\"true\" class=\"wp-block-spacer\"><\/div>\n\n\n\n<p>La communion termin\u00e9e, le P\u00e8re Herman va mettre le ciboire avec les hosties consacr\u00e9es dans le tabernacle. Ainsi apr\u00e8s 6 longues ann\u00e9es, le Seigneur va de nouveau \u00eatre pr\u00e9sent en permanence dans l&rsquo;\u00e9glise Saint-Saturnin<\/p>\n\n\n\n<figure class=\"wp-block-gallery has-nested-images columns-default wp-block-gallery-10 is-layout-flex wp-block-gallery-is-layout-flex\">\n<figure class=\"wp-block-image size-large\"><a href=\"https:\/\/ensemble-paroissial-reynies.fr\/wp-content\/uploads\/evenements\/reouverture-eglise-nohic-2025-07-13\/P1010269-scaled.jpg\"><img loading=\"lazy\" decoding=\"async\" width=\"1024\" height=\"769\" data-id=\"4009\" src=\"https:\/\/ensemble-paroissial-reynies.fr\/wp-content\/uploads\/evenements\/reouverture-eglise-nohic-2025-07-13\/P1010269-1024x769.jpg\" alt=\"\" class=\"wp-image-4009\" srcset=\"https:\/\/ensemble-paroissial-reynies.fr\/wp-content\/uploads\/evenements\/reouverture-eglise-nohic-2025-07-13\/P1010269-1024x769.jpg 1024w, https:\/\/ensemble-paroissial-reynies.fr\/wp-content\/uploads\/evenements\/reouverture-eglise-nohic-2025-07-13\/P1010269-300x225.jpg 300w, https:\/\/ensemble-paroissial-reynies.fr\/wp-content\/uploads\/evenements\/reouverture-eglise-nohic-2025-07-13\/P1010269-768x577.jpg 768w, https:\/\/ensemble-paroissial-reynies.fr\/wp-content\/uploads\/evenements\/reouverture-eglise-nohic-2025-07-13\/P1010269-1536x1153.jpg 1536w, https:\/\/ensemble-paroissial-reynies.fr\/wp-content\/uploads\/evenements\/reouverture-eglise-nohic-2025-07-13\/P1010269-2048x1538.jpg 2048w\" sizes=\"auto, (max-width: 1024px) 100vw, 1024px\" \/><\/a><\/figure>\n\n\n\n<figure class=\"wp-block-image size-large\"><a href=\"https:\/\/ensemble-paroissial-reynies.fr\/wp-content\/uploads\/evenements\/reouverture-eglise-nohic-2025-07-13\/P1010270-scaled.jpg\"><img loading=\"lazy\" decoding=\"async\" width=\"1024\" height=\"769\" data-id=\"4010\" src=\"https:\/\/ensemble-paroissial-reynies.fr\/wp-content\/uploads\/evenements\/reouverture-eglise-nohic-2025-07-13\/P1010270-1024x769.jpg\" alt=\"\" class=\"wp-image-4010\" srcset=\"https:\/\/ensemble-paroissial-reynies.fr\/wp-content\/uploads\/evenements\/reouverture-eglise-nohic-2025-07-13\/P1010270-1024x769.jpg 1024w, https:\/\/ensemble-paroissial-reynies.fr\/wp-content\/uploads\/evenements\/reouverture-eglise-nohic-2025-07-13\/P1010270-300x225.jpg 300w, https:\/\/ensemble-paroissial-reynies.fr\/wp-content\/uploads\/evenements\/reouverture-eglise-nohic-2025-07-13\/P1010270-768x577.jpg 768w, https:\/\/ensemble-paroissial-reynies.fr\/wp-content\/uploads\/evenements\/reouverture-eglise-nohic-2025-07-13\/P1010270-1536x1153.jpg 1536w, https:\/\/ensemble-paroissial-reynies.fr\/wp-content\/uploads\/evenements\/reouverture-eglise-nohic-2025-07-13\/P1010270-2048x1538.jpg 2048w\" sizes=\"auto, (max-width: 1024px) 100vw, 1024px\" \/><\/a><\/figure>\n<\/figure>\n\n\n\n<div style=\"height:35px\" aria-hidden=\"true\" class=\"wp-block-spacer\"><\/div>\n\n\n\n<p>On arrive \u00e0 la fin de la c\u00e9r\u00e9monie; Avant l&rsquo;Envoi, Jean Louis Terrat lit les annonces pour la semaine. Puis Monseigneur prononce la b\u00e9n\u00e9diction finale<\/p>\n\n\n\n<figure class=\"wp-block-gallery has-nested-images columns-default wp-block-gallery-11 is-layout-flex wp-block-gallery-is-layout-flex\">\n<figure class=\"wp-block-image size-large\"><a href=\"https:\/\/ensemble-paroissial-reynies.fr\/wp-content\/uploads\/evenements\/reouverture-eglise-nohic-2025-07-13\/P1010271-scaled.jpg\"><img loading=\"lazy\" decoding=\"async\" width=\"1024\" height=\"769\" data-id=\"4011\" src=\"https:\/\/ensemble-paroissial-reynies.fr\/wp-content\/uploads\/evenements\/reouverture-eglise-nohic-2025-07-13\/P1010271-1024x769.jpg\" alt=\"\" class=\"wp-image-4011\" srcset=\"https:\/\/ensemble-paroissial-reynies.fr\/wp-content\/uploads\/evenements\/reouverture-eglise-nohic-2025-07-13\/P1010271-1024x769.jpg 1024w, https:\/\/ensemble-paroissial-reynies.fr\/wp-content\/uploads\/evenements\/reouverture-eglise-nohic-2025-07-13\/P1010271-300x225.jpg 300w, https:\/\/ensemble-paroissial-reynies.fr\/wp-content\/uploads\/evenements\/reouverture-eglise-nohic-2025-07-13\/P1010271-768x577.jpg 768w, https:\/\/ensemble-paroissial-reynies.fr\/wp-content\/uploads\/evenements\/reouverture-eglise-nohic-2025-07-13\/P1010271-1536x1153.jpg 1536w, https:\/\/ensemble-paroissial-reynies.fr\/wp-content\/uploads\/evenements\/reouverture-eglise-nohic-2025-07-13\/P1010271-2048x1538.jpg 2048w\" sizes=\"auto, (max-width: 1024px) 100vw, 1024px\" \/><\/a><\/figure>\n\n\n\n<figure class=\"wp-block-image size-large\"><a href=\"https:\/\/ensemble-paroissial-reynies.fr\/wp-content\/uploads\/evenements\/reouverture-eglise-nohic-2025-07-13\/P1010273-scaled.jpg\"><img loading=\"lazy\" decoding=\"async\" width=\"1024\" height=\"769\" data-id=\"4012\" src=\"https:\/\/ensemble-paroissial-reynies.fr\/wp-content\/uploads\/evenements\/reouverture-eglise-nohic-2025-07-13\/P1010273-1024x769.jpg\" alt=\"\" class=\"wp-image-4012\" srcset=\"https:\/\/ensemble-paroissial-reynies.fr\/wp-content\/uploads\/evenements\/reouverture-eglise-nohic-2025-07-13\/P1010273-1024x769.jpg 1024w, https:\/\/ensemble-paroissial-reynies.fr\/wp-content\/uploads\/evenements\/reouverture-eglise-nohic-2025-07-13\/P1010273-300x225.jpg 300w, https:\/\/ensemble-paroissial-reynies.fr\/wp-content\/uploads\/evenements\/reouverture-eglise-nohic-2025-07-13\/P1010273-768x577.jpg 768w, https:\/\/ensemble-paroissial-reynies.fr\/wp-content\/uploads\/evenements\/reouverture-eglise-nohic-2025-07-13\/P1010273-1536x1153.jpg 1536w, https:\/\/ensemble-paroissial-reynies.fr\/wp-content\/uploads\/evenements\/reouverture-eglise-nohic-2025-07-13\/P1010273-2048x1538.jpg 2048w\" sizes=\"auto, (max-width: 1024px) 100vw, 1024px\" \/><\/a><\/figure>\n\n\n\n<figure class=\"wp-block-image size-large\"><a href=\"https:\/\/ensemble-paroissial-reynies.fr\/wp-content\/uploads\/evenements\/reouverture-eglise-nohic-2025-07-13\/P1010275-scaled.jpg\"><img loading=\"lazy\" decoding=\"async\" width=\"1024\" height=\"769\" data-id=\"4013\" src=\"https:\/\/ensemble-paroissial-reynies.fr\/wp-content\/uploads\/evenements\/reouverture-eglise-nohic-2025-07-13\/P1010275-1024x769.jpg\" alt=\"\" class=\"wp-image-4013\" srcset=\"https:\/\/ensemble-paroissial-reynies.fr\/wp-content\/uploads\/evenements\/reouverture-eglise-nohic-2025-07-13\/P1010275-1024x769.jpg 1024w, https:\/\/ensemble-paroissial-reynies.fr\/wp-content\/uploads\/evenements\/reouverture-eglise-nohic-2025-07-13\/P1010275-300x225.jpg 300w, https:\/\/ensemble-paroissial-reynies.fr\/wp-content\/uploads\/evenements\/reouverture-eglise-nohic-2025-07-13\/P1010275-768x577.jpg 768w, https:\/\/ensemble-paroissial-reynies.fr\/wp-content\/uploads\/evenements\/reouverture-eglise-nohic-2025-07-13\/P1010275-1536x1153.jpg 1536w, https:\/\/ensemble-paroissial-reynies.fr\/wp-content\/uploads\/evenements\/reouverture-eglise-nohic-2025-07-13\/P1010275-2048x1538.jpg 2048w\" sizes=\"auto, (max-width: 1024px) 100vw, 1024px\" \/><\/a><\/figure>\n<\/figure>\n\n\n\n<div style=\"height:35px\" aria-hidden=\"true\" class=\"wp-block-spacer\"><\/div>\n\n\n\n<p>La chorale entonne le chant final P\u00e8lerins d&rsquo;Esp\u00e9rance, hymne du Jubil\u00e9 2025, les c\u00e9l\u00e9brants sortent de l&rsquo;\u00e9glise<\/p>\n\n\n\n<figure class=\"wp-block-gallery has-nested-images columns-default wp-block-gallery-12 is-layout-flex wp-block-gallery-is-layout-flex\">\n<figure class=\"wp-block-image size-large\"><a href=\"https:\/\/ensemble-paroissial-reynies.fr\/wp-content\/uploads\/evenements\/reouverture-eglise-nohic-2025-07-13\/P1010277-scaled.jpg\"><img loading=\"lazy\" decoding=\"async\" width=\"1024\" height=\"769\" data-id=\"4014\" src=\"https:\/\/ensemble-paroissial-reynies.fr\/wp-content\/uploads\/evenements\/reouverture-eglise-nohic-2025-07-13\/P1010277-1024x769.jpg\" alt=\"\" class=\"wp-image-4014\" srcset=\"https:\/\/ensemble-paroissial-reynies.fr\/wp-content\/uploads\/evenements\/reouverture-eglise-nohic-2025-07-13\/P1010277-1024x769.jpg 1024w, https:\/\/ensemble-paroissial-reynies.fr\/wp-content\/uploads\/evenements\/reouverture-eglise-nohic-2025-07-13\/P1010277-300x225.jpg 300w, https:\/\/ensemble-paroissial-reynies.fr\/wp-content\/uploads\/evenements\/reouverture-eglise-nohic-2025-07-13\/P1010277-768x577.jpg 768w, https:\/\/ensemble-paroissial-reynies.fr\/wp-content\/uploads\/evenements\/reouverture-eglise-nohic-2025-07-13\/P1010277-1536x1153.jpg 1536w, https:\/\/ensemble-paroissial-reynies.fr\/wp-content\/uploads\/evenements\/reouverture-eglise-nohic-2025-07-13\/P1010277-2048x1538.jpg 2048w\" sizes=\"auto, (max-width: 1024px) 100vw, 1024px\" \/><\/a><\/figure>\n\n\n\n<figure class=\"wp-block-image size-large\"><a href=\"https:\/\/ensemble-paroissial-reynies.fr\/wp-content\/uploads\/evenements\/reouverture-eglise-nohic-2025-07-13\/P1010279-scaled.jpg\"><img loading=\"lazy\" decoding=\"async\" width=\"1024\" height=\"769\" data-id=\"4015\" src=\"https:\/\/ensemble-paroissial-reynies.fr\/wp-content\/uploads\/evenements\/reouverture-eglise-nohic-2025-07-13\/P1010279-1024x769.jpg\" alt=\"\" class=\"wp-image-4015\" srcset=\"https:\/\/ensemble-paroissial-reynies.fr\/wp-content\/uploads\/evenements\/reouverture-eglise-nohic-2025-07-13\/P1010279-1024x769.jpg 1024w, https:\/\/ensemble-paroissial-reynies.fr\/wp-content\/uploads\/evenements\/reouverture-eglise-nohic-2025-07-13\/P1010279-300x225.jpg 300w, https:\/\/ensemble-paroissial-reynies.fr\/wp-content\/uploads\/evenements\/reouverture-eglise-nohic-2025-07-13\/P1010279-768x577.jpg 768w, https:\/\/ensemble-paroissial-reynies.fr\/wp-content\/uploads\/evenements\/reouverture-eglise-nohic-2025-07-13\/P1010279-1536x1153.jpg 1536w, https:\/\/ensemble-paroissial-reynies.fr\/wp-content\/uploads\/evenements\/reouverture-eglise-nohic-2025-07-13\/P1010279-2048x1538.jpg 2048w\" sizes=\"auto, (max-width: 1024px) 100vw, 1024px\" \/><\/a><\/figure>\n\n\n\n<figure class=\"wp-block-image size-large\"><a href=\"https:\/\/ensemble-paroissial-reynies.fr\/wp-content\/uploads\/evenements\/reouverture-eglise-nohic-2025-07-13\/P1010281-scaled.jpg\"><img loading=\"lazy\" decoding=\"async\" width=\"1024\" height=\"769\" data-id=\"4016\" src=\"https:\/\/ensemble-paroissial-reynies.fr\/wp-content\/uploads\/evenements\/reouverture-eglise-nohic-2025-07-13\/P1010281-1024x769.jpg\" alt=\"\" class=\"wp-image-4016\" srcset=\"https:\/\/ensemble-paroissial-reynies.fr\/wp-content\/uploads\/evenements\/reouverture-eglise-nohic-2025-07-13\/P1010281-1024x769.jpg 1024w, https:\/\/ensemble-paroissial-reynies.fr\/wp-content\/uploads\/evenements\/reouverture-eglise-nohic-2025-07-13\/P1010281-300x225.jpg 300w, https:\/\/ensemble-paroissial-reynies.fr\/wp-content\/uploads\/evenements\/reouverture-eglise-nohic-2025-07-13\/P1010281-768x577.jpg 768w, https:\/\/ensemble-paroissial-reynies.fr\/wp-content\/uploads\/evenements\/reouverture-eglise-nohic-2025-07-13\/P1010281-1536x1153.jpg 1536w, https:\/\/ensemble-paroissial-reynies.fr\/wp-content\/uploads\/evenements\/reouverture-eglise-nohic-2025-07-13\/P1010281-2048x1538.jpg 2048w\" sizes=\"auto, (max-width: 1024px) 100vw, 1024px\" \/><\/a><\/figure>\n<\/figure>\n\n\n\n<div style=\"height:35px\" aria-hidden=\"true\" class=\"wp-block-spacer\"><\/div>\n\n\n\n<p>Les paroissiens sortent petit \u00e0 petit, c&rsquo;est le moment habituel d&rsquo;\u00e9changes entre tous. On salue Monseigneur, on engage la conversation, &#8230;<\/p>\n\n\n\n<figure class=\"wp-block-gallery has-nested-images columns-default wp-block-gallery-13 is-layout-flex wp-block-gallery-is-layout-flex\">\n<figure class=\"wp-block-image size-large\"><a href=\"https:\/\/ensemble-paroissial-reynies.fr\/wp-content\/uploads\/evenements\/reouverture-eglise-nohic-2025-07-13\/P1010282-scaled.jpg\"><img loading=\"lazy\" decoding=\"async\" width=\"1024\" height=\"769\" data-id=\"4017\" src=\"https:\/\/ensemble-paroissial-reynies.fr\/wp-content\/uploads\/evenements\/reouverture-eglise-nohic-2025-07-13\/P1010282-1024x769.jpg\" alt=\"\" class=\"wp-image-4017\" srcset=\"https:\/\/ensemble-paroissial-reynies.fr\/wp-content\/uploads\/evenements\/reouverture-eglise-nohic-2025-07-13\/P1010282-1024x769.jpg 1024w, https:\/\/ensemble-paroissial-reynies.fr\/wp-content\/uploads\/evenements\/reouverture-eglise-nohic-2025-07-13\/P1010282-300x225.jpg 300w, https:\/\/ensemble-paroissial-reynies.fr\/wp-content\/uploads\/evenements\/reouverture-eglise-nohic-2025-07-13\/P1010282-768x577.jpg 768w, https:\/\/ensemble-paroissial-reynies.fr\/wp-content\/uploads\/evenements\/reouverture-eglise-nohic-2025-07-13\/P1010282-1536x1153.jpg 1536w, https:\/\/ensemble-paroissial-reynies.fr\/wp-content\/uploads\/evenements\/reouverture-eglise-nohic-2025-07-13\/P1010282-2048x1538.jpg 2048w\" sizes=\"auto, (max-width: 1024px) 100vw, 1024px\" \/><\/a><\/figure>\n\n\n\n<figure class=\"wp-block-image size-large\"><a href=\"https:\/\/ensemble-paroissial-reynies.fr\/wp-content\/uploads\/evenements\/reouverture-eglise-nohic-2025-07-13\/P1010287-scaled.jpg\"><img loading=\"lazy\" decoding=\"async\" width=\"1024\" height=\"769\" data-id=\"4020\" src=\"https:\/\/ensemble-paroissial-reynies.fr\/wp-content\/uploads\/evenements\/reouverture-eglise-nohic-2025-07-13\/P1010287-1024x769.jpg\" alt=\"\" class=\"wp-image-4020\" srcset=\"https:\/\/ensemble-paroissial-reynies.fr\/wp-content\/uploads\/evenements\/reouverture-eglise-nohic-2025-07-13\/P1010287-1024x769.jpg 1024w, https:\/\/ensemble-paroissial-reynies.fr\/wp-content\/uploads\/evenements\/reouverture-eglise-nohic-2025-07-13\/P1010287-300x225.jpg 300w, https:\/\/ensemble-paroissial-reynies.fr\/wp-content\/uploads\/evenements\/reouverture-eglise-nohic-2025-07-13\/P1010287-768x577.jpg 768w, https:\/\/ensemble-paroissial-reynies.fr\/wp-content\/uploads\/evenements\/reouverture-eglise-nohic-2025-07-13\/P1010287-1536x1153.jpg 1536w, https:\/\/ensemble-paroissial-reynies.fr\/wp-content\/uploads\/evenements\/reouverture-eglise-nohic-2025-07-13\/P1010287-2048x1538.jpg 2048w\" sizes=\"auto, (max-width: 1024px) 100vw, 1024px\" \/><\/a><\/figure>\n\n\n\n<figure class=\"wp-block-image size-large\"><a href=\"https:\/\/ensemble-paroissial-reynies.fr\/wp-content\/uploads\/evenements\/reouverture-eglise-nohic-2025-07-13\/P1010284-scaled.jpg\"><img loading=\"lazy\" decoding=\"async\" width=\"1024\" height=\"769\" data-id=\"4018\" src=\"https:\/\/ensemble-paroissial-reynies.fr\/wp-content\/uploads\/evenements\/reouverture-eglise-nohic-2025-07-13\/P1010284-1024x769.jpg\" alt=\"\" class=\"wp-image-4018\" srcset=\"https:\/\/ensemble-paroissial-reynies.fr\/wp-content\/uploads\/evenements\/reouverture-eglise-nohic-2025-07-13\/P1010284-1024x769.jpg 1024w, https:\/\/ensemble-paroissial-reynies.fr\/wp-content\/uploads\/evenements\/reouverture-eglise-nohic-2025-07-13\/P1010284-300x225.jpg 300w, https:\/\/ensemble-paroissial-reynies.fr\/wp-content\/uploads\/evenements\/reouverture-eglise-nohic-2025-07-13\/P1010284-768x577.jpg 768w, https:\/\/ensemble-paroissial-reynies.fr\/wp-content\/uploads\/evenements\/reouverture-eglise-nohic-2025-07-13\/P1010284-1536x1153.jpg 1536w, https:\/\/ensemble-paroissial-reynies.fr\/wp-content\/uploads\/evenements\/reouverture-eglise-nohic-2025-07-13\/P1010284-2048x1538.jpg 2048w\" sizes=\"auto, (max-width: 1024px) 100vw, 1024px\" \/><\/a><\/figure>\n\n\n\n<figure class=\"wp-block-image size-large\"><a href=\"https:\/\/ensemble-paroissial-reynies.fr\/wp-content\/uploads\/evenements\/reouverture-eglise-nohic-2025-07-13\/P1010289-scaled.jpg\"><img loading=\"lazy\" decoding=\"async\" width=\"1024\" height=\"769\" data-id=\"4021\" src=\"https:\/\/ensemble-paroissial-reynies.fr\/wp-content\/uploads\/evenements\/reouverture-eglise-nohic-2025-07-13\/P1010289-1024x769.jpg\" alt=\"\" class=\"wp-image-4021\" srcset=\"https:\/\/ensemble-paroissial-reynies.fr\/wp-content\/uploads\/evenements\/reouverture-eglise-nohic-2025-07-13\/P1010289-1024x769.jpg 1024w, https:\/\/ensemble-paroissial-reynies.fr\/wp-content\/uploads\/evenements\/reouverture-eglise-nohic-2025-07-13\/P1010289-300x225.jpg 300w, https:\/\/ensemble-paroissial-reynies.fr\/wp-content\/uploads\/evenements\/reouverture-eglise-nohic-2025-07-13\/P1010289-768x577.jpg 768w, https:\/\/ensemble-paroissial-reynies.fr\/wp-content\/uploads\/evenements\/reouverture-eglise-nohic-2025-07-13\/P1010289-1536x1153.jpg 1536w, https:\/\/ensemble-paroissial-reynies.fr\/wp-content\/uploads\/evenements\/reouverture-eglise-nohic-2025-07-13\/P1010289-2048x1538.jpg 2048w\" sizes=\"auto, (max-width: 1024px) 100vw, 1024px\" \/><\/a><\/figure>\n\n\n\n<figure class=\"wp-block-image size-large\"><a href=\"https:\/\/ensemble-paroissial-reynies.fr\/wp-content\/uploads\/evenements\/reouverture-eglise-nohic-2025-07-13\/P1010291-scaled.jpg\"><img loading=\"lazy\" decoding=\"async\" width=\"1024\" height=\"769\" data-id=\"4022\" src=\"https:\/\/ensemble-paroissial-reynies.fr\/wp-content\/uploads\/evenements\/reouverture-eglise-nohic-2025-07-13\/P1010291-1024x769.jpg\" alt=\"\" class=\"wp-image-4022\" srcset=\"https:\/\/ensemble-paroissial-reynies.fr\/wp-content\/uploads\/evenements\/reouverture-eglise-nohic-2025-07-13\/P1010291-1024x769.jpg 1024w, https:\/\/ensemble-paroissial-reynies.fr\/wp-content\/uploads\/evenements\/reouverture-eglise-nohic-2025-07-13\/P1010291-300x225.jpg 300w, https:\/\/ensemble-paroissial-reynies.fr\/wp-content\/uploads\/evenements\/reouverture-eglise-nohic-2025-07-13\/P1010291-768x577.jpg 768w, https:\/\/ensemble-paroissial-reynies.fr\/wp-content\/uploads\/evenements\/reouverture-eglise-nohic-2025-07-13\/P1010291-1536x1153.jpg 1536w, https:\/\/ensemble-paroissial-reynies.fr\/wp-content\/uploads\/evenements\/reouverture-eglise-nohic-2025-07-13\/P1010291-2048x1538.jpg 2048w\" sizes=\"auto, (max-width: 1024px) 100vw, 1024px\" \/><\/a><\/figure>\n<\/figure>\n\n\n\n<div style=\"height:35px\" aria-hidden=\"true\" class=\"wp-block-spacer\"><\/div>\n\n\n\n<p>La Messe est finie, l&rsquo;\u00e9glise Saint-Saturnin va de nouveau accueillir toutes les c\u00e9r\u00e9monies religieuses : bapt\u00eames, mariages (il y en a un pr\u00e9vu en ao\u00fbt), Messes dominicales, fun\u00e9railles, &#8230;.<\/p>\n\n\n\n<p>Mais la journ\u00e9e n&rsquo;est pas termin\u00e9, tous ceux qui le pouvaient ont amen\u00e9 un repas \u00e0 partager et ce partage fraternel se fait la salle des f\u00eates de Nohic. Moment de convivialit\u00e9.<\/p>\n\n\n\n<p>Merci \u00e0 Monseigneur pour avoir pr\u00e9sid\u00e9 la Messe, merci au P\u00e8re Herman, au diacre Daniel. merci \u00e0 tout ceux qui ont pr\u00e9par\u00e9 la c\u00e9r\u00e9monie, merci \u00e0 la chorale, merci \u00e0 celui qui a pr\u00e9par\u00e9 l&rsquo;\u00e9glise (sono, lumi\u00e8re, chaise, &#8230;), merci \u00e0 Monsieur le Maire de Nohic pour son accueil, merci \u00e0 tous d&rsquo;\u00eatre venus nombreux pour c\u00e9l\u00e9brer cette r\u00e9ouverture de l&rsquo;\u00e9glise. Un merci tout particulier aux parents et \u00e0 la famille de Fabio et Sandro pour avoir accept\u00e9 de c\u00e9l\u00e9brer les bapt\u00eames pendant la Messe.<\/p>\n","protected":false},"excerpt":{"rendered":"<p>En juin 2019 un examen approfondi des vo\u00fbtes de l&rsquo;\u00e9glise Saint-Saturnin de Nohic r\u00e9alis\u00e9 \u00e0 la demande de la municipalit\u00e9 avait montr\u00e9 un risque important d\u2019effondrement et avait n\u00e9cessit\u00e9 la fermeture de l\u2019\u00e9glise au public. La municipalit\u00e9 s\u2019est mobilis\u00e9e pour trouver les financements n\u00e9cessaires \u00e0 la remise en \u00e9tat de l\u2019\u00e9glise. Les cloches ont pu &#8230; <a title=\"Messe de r\u00e9ouverture de l&rsquo;\u00e9glise Saint-Saturnin de Nohic\" class=\"read-more\" href=\"https:\/\/ensemble-paroissial-reynies.fr\/?p=4023\" aria-label=\"En savoir plus sur Messe de r\u00e9ouverture de l&rsquo;\u00e9glise Saint-Saturnin de Nohic\">Lire la suite<\/a><\/p>\n","protected":false},"author":4,"featured_media":4040,"comment_status":"closed","ping_status":"closed","sticky":false,"template":"","format":"standard","meta":{"_eb_attr":"","pgc_sgb_lightbox_settings":"","footnotes":""},"categories":[46,42],"tags":[],"class_list":["post-4023","post","type-post","status-publish","format-standard","has-post-thumbnail","hentry","category-46","category-archives"],"yoast_head":"<!-- This site is optimized with the Yoast SEO plugin v27.5 - https:\/\/yoast.com\/product\/yoast-seo-wordpress\/ -->\n<title>Messe de r\u00e9ouverture de l&#039;\u00e9glise Saint-Saturnin de Nohic - Ensemble paroissial de Reyni\u00e8s<\/title>\n<meta name=\"description\" content=\"Ensemble paroissial de Reyni\u00e8s - Ensemble paroissial de Reyni\u00e8s Archives\" \/>\n<meta name=\"robots\" content=\"index, follow, max-snippet:-1, max-image-preview:large, max-video-preview:-1\" \/>\n<link rel=\"canonical\" href=\"https:\/\/ensemble-paroissial-reynies.fr\/?p=4023\" \/>\n<meta property=\"og:locale\" content=\"fr_FR\" \/>\n<meta property=\"og:type\" content=\"article\" \/>\n<meta property=\"og:title\" content=\"Messe de r\u00e9ouverture de l&#039;\u00e9glise Saint-Saturnin de Nohic - Ensemble paroissial de Reyni\u00e8s\" \/>\n<meta property=\"og:description\" content=\"Ensemble paroissial de Reyni\u00e8s - Ensemble paroissial de Reyni\u00e8s Archives\" \/>\n<meta property=\"og:url\" content=\"https:\/\/ensemble-paroissial-reynies.fr\/?p=4023\" \/>\n<meta property=\"og:site_name\" content=\"Ensemble paroissial de Reyni\u00e8s\" \/>\n<meta property=\"article:published_time\" content=\"2025-07-13T22:19:48+00:00\" \/>\n<meta property=\"article:modified_time\" content=\"2025-09-26T10:59:39+00:00\" \/>\n<meta property=\"og:image\" content=\"https:\/\/ensemble-paroissial-reynies.fr\/wp-content\/uploads\/evenements\/reouverture-eglise-nohic-2025-07-13\/iconearticle.jpg\" \/>\n\t<meta property=\"og:image:width\" content=\"150\" \/>\n\t<meta property=\"og:image:height\" content=\"140\" \/>\n\t<meta property=\"og:image:type\" content=\"image\/jpeg\" \/>\n<meta name=\"author\" content=\"EPReynies\" \/>\n<meta name=\"twitter:card\" content=\"summary_large_image\" \/>\n<meta name=\"twitter:label1\" content=\"\u00c9crit par\" \/>\n\t<meta name=\"twitter:data1\" content=\"EPReynies\" \/>\n\t<meta name=\"twitter:label2\" content=\"Dur\u00e9e de lecture estim\u00e9e\" \/>\n\t<meta name=\"twitter:data2\" content=\"16 minutes\" \/>\n<script type=\"application\/ld+json\" class=\"yoast-schema-graph\">{\"@context\":\"https:\\\/\\\/schema.org\",\"@graph\":[{\"@type\":\"Article\",\"@id\":\"https:\\\/\\\/ensemble-paroissial-reynies.fr\\\/?p=4023#article\",\"isPartOf\":{\"@id\":\"https:\\\/\\\/ensemble-paroissial-reynies.fr\\\/?p=4023\"},\"author\":{\"name\":\"EPReynies\",\"@id\":\"https:\\\/\\\/ensemble-paroissial-reynies.fr\\\/#\\\/schema\\\/person\\\/46c7e7974e9f828d02f6be5ac1666b37\"},\"headline\":\"Messe de r\u00e9ouverture de l&rsquo;\u00e9glise Saint-Saturnin de Nohic\",\"datePublished\":\"2025-07-13T22:19:48+00:00\",\"dateModified\":\"2025-09-26T10:59:39+00:00\",\"mainEntityOfPage\":{\"@id\":\"https:\\\/\\\/ensemble-paroissial-reynies.fr\\\/?p=4023\"},\"wordCount\":887,\"publisher\":{\"@id\":\"https:\\\/\\\/ensemble-paroissial-reynies.fr\\\/#organization\"},\"image\":{\"@id\":\"https:\\\/\\\/ensemble-paroissial-reynies.fr\\\/?p=4023#primaryimage\"},\"thumbnailUrl\":\"https:\\\/\\\/ensemble-paroissial-reynies.fr\\\/wp-content\\\/uploads\\\/evenements\\\/reouverture-eglise-nohic-2025-07-13\\\/iconearticle.jpg\",\"articleSection\":[\"2025\",\"Archives\"],\"inLanguage\":\"fr-FR\"},{\"@type\":\"WebPage\",\"@id\":\"https:\\\/\\\/ensemble-paroissial-reynies.fr\\\/?p=4023\",\"url\":\"https:\\\/\\\/ensemble-paroissial-reynies.fr\\\/?p=4023\",\"name\":\"Messe de r\u00e9ouverture de l'\u00e9glise Saint-Saturnin de Nohic - Ensemble paroissial de Reyni\u00e8s\",\"isPartOf\":{\"@id\":\"https:\\\/\\\/ensemble-paroissial-reynies.fr\\\/#website\"},\"primaryImageOfPage\":{\"@id\":\"https:\\\/\\\/ensemble-paroissial-reynies.fr\\\/?p=4023#primaryimage\"},\"image\":{\"@id\":\"https:\\\/\\\/ensemble-paroissial-reynies.fr\\\/?p=4023#primaryimage\"},\"thumbnailUrl\":\"https:\\\/\\\/ensemble-paroissial-reynies.fr\\\/wp-content\\\/uploads\\\/evenements\\\/reouverture-eglise-nohic-2025-07-13\\\/iconearticle.jpg\",\"datePublished\":\"2025-07-13T22:19:48+00:00\",\"dateModified\":\"2025-09-26T10:59:39+00:00\",\"description\":\"Ensemble paroissial de Reyni\u00e8s - Ensemble paroissial de Reyni\u00e8s Archives\",\"breadcrumb\":{\"@id\":\"https:\\\/\\\/ensemble-paroissial-reynies.fr\\\/?p=4023#breadcrumb\"},\"inLanguage\":\"fr-FR\",\"potentialAction\":[{\"@type\":\"ReadAction\",\"target\":[\"https:\\\/\\\/ensemble-paroissial-reynies.fr\\\/?p=4023\"]}]},{\"@type\":\"ImageObject\",\"inLanguage\":\"fr-FR\",\"@id\":\"https:\\\/\\\/ensemble-paroissial-reynies.fr\\\/?p=4023#primaryimage\",\"url\":\"https:\\\/\\\/ensemble-paroissial-reynies.fr\\\/wp-content\\\/uploads\\\/evenements\\\/reouverture-eglise-nohic-2025-07-13\\\/iconearticle.jpg\",\"contentUrl\":\"https:\\\/\\\/ensemble-paroissial-reynies.fr\\\/wp-content\\\/uploads\\\/evenements\\\/reouverture-eglise-nohic-2025-07-13\\\/iconearticle.jpg\",\"width\":150,\"height\":140},{\"@type\":\"BreadcrumbList\",\"@id\":\"https:\\\/\\\/ensemble-paroissial-reynies.fr\\\/?p=4023#breadcrumb\",\"itemListElement\":[{\"@type\":\"ListItem\",\"position\":1,\"name\":\"Home\",\"item\":\"https:\\\/\\\/ensemble-paroissial-reynies.fr\\\/\"},{\"@type\":\"ListItem\",\"position\":2,\"name\":\"Messe de r\u00e9ouverture de l&rsquo;\u00e9glise Saint-Saturnin de Nohic\"}]},{\"@type\":\"WebSite\",\"@id\":\"https:\\\/\\\/ensemble-paroissial-reynies.fr\\\/#website\",\"url\":\"https:\\\/\\\/ensemble-paroissial-reynies.fr\\\/\",\"name\":\"Ensemble paroissial de Reyni\u00e8s\",\"description\":\"\",\"publisher\":{\"@id\":\"https:\\\/\\\/ensemble-paroissial-reynies.fr\\\/#organization\"},\"alternateName\":\"EPReyni\u00e8s\",\"potentialAction\":[{\"@type\":\"SearchAction\",\"target\":{\"@type\":\"EntryPoint\",\"urlTemplate\":\"https:\\\/\\\/ensemble-paroissial-reynies.fr\\\/?s={search_term_string}\"},\"query-input\":{\"@type\":\"PropertyValueSpecification\",\"valueRequired\":true,\"valueName\":\"search_term_string\"}}],\"inLanguage\":\"fr-FR\"},{\"@type\":\"Organization\",\"@id\":\"https:\\\/\\\/ensemble-paroissial-reynies.fr\\\/#organization\",\"name\":\"Ensemble paroissial de Reyni\u00e8s\",\"alternateName\":\"EPReyni\u00e8s\",\"url\":\"https:\\\/\\\/ensemble-paroissial-reynies.fr\\\/\",\"logo\":{\"@type\":\"ImageObject\",\"inLanguage\":\"fr-FR\",\"@id\":\"https:\\\/\\\/ensemble-paroissial-reynies.fr\\\/#\\\/schema\\\/logo\\\/image\\\/\",\"url\":\"https:\\\/\\\/ensemble-paroissial-reynies.fr\\\/wp-content\\\/uploads\\\/paroisse\\\/nouveau-logo-catechisme-paroisse-07-2023.jpg\",\"contentUrl\":\"https:\\\/\\\/ensemble-paroissial-reynies.fr\\\/wp-content\\\/uploads\\\/paroisse\\\/nouveau-logo-catechisme-paroisse-07-2023.jpg\",\"width\":666,\"height\":698,\"caption\":\"Ensemble paroissial de Reyni\u00e8s\"},\"image\":{\"@id\":\"https:\\\/\\\/ensemble-paroissial-reynies.fr\\\/#\\\/schema\\\/logo\\\/image\\\/\"}},{\"@type\":\"Person\",\"@id\":\"https:\\\/\\\/ensemble-paroissial-reynies.fr\\\/#\\\/schema\\\/person\\\/46c7e7974e9f828d02f6be5ac1666b37\",\"name\":\"EPReynies\",\"image\":{\"@type\":\"ImageObject\",\"inLanguage\":\"fr-FR\",\"@id\":\"https:\\\/\\\/secure.gravatar.com\\\/avatar\\\/6dcd7e2b49dcfc27cdc55e7d20c9706f198fa864c3c3d0c24d623e816b42e382?s=96&d=mm&r=g\",\"url\":\"https:\\\/\\\/secure.gravatar.com\\\/avatar\\\/6dcd7e2b49dcfc27cdc55e7d20c9706f198fa864c3c3d0c24d623e816b42e382?s=96&d=mm&r=g\",\"contentUrl\":\"https:\\\/\\\/secure.gravatar.com\\\/avatar\\\/6dcd7e2b49dcfc27cdc55e7d20c9706f198fa864c3c3d0c24d623e816b42e382?s=96&d=mm&r=g\",\"caption\":\"EPReynies\"},\"url\":\"https:\\\/\\\/ensemble-paroissial-reynies.fr\\\/?author=4\"}]}<\/script>\n<!-- \/ Yoast SEO plugin. -->","yoast_head_json":{"title":"Messe de r\u00e9ouverture de l'\u00e9glise Saint-Saturnin de Nohic - Ensemble paroissial de Reyni\u00e8s","description":"Ensemble paroissial de Reyni\u00e8s - Ensemble paroissial de Reyni\u00e8s Archives","robots":{"index":"index","follow":"follow","max-snippet":"max-snippet:-1","max-image-preview":"max-image-preview:large","max-video-preview":"max-video-preview:-1"},"canonical":"https:\/\/ensemble-paroissial-reynies.fr\/?p=4023","og_locale":"fr_FR","og_type":"article","og_title":"Messe de r\u00e9ouverture de l'\u00e9glise Saint-Saturnin de Nohic - Ensemble paroissial de Reyni\u00e8s","og_description":"Ensemble paroissial de Reyni\u00e8s - Ensemble paroissial de Reyni\u00e8s Archives","og_url":"https:\/\/ensemble-paroissial-reynies.fr\/?p=4023","og_site_name":"Ensemble paroissial de Reyni\u00e8s","article_published_time":"2025-07-13T22:19:48+00:00","article_modified_time":"2025-09-26T10:59:39+00:00","og_image":[{"width":150,"height":140,"url":"https:\/\/ensemble-paroissial-reynies.fr\/wp-content\/uploads\/evenements\/reouverture-eglise-nohic-2025-07-13\/iconearticle.jpg","type":"image\/jpeg"}],"author":"EPReynies","twitter_card":"summary_large_image","twitter_misc":{"\u00c9crit par":"EPReynies","Dur\u00e9e de lecture estim\u00e9e":"16 minutes"},"schema":{"@context":"https:\/\/schema.org","@graph":[{"@type":"Article","@id":"https:\/\/ensemble-paroissial-reynies.fr\/?p=4023#article","isPartOf":{"@id":"https:\/\/ensemble-paroissial-reynies.fr\/?p=4023"},"author":{"name":"EPReynies","@id":"https:\/\/ensemble-paroissial-reynies.fr\/#\/schema\/person\/46c7e7974e9f828d02f6be5ac1666b37"},"headline":"Messe de r\u00e9ouverture de l&rsquo;\u00e9glise Saint-Saturnin de Nohic","datePublished":"2025-07-13T22:19:48+00:00","dateModified":"2025-09-26T10:59:39+00:00","mainEntityOfPage":{"@id":"https:\/\/ensemble-paroissial-reynies.fr\/?p=4023"},"wordCount":887,"publisher":{"@id":"https:\/\/ensemble-paroissial-reynies.fr\/#organization"},"image":{"@id":"https:\/\/ensemble-paroissial-reynies.fr\/?p=4023#primaryimage"},"thumbnailUrl":"https:\/\/ensemble-paroissial-reynies.fr\/wp-content\/uploads\/evenements\/reouverture-eglise-nohic-2025-07-13\/iconearticle.jpg","articleSection":["2025","Archives"],"inLanguage":"fr-FR"},{"@type":"WebPage","@id":"https:\/\/ensemble-paroissial-reynies.fr\/?p=4023","url":"https:\/\/ensemble-paroissial-reynies.fr\/?p=4023","name":"Messe de r\u00e9ouverture de l'\u00e9glise Saint-Saturnin de Nohic - Ensemble paroissial de Reyni\u00e8s","isPartOf":{"@id":"https:\/\/ensemble-paroissial-reynies.fr\/#website"},"primaryImageOfPage":{"@id":"https:\/\/ensemble-paroissial-reynies.fr\/?p=4023#primaryimage"},"image":{"@id":"https:\/\/ensemble-paroissial-reynies.fr\/?p=4023#primaryimage"},"thumbnailUrl":"https:\/\/ensemble-paroissial-reynies.fr\/wp-content\/uploads\/evenements\/reouverture-eglise-nohic-2025-07-13\/iconearticle.jpg","datePublished":"2025-07-13T22:19:48+00:00","dateModified":"2025-09-26T10:59:39+00:00","description":"Ensemble paroissial de Reyni\u00e8s - Ensemble paroissial de Reyni\u00e8s Archives","breadcrumb":{"@id":"https:\/\/ensemble-paroissial-reynies.fr\/?p=4023#breadcrumb"},"inLanguage":"fr-FR","potentialAction":[{"@type":"ReadAction","target":["https:\/\/ensemble-paroissial-reynies.fr\/?p=4023"]}]},{"@type":"ImageObject","inLanguage":"fr-FR","@id":"https:\/\/ensemble-paroissial-reynies.fr\/?p=4023#primaryimage","url":"https:\/\/ensemble-paroissial-reynies.fr\/wp-content\/uploads\/evenements\/reouverture-eglise-nohic-2025-07-13\/iconearticle.jpg","contentUrl":"https:\/\/ensemble-paroissial-reynies.fr\/wp-content\/uploads\/evenements\/reouverture-eglise-nohic-2025-07-13\/iconearticle.jpg","width":150,"height":140},{"@type":"BreadcrumbList","@id":"https:\/\/ensemble-paroissial-reynies.fr\/?p=4023#breadcrumb","itemListElement":[{"@type":"ListItem","position":1,"name":"Home","item":"https:\/\/ensemble-paroissial-reynies.fr\/"},{"@type":"ListItem","position":2,"name":"Messe de r\u00e9ouverture de l&rsquo;\u00e9glise Saint-Saturnin de Nohic"}]},{"@type":"WebSite","@id":"https:\/\/ensemble-paroissial-reynies.fr\/#website","url":"https:\/\/ensemble-paroissial-reynies.fr\/","name":"Ensemble paroissial de Reyni\u00e8s","description":"","publisher":{"@id":"https:\/\/ensemble-paroissial-reynies.fr\/#organization"},"alternateName":"EPReyni\u00e8s","potentialAction":[{"@type":"SearchAction","target":{"@type":"EntryPoint","urlTemplate":"https:\/\/ensemble-paroissial-reynies.fr\/?s={search_term_string}"},"query-input":{"@type":"PropertyValueSpecification","valueRequired":true,"valueName":"search_term_string"}}],"inLanguage":"fr-FR"},{"@type":"Organization","@id":"https:\/\/ensemble-paroissial-reynies.fr\/#organization","name":"Ensemble paroissial de Reyni\u00e8s","alternateName":"EPReyni\u00e8s","url":"https:\/\/ensemble-paroissial-reynies.fr\/","logo":{"@type":"ImageObject","inLanguage":"fr-FR","@id":"https:\/\/ensemble-paroissial-reynies.fr\/#\/schema\/logo\/image\/","url":"https:\/\/ensemble-paroissial-reynies.fr\/wp-content\/uploads\/paroisse\/nouveau-logo-catechisme-paroisse-07-2023.jpg","contentUrl":"https:\/\/ensemble-paroissial-reynies.fr\/wp-content\/uploads\/paroisse\/nouveau-logo-catechisme-paroisse-07-2023.jpg","width":666,"height":698,"caption":"Ensemble paroissial de Reyni\u00e8s"},"image":{"@id":"https:\/\/ensemble-paroissial-reynies.fr\/#\/schema\/logo\/image\/"}},{"@type":"Person","@id":"https:\/\/ensemble-paroissial-reynies.fr\/#\/schema\/person\/46c7e7974e9f828d02f6be5ac1666b37","name":"EPReynies","image":{"@type":"ImageObject","inLanguage":"fr-FR","@id":"https:\/\/secure.gravatar.com\/avatar\/6dcd7e2b49dcfc27cdc55e7d20c9706f198fa864c3c3d0c24d623e816b42e382?s=96&d=mm&r=g","url":"https:\/\/secure.gravatar.com\/avatar\/6dcd7e2b49dcfc27cdc55e7d20c9706f198fa864c3c3d0c24d623e816b42e382?s=96&d=mm&r=g","contentUrl":"https:\/\/secure.gravatar.com\/avatar\/6dcd7e2b49dcfc27cdc55e7d20c9706f198fa864c3c3d0c24d623e816b42e382?s=96&d=mm&r=g","caption":"EPReynies"},"url":"https:\/\/ensemble-paroissial-reynies.fr\/?author=4"}]}},"featured_image_src":"https:\/\/ensemble-paroissial-reynies.fr\/wp-content\/uploads\/evenements\/reouverture-eglise-nohic-2025-07-13\/iconearticle.jpg","featured_image_src_square":"https:\/\/ensemble-paroissial-reynies.fr\/wp-content\/uploads\/evenements\/reouverture-eglise-nohic-2025-07-13\/iconearticle.jpg","author_info":{"display_name":"EPReynies","author_link":"https:\/\/ensemble-paroissial-reynies.fr\/?author=4"},"_links":{"self":[{"href":"https:\/\/ensemble-paroissial-reynies.fr\/index.php?rest_route=\/wp\/v2\/posts\/4023","targetHints":{"allow":["GET"]}}],"collection":[{"href":"https:\/\/ensemble-paroissial-reynies.fr\/index.php?rest_route=\/wp\/v2\/posts"}],"about":[{"href":"https:\/\/ensemble-paroissial-reynies.fr\/index.php?rest_route=\/wp\/v2\/types\/post"}],"author":[{"embeddable":true,"href":"https:\/\/ensemble-paroissial-reynies.fr\/index.php?rest_route=\/wp\/v2\/users\/4"}],"replies":[{"embeddable":true,"href":"https:\/\/ensemble-paroissial-reynies.fr\/index.php?rest_route=%2Fwp%2Fv2%2Fcomments&post=4023"}],"version-history":[{"count":0,"href":"https:\/\/ensemble-paroissial-reynies.fr\/index.php?rest_route=\/wp\/v2\/posts\/4023\/revisions"}],"wp:featuredmedia":[{"embeddable":true,"href":"https:\/\/ensemble-paroissial-reynies.fr\/index.php?rest_route=\/wp\/v2\/media\/4040"}],"wp:attachment":[{"href":"https:\/\/ensemble-paroissial-reynies.fr\/index.php?rest_route=%2Fwp%2Fv2%2Fmedia&parent=4023"}],"wp:term":[{"taxonomy":"category","embeddable":true,"href":"https:\/\/ensemble-paroissial-reynies.fr\/index.php?rest_route=%2Fwp%2Fv2%2Fcategories&post=4023"},{"taxonomy":"post_tag","embeddable":true,"href":"https:\/\/ensemble-paroissial-reynies.fr\/index.php?rest_route=%2Fwp%2Fv2%2Ftags&post=4023"}],"curies":[{"name":"wp","href":"https:\/\/api.w.org\/{rel}","templated":true}]}}