{"id":3726,"date":"2026-03-31T10:51:15","date_gmt":"2026-03-31T08:51:15","guid":{"rendered":"https:\/\/ensemble-paroissial-reynies.fr\/?p=3726"},"modified":"2026-03-31T10:51:17","modified_gmt":"2026-03-31T08:51:17","slug":"denier-de-leglise-2026-pour-que-leglise-puisse-vivre-donnez","status":"publish","type":"post","link":"https:\/\/ensemble-paroissial-reynies.fr\/?p=3726","title":{"rendered":"Denier de l&rsquo;\u00c9glise 2026 &#8211; Pour que l&rsquo;\u00c9glise puisse vivre, donnez !"},"content":{"rendered":"\n<p>L\u2019\u00c9glise de Tarn-et-Garonne ne peut pas vivre et assurer ses missions d\u2019\u00e9vang\u00e9lisation sans le soutien financier de ses fid\u00e8les.<br>Dans nos \u00e9glises vous trouverez la lettre du denier, vous pouvez aussi faire un don en ligne : <a href=\"https:\/\/don.diocese-montauban.fr\/denier\" target=\"_blank\" rel=\"noreferrer noopener\">https:\/\/don.diocese-montauban.fr\/denier<\/a> et, si vous le pouvez, mettez en place un pr\u00e9l\u00e8vement mensuel<\/p>\n\n\n\n<p>La page ci-dessous parue dans la lettre-info dioc\u00e8se de mars 2026 vous explique les divers dons que vous pouvez faire pour l&rsquo;\u00c9glise et \u00e0 quoi ils servent.<\/p>\n\n\n\n<div data-wp-interactive=\"core\/file\" class=\"wp-block-file\"><object data-wp-bind--hidden=\"!state.hasPdfPreview\" hidden class=\"wp-block-file__embed\" data=\"https:\/\/ensemble-paroissial-reynies.fr\/wp-content\/uploads\/temporaire\/la-fonction-du-denier.pdf\" type=\"application\/pdf\" style=\"width:100%;height:1220px\" aria-label=\"Contenu embarqu\u00e9 la fonction du denier.\"><\/object><a id=\"wp-block-file--media-e455b1ce-06b4-444a-bd28-8deb7abd7d72\" href=\"https:\/\/ensemble-paroissial-reynies.fr\/wp-content\/uploads\/temporaire\/la-fonction-du-denier.pdf\">la fonction du denier<\/a><a href=\"https:\/\/ensemble-paroissial-reynies.fr\/wp-content\/uploads\/temporaire\/la-fonction-du-denier.pdf\" class=\"wp-block-file__button wp-element-button\" download aria-describedby=\"wp-block-file--media-e455b1ce-06b4-444a-bd28-8deb7abd7d72\">T\u00e9l\u00e9charger<\/a><\/div>\n\n\n\n<p>Si vous le pouvez, n\u2019h\u00e9sitez pas \u00e0 mettre en place un pr\u00e9l\u00e8vement automatique, cela vous permet d\u2019\u00e9taler votre don sur toute l\u2019ann\u00e9e et facilite les planifications budg\u00e9taires du dioc\u00e8se.<\/p>\n","protected":false},"excerpt":{"rendered":"<p>L\u2019\u00c9glise de Tarn-et-Garonne ne peut pas vivre et assurer ses missions d\u2019\u00e9vang\u00e9lisation sans le soutien financier de ses fid\u00e8les.Dans nos \u00e9glises vous trouverez la lettre du denier, vous pouvez aussi faire un don en ligne : https:\/\/don.diocese-montauban.fr\/denier et, si vous le pouvez, mettez en place un pr\u00e9l\u00e8vement mensuel La page ci-dessous parue dans la lettre-info &#8230; <a title=\"Denier de l&rsquo;\u00c9glise 2026 &#8211; Pour que l&rsquo;\u00c9glise puisse vivre, donnez !\" class=\"read-more\" href=\"https:\/\/ensemble-paroissial-reynies.fr\/?p=3726\" aria-label=\"En savoir plus sur Denier de l&rsquo;\u00c9glise 2026 &#8211; Pour que l&rsquo;\u00c9glise puisse vivre, donnez !\">Lire la suite<\/a><\/p>\n","protected":false},"author":4,"featured_media":3727,"comment_status":"closed","ping_status":"closed","sticky":false,"template":"","format":"standard","meta":{"_eb_attr":"","pgc_sgb_lightbox_settings":"","footnotes":""},"categories":[9],"tags":[],"class_list":["post-3726","post","type-post","status-publish","format-standard","has-post-thumbnail","hentry","category-actualites"],"yoast_head":"<!-- This site is optimized with the Yoast SEO plugin v27.5 - https:\/\/yoast.com\/product\/yoast-seo-wordpress\/ -->\n<title>Denier de l&#039;\u00c9glise 2026 - Pour que l&#039;\u00c9glise puisse vivre, donnez ! - Ensemble paroissial de Reyni\u00e8s<\/title>\n<meta name=\"description\" content=\"Ensemble paroissial de Reyni\u00e8s - Ensemble paroissial de Reyni\u00e8s Actualit\u00e9s\" \/>\n<meta name=\"robots\" content=\"index, follow, max-snippet:-1, max-image-preview:large, max-video-preview:-1\" \/>\n<link rel=\"canonical\" href=\"https:\/\/ensemble-paroissial-reynies.fr\/?p=3726\" \/>\n<meta property=\"og:locale\" content=\"fr_FR\" \/>\n<meta property=\"og:type\" content=\"article\" \/>\n<meta property=\"og:title\" content=\"Denier de l&#039;\u00c9glise 2026 - Pour que l&#039;\u00c9glise puisse vivre, donnez ! - Ensemble paroissial de Reyni\u00e8s\" \/>\n<meta property=\"og:description\" content=\"Ensemble paroissial de Reyni\u00e8s - Ensemble paroissial de Reyni\u00e8s Actualit\u00e9s\" \/>\n<meta property=\"og:url\" content=\"https:\/\/ensemble-paroissial-reynies.fr\/?p=3726\" \/>\n<meta property=\"og:site_name\" content=\"Ensemble paroissial de Reyni\u00e8s\" \/>\n<meta property=\"article:published_time\" content=\"2026-03-31T08:51:15+00:00\" \/>\n<meta property=\"article:modified_time\" content=\"2026-03-31T08:51:17+00:00\" \/>\n<meta property=\"og:image\" content=\"https:\/\/ensemble-paroissial-reynies.fr\/wp-content\/uploads\/images\/icones\/denier-2025-ic.jpg\" \/>\n\t<meta property=\"og:image:width\" content=\"180\" \/>\n\t<meta property=\"og:image:height\" content=\"82\" \/>\n\t<meta property=\"og:image:type\" content=\"image\/jpeg\" \/>\n<meta name=\"author\" content=\"EPReynies\" \/>\n<meta name=\"twitter:card\" content=\"summary_large_image\" \/>\n<meta name=\"twitter:label1\" content=\"\u00c9crit par\" \/>\n\t<meta name=\"twitter:data1\" content=\"EPReynies\" \/>\n\t<meta name=\"twitter:label2\" content=\"Dur\u00e9e de lecture estim\u00e9e\" \/>\n\t<meta name=\"twitter:data2\" content=\"1 minute\" \/>\n<script type=\"application\/ld+json\" class=\"yoast-schema-graph\">{\"@context\":\"https:\\\/\\\/schema.org\",\"@graph\":[{\"@type\":\"Article\",\"@id\":\"https:\\\/\\\/ensemble-paroissial-reynies.fr\\\/?p=3726#article\",\"isPartOf\":{\"@id\":\"https:\\\/\\\/ensemble-paroissial-reynies.fr\\\/?p=3726\"},\"author\":{\"name\":\"EPReynies\",\"@id\":\"https:\\\/\\\/ensemble-paroissial-reynies.fr\\\/#\\\/schema\\\/person\\\/46c7e7974e9f828d02f6be5ac1666b37\"},\"headline\":\"Denier de l&rsquo;\u00c9glise 2026 &#8211; Pour que l&rsquo;\u00c9glise puisse vivre, donnez !\",\"datePublished\":\"2026-03-31T08:51:15+00:00\",\"dateModified\":\"2026-03-31T08:51:17+00:00\",\"mainEntityOfPage\":{\"@id\":\"https:\\\/\\\/ensemble-paroissial-reynies.fr\\\/?p=3726\"},\"wordCount\":141,\"publisher\":{\"@id\":\"https:\\\/\\\/ensemble-paroissial-reynies.fr\\\/#organization\"},\"image\":{\"@id\":\"https:\\\/\\\/ensemble-paroissial-reynies.fr\\\/?p=3726#primaryimage\"},\"thumbnailUrl\":\"https:\\\/\\\/ensemble-paroissial-reynies.fr\\\/wp-content\\\/uploads\\\/images\\\/icones\\\/denier-2025-ic.jpg\",\"articleSection\":[\"Actualit\u00e9s\"],\"inLanguage\":\"fr-FR\"},{\"@type\":\"WebPage\",\"@id\":\"https:\\\/\\\/ensemble-paroissial-reynies.fr\\\/?p=3726\",\"url\":\"https:\\\/\\\/ensemble-paroissial-reynies.fr\\\/?p=3726\",\"name\":\"Denier de l'\u00c9glise 2026 - Pour que l'\u00c9glise puisse vivre, donnez ! - Ensemble paroissial de Reyni\u00e8s\",\"isPartOf\":{\"@id\":\"https:\\\/\\\/ensemble-paroissial-reynies.fr\\\/#website\"},\"primaryImageOfPage\":{\"@id\":\"https:\\\/\\\/ensemble-paroissial-reynies.fr\\\/?p=3726#primaryimage\"},\"image\":{\"@id\":\"https:\\\/\\\/ensemble-paroissial-reynies.fr\\\/?p=3726#primaryimage\"},\"thumbnailUrl\":\"https:\\\/\\\/ensemble-paroissial-reynies.fr\\\/wp-content\\\/uploads\\\/images\\\/icones\\\/denier-2025-ic.jpg\",\"datePublished\":\"2026-03-31T08:51:15+00:00\",\"dateModified\":\"2026-03-31T08:51:17+00:00\",\"description\":\"Ensemble paroissial de Reyni\u00e8s - Ensemble paroissial de Reyni\u00e8s Actualit\u00e9s\",\"breadcrumb\":{\"@id\":\"https:\\\/\\\/ensemble-paroissial-reynies.fr\\\/?p=3726#breadcrumb\"},\"inLanguage\":\"fr-FR\",\"potentialAction\":[{\"@type\":\"ReadAction\",\"target\":[\"https:\\\/\\\/ensemble-paroissial-reynies.fr\\\/?p=3726\"]}]},{\"@type\":\"ImageObject\",\"inLanguage\":\"fr-FR\",\"@id\":\"https:\\\/\\\/ensemble-paroissial-reynies.fr\\\/?p=3726#primaryimage\",\"url\":\"https:\\\/\\\/ensemble-paroissial-reynies.fr\\\/wp-content\\\/uploads\\\/images\\\/icones\\\/denier-2025-ic.jpg\",\"contentUrl\":\"https:\\\/\\\/ensemble-paroissial-reynies.fr\\\/wp-content\\\/uploads\\\/images\\\/icones\\\/denier-2025-ic.jpg\",\"width\":180,\"height\":82},{\"@type\":\"BreadcrumbList\",\"@id\":\"https:\\\/\\\/ensemble-paroissial-reynies.fr\\\/?p=3726#breadcrumb\",\"itemListElement\":[{\"@type\":\"ListItem\",\"position\":1,\"name\":\"Home\",\"item\":\"https:\\\/\\\/ensemble-paroissial-reynies.fr\\\/\"},{\"@type\":\"ListItem\",\"position\":2,\"name\":\"Denier de l&rsquo;\u00c9glise 2026 &#8211; Pour que l&rsquo;\u00c9glise puisse vivre, donnez !\"}]},{\"@type\":\"WebSite\",\"@id\":\"https:\\\/\\\/ensemble-paroissial-reynies.fr\\\/#website\",\"url\":\"https:\\\/\\\/ensemble-paroissial-reynies.fr\\\/\",\"name\":\"Ensemble paroissial de Reyni\u00e8s\",\"description\":\"\",\"publisher\":{\"@id\":\"https:\\\/\\\/ensemble-paroissial-reynies.fr\\\/#organization\"},\"alternateName\":\"EPReyni\u00e8s\",\"potentialAction\":[{\"@type\":\"SearchAction\",\"target\":{\"@type\":\"EntryPoint\",\"urlTemplate\":\"https:\\\/\\\/ensemble-paroissial-reynies.fr\\\/?s={search_term_string}\"},\"query-input\":{\"@type\":\"PropertyValueSpecification\",\"valueRequired\":true,\"valueName\":\"search_term_string\"}}],\"inLanguage\":\"fr-FR\"},{\"@type\":\"Organization\",\"@id\":\"https:\\\/\\\/ensemble-paroissial-reynies.fr\\\/#organization\",\"name\":\"Ensemble paroissial de Reyni\u00e8s\",\"alternateName\":\"EPReyni\u00e8s\",\"url\":\"https:\\\/\\\/ensemble-paroissial-reynies.fr\\\/\",\"logo\":{\"@type\":\"ImageObject\",\"inLanguage\":\"fr-FR\",\"@id\":\"https:\\\/\\\/ensemble-paroissial-reynies.fr\\\/#\\\/schema\\\/logo\\\/image\\\/\",\"url\":\"https:\\\/\\\/ensemble-paroissial-reynies.fr\\\/wp-content\\\/uploads\\\/paroisse\\\/nouveau-logo-catechisme-paroisse-07-2023.jpg\",\"contentUrl\":\"https:\\\/\\\/ensemble-paroissial-reynies.fr\\\/wp-content\\\/uploads\\\/paroisse\\\/nouveau-logo-catechisme-paroisse-07-2023.jpg\",\"width\":666,\"height\":698,\"caption\":\"Ensemble paroissial de Reyni\u00e8s\"},\"image\":{\"@id\":\"https:\\\/\\\/ensemble-paroissial-reynies.fr\\\/#\\\/schema\\\/logo\\\/image\\\/\"}},{\"@type\":\"Person\",\"@id\":\"https:\\\/\\\/ensemble-paroissial-reynies.fr\\\/#\\\/schema\\\/person\\\/46c7e7974e9f828d02f6be5ac1666b37\",\"name\":\"EPReynies\",\"image\":{\"@type\":\"ImageObject\",\"inLanguage\":\"fr-FR\",\"@id\":\"https:\\\/\\\/secure.gravatar.com\\\/avatar\\\/6dcd7e2b49dcfc27cdc55e7d20c9706f198fa864c3c3d0c24d623e816b42e382?s=96&d=mm&r=g\",\"url\":\"https:\\\/\\\/secure.gravatar.com\\\/avatar\\\/6dcd7e2b49dcfc27cdc55e7d20c9706f198fa864c3c3d0c24d623e816b42e382?s=96&d=mm&r=g\",\"contentUrl\":\"https:\\\/\\\/secure.gravatar.com\\\/avatar\\\/6dcd7e2b49dcfc27cdc55e7d20c9706f198fa864c3c3d0c24d623e816b42e382?s=96&d=mm&r=g\",\"caption\":\"EPReynies\"},\"url\":\"https:\\\/\\\/ensemble-paroissial-reynies.fr\\\/?author=4\"}]}<\/script>\n<!-- \/ Yoast SEO plugin. -->","yoast_head_json":{"title":"Denier de l'\u00c9glise 2026 - Pour que l'\u00c9glise puisse vivre, donnez ! - Ensemble paroissial de Reyni\u00e8s","description":"Ensemble paroissial de Reyni\u00e8s - Ensemble paroissial de Reyni\u00e8s Actualit\u00e9s","robots":{"index":"index","follow":"follow","max-snippet":"max-snippet:-1","max-image-preview":"max-image-preview:large","max-video-preview":"max-video-preview:-1"},"canonical":"https:\/\/ensemble-paroissial-reynies.fr\/?p=3726","og_locale":"fr_FR","og_type":"article","og_title":"Denier de l'\u00c9glise 2026 - Pour que l'\u00c9glise puisse vivre, donnez ! - Ensemble paroissial de Reyni\u00e8s","og_description":"Ensemble paroissial de Reyni\u00e8s - Ensemble paroissial de Reyni\u00e8s Actualit\u00e9s","og_url":"https:\/\/ensemble-paroissial-reynies.fr\/?p=3726","og_site_name":"Ensemble paroissial de Reyni\u00e8s","article_published_time":"2026-03-31T08:51:15+00:00","article_modified_time":"2026-03-31T08:51:17+00:00","og_image":[{"width":180,"height":82,"url":"https:\/\/ensemble-paroissial-reynies.fr\/wp-content\/uploads\/images\/icones\/denier-2025-ic.jpg","type":"image\/jpeg"}],"author":"EPReynies","twitter_card":"summary_large_image","twitter_misc":{"\u00c9crit par":"EPReynies","Dur\u00e9e de lecture estim\u00e9e":"1 minute"},"schema":{"@context":"https:\/\/schema.org","@graph":[{"@type":"Article","@id":"https:\/\/ensemble-paroissial-reynies.fr\/?p=3726#article","isPartOf":{"@id":"https:\/\/ensemble-paroissial-reynies.fr\/?p=3726"},"author":{"name":"EPReynies","@id":"https:\/\/ensemble-paroissial-reynies.fr\/#\/schema\/person\/46c7e7974e9f828d02f6be5ac1666b37"},"headline":"Denier de l&rsquo;\u00c9glise 2026 &#8211; Pour que l&rsquo;\u00c9glise puisse vivre, donnez !","datePublished":"2026-03-31T08:51:15+00:00","dateModified":"2026-03-31T08:51:17+00:00","mainEntityOfPage":{"@id":"https:\/\/ensemble-paroissial-reynies.fr\/?p=3726"},"wordCount":141,"publisher":{"@id":"https:\/\/ensemble-paroissial-reynies.fr\/#organization"},"image":{"@id":"https:\/\/ensemble-paroissial-reynies.fr\/?p=3726#primaryimage"},"thumbnailUrl":"https:\/\/ensemble-paroissial-reynies.fr\/wp-content\/uploads\/images\/icones\/denier-2025-ic.jpg","articleSection":["Actualit\u00e9s"],"inLanguage":"fr-FR"},{"@type":"WebPage","@id":"https:\/\/ensemble-paroissial-reynies.fr\/?p=3726","url":"https:\/\/ensemble-paroissial-reynies.fr\/?p=3726","name":"Denier de l'\u00c9glise 2026 - Pour que l'\u00c9glise puisse vivre, donnez ! - Ensemble paroissial de Reyni\u00e8s","isPartOf":{"@id":"https:\/\/ensemble-paroissial-reynies.fr\/#website"},"primaryImageOfPage":{"@id":"https:\/\/ensemble-paroissial-reynies.fr\/?p=3726#primaryimage"},"image":{"@id":"https:\/\/ensemble-paroissial-reynies.fr\/?p=3726#primaryimage"},"thumbnailUrl":"https:\/\/ensemble-paroissial-reynies.fr\/wp-content\/uploads\/images\/icones\/denier-2025-ic.jpg","datePublished":"2026-03-31T08:51:15+00:00","dateModified":"2026-03-31T08:51:17+00:00","description":"Ensemble paroissial de Reyni\u00e8s - Ensemble paroissial de Reyni\u00e8s Actualit\u00e9s","breadcrumb":{"@id":"https:\/\/ensemble-paroissial-reynies.fr\/?p=3726#breadcrumb"},"inLanguage":"fr-FR","potentialAction":[{"@type":"ReadAction","target":["https:\/\/ensemble-paroissial-reynies.fr\/?p=3726"]}]},{"@type":"ImageObject","inLanguage":"fr-FR","@id":"https:\/\/ensemble-paroissial-reynies.fr\/?p=3726#primaryimage","url":"https:\/\/ensemble-paroissial-reynies.fr\/wp-content\/uploads\/images\/icones\/denier-2025-ic.jpg","contentUrl":"https:\/\/ensemble-paroissial-reynies.fr\/wp-content\/uploads\/images\/icones\/denier-2025-ic.jpg","width":180,"height":82},{"@type":"BreadcrumbList","@id":"https:\/\/ensemble-paroissial-reynies.fr\/?p=3726#breadcrumb","itemListElement":[{"@type":"ListItem","position":1,"name":"Home","item":"https:\/\/ensemble-paroissial-reynies.fr\/"},{"@type":"ListItem","position":2,"name":"Denier de l&rsquo;\u00c9glise 2026 &#8211; Pour que l&rsquo;\u00c9glise puisse vivre, donnez !"}]},{"@type":"WebSite","@id":"https:\/\/ensemble-paroissial-reynies.fr\/#website","url":"https:\/\/ensemble-paroissial-reynies.fr\/","name":"Ensemble paroissial de Reyni\u00e8s","description":"","publisher":{"@id":"https:\/\/ensemble-paroissial-reynies.fr\/#organization"},"alternateName":"EPReyni\u00e8s","potentialAction":[{"@type":"SearchAction","target":{"@type":"EntryPoint","urlTemplate":"https:\/\/ensemble-paroissial-reynies.fr\/?s={search_term_string}"},"query-input":{"@type":"PropertyValueSpecification","valueRequired":true,"valueName":"search_term_string"}}],"inLanguage":"fr-FR"},{"@type":"Organization","@id":"https:\/\/ensemble-paroissial-reynies.fr\/#organization","name":"Ensemble paroissial de Reyni\u00e8s","alternateName":"EPReyni\u00e8s","url":"https:\/\/ensemble-paroissial-reynies.fr\/","logo":{"@type":"ImageObject","inLanguage":"fr-FR","@id":"https:\/\/ensemble-paroissial-reynies.fr\/#\/schema\/logo\/image\/","url":"https:\/\/ensemble-paroissial-reynies.fr\/wp-content\/uploads\/paroisse\/nouveau-logo-catechisme-paroisse-07-2023.jpg","contentUrl":"https:\/\/ensemble-paroissial-reynies.fr\/wp-content\/uploads\/paroisse\/nouveau-logo-catechisme-paroisse-07-2023.jpg","width":666,"height":698,"caption":"Ensemble paroissial de Reyni\u00e8s"},"image":{"@id":"https:\/\/ensemble-paroissial-reynies.fr\/#\/schema\/logo\/image\/"}},{"@type":"Person","@id":"https:\/\/ensemble-paroissial-reynies.fr\/#\/schema\/person\/46c7e7974e9f828d02f6be5ac1666b37","name":"EPReynies","image":{"@type":"ImageObject","inLanguage":"fr-FR","@id":"https:\/\/secure.gravatar.com\/avatar\/6dcd7e2b49dcfc27cdc55e7d20c9706f198fa864c3c3d0c24d623e816b42e382?s=96&d=mm&r=g","url":"https:\/\/secure.gravatar.com\/avatar\/6dcd7e2b49dcfc27cdc55e7d20c9706f198fa864c3c3d0c24d623e816b42e382?s=96&d=mm&r=g","contentUrl":"https:\/\/secure.gravatar.com\/avatar\/6dcd7e2b49dcfc27cdc55e7d20c9706f198fa864c3c3d0c24d623e816b42e382?s=96&d=mm&r=g","caption":"EPReynies"},"url":"https:\/\/ensemble-paroissial-reynies.fr\/?author=4"}]}},"featured_image_src":"https:\/\/ensemble-paroissial-reynies.fr\/wp-content\/uploads\/images\/icones\/denier-2025-ic.jpg","featured_image_src_square":"https:\/\/ensemble-paroissial-reynies.fr\/wp-content\/uploads\/images\/icones\/denier-2025-ic.jpg","author_info":{"display_name":"EPReynies","author_link":"https:\/\/ensemble-paroissial-reynies.fr\/?author=4"},"_links":{"self":[{"href":"https:\/\/ensemble-paroissial-reynies.fr\/index.php?rest_route=\/wp\/v2\/posts\/3726","targetHints":{"allow":["GET"]}}],"collection":[{"href":"https:\/\/ensemble-paroissial-reynies.fr\/index.php?rest_route=\/wp\/v2\/posts"}],"about":[{"href":"https:\/\/ensemble-paroissial-reynies.fr\/index.php?rest_route=\/wp\/v2\/types\/post"}],"author":[{"embeddable":true,"href":"https:\/\/ensemble-paroissial-reynies.fr\/index.php?rest_route=\/wp\/v2\/users\/4"}],"replies":[{"embeddable":true,"href":"https:\/\/ensemble-paroissial-reynies.fr\/index.php?rest_route=%2Fwp%2Fv2%2Fcomments&post=3726"}],"version-history":[{"count":1,"href":"https:\/\/ensemble-paroissial-reynies.fr\/index.php?rest_route=\/wp\/v2\/posts\/3726\/revisions"}],"predecessor-version":[{"id":4737,"href":"https:\/\/ensemble-paroissial-reynies.fr\/index.php?rest_route=\/wp\/v2\/posts\/3726\/revisions\/4737"}],"wp:featuredmedia":[{"embeddable":true,"href":"https:\/\/ensemble-paroissial-reynies.fr\/index.php?rest_route=\/wp\/v2\/media\/3727"}],"wp:attachment":[{"href":"https:\/\/ensemble-paroissial-reynies.fr\/index.php?rest_route=%2Fwp%2Fv2%2Fmedia&parent=3726"}],"wp:term":[{"taxonomy":"category","embeddable":true,"href":"https:\/\/ensemble-paroissial-reynies.fr\/index.php?rest_route=%2Fwp%2Fv2%2Fcategories&post=3726"},{"taxonomy":"post_tag","embeddable":true,"href":"https:\/\/ensemble-paroissial-reynies.fr\/index.php?rest_route=%2Fwp%2Fv2%2Ftags&post=3726"}],"curies":[{"name":"wp","href":"https:\/\/api.w.org\/{rel}","templated":true}]}}