{"id":3669,"date":"2025-04-29T11:09:46","date_gmt":"2025-04-29T09:09:46","guid":{"rendered":"https:\/\/ensemble-paroissial-reynies.fr\/?p=3669"},"modified":"2025-09-25T11:56:23","modified_gmt":"2025-09-25T09:56:23","slug":"dimanche-27-avril-2025-pelerinage-de-lensemble-paroissial-pour-le-jubile","status":"publish","type":"post","link":"https:\/\/ensemble-paroissial-reynies.fr\/?p=3669","title":{"rendered":"P\u00e8lerinage de l\u2019Ensemble Paroissial pour le jubil\u00e9 &#8211; C&rsquo;\u00e9tait le 27 avril 2025"},"content":{"rendered":"\n<p>Pendant l\u2019ann\u00e9e jubilaire il est demand\u00e9 \u00e0 tous les chr\u00e9tiens d\u2019aller franchir le seuil d\u2019une des Portes Saintes \u00e0 Rome pour b\u00e9n\u00e9ficier des gr\u00e2ces du Jubil\u00e9.<\/p>\n\n\n\n<p>Dans chaque dioc\u00e8se des \u00e9glises jubilaires ont \u00e9t\u00e9 d\u00e9sign\u00e9es pour qu\u2019il soit possible localement de participer concr\u00e8tement \u00e0 cet \u00e9v\u00e8nement, notamment pour ceux qui ne pourront se rendre \u00e0 Rome. Trois \u00e9glises ont \u00e9t\u00e9 d\u00e9sign\u00e9es \u00e0 cet effet dans notre dioc\u00e8se&nbsp;: l\u2019\u00e9glise Saint-Jacques \u00e0 Montauban, l\u2019abbatiale Saint-Pierre \u00e0 Moissac et le sanctuaire Notre-Dame de Livron \u00e0 Caylus.<\/p>\n\n\n\n<p>Dans le cadre du Jubil\u00e9, tout l\u2019Ensemble Paroissial de Reyni\u00e8s s&rsquo;est rendu en p\u00e8lerinage \u00e0 l\u2019\u00e9glise Saint-Jacques de Montauban le dimanche 27 avril 2025 apr\u00e8s-midi.<\/p>\n\n\n\n<div class=\"wp-block-media-text is-stacked-on-mobile\" style=\"grid-template-columns:34% auto\"><figure class=\"wp-block-media-text__media\"><a href=\"https:\/\/ensemble-paroissial-reynies.fr\/wp-content\/uploads\/evenements\/peljubile20250427\/P1000789-scaled.jpg\"><img loading=\"lazy\" decoding=\"async\" width=\"1024\" height=\"769\" src=\"https:\/\/ensemble-paroissial-reynies.fr\/wp-content\/uploads\/evenements\/peljubile20250427\/P1000789-1024x769.jpg\" alt=\"\" class=\"wp-image-3758 size-full\" srcset=\"https:\/\/ensemble-paroissial-reynies.fr\/wp-content\/uploads\/evenements\/peljubile20250427\/P1000789-1024x769.jpg 1024w, https:\/\/ensemble-paroissial-reynies.fr\/wp-content\/uploads\/evenements\/peljubile20250427\/P1000789-300x225.jpg 300w, https:\/\/ensemble-paroissial-reynies.fr\/wp-content\/uploads\/evenements\/peljubile20250427\/P1000789-768x577.jpg 768w, https:\/\/ensemble-paroissial-reynies.fr\/wp-content\/uploads\/evenements\/peljubile20250427\/P1000789-1536x1153.jpg 1536w, https:\/\/ensemble-paroissial-reynies.fr\/wp-content\/uploads\/evenements\/peljubile20250427\/P1000789-2048x1538.jpg 2048w\" sizes=\"auto, (max-width: 1024px) 100vw, 1024px\" \/><\/a><\/figure><div class=\"wp-block-media-text__content\">\n<p>Le rendez vous \u00e9tait donn\u00e9 \u00e0 ceux qui pouvaient faire une petite marche \u00e0 la Maison Dioc\u00e8saine \u00e0 Montauban \u00e0 15h00.  Le soleil \u00e9tait de la partie, le temps n&rsquo;\u00e9tait pas trop chaud, id\u00e9al pour une marche.<\/p>\n\n\n\n<p>A 15h00 Monsieur le Cur\u00e9 donne le d\u00e9part \u00e0 la petite trentaine de personnes pr\u00e9sentes.<\/p>\n\n\n\n<p>Premi\u00e8re \u00e9tape : la <strong>chapelle de l&rsquo;Immacul\u00e9e Conception<\/strong> Sanctuaire de la Mis\u00e9ricorde divine. En ce dimanche de la Divine Mis\u00e9ricorde, cette \u00e9tape pour participer au Chapelet est incontournable. Et en plus ce n&rsquo;est pas loin.<\/p>\n\n\n\n<p>Nous nous rendons donc \u00e0 la chapelle et nous joignons aux fid\u00e8les venus prier le Chapelet et adorer le Saint-Sacrement.<\/p>\n<\/div><\/div>\n\n\n<div class=\"wp-block-image\">\n<figure class=\"aligncenter size-large is-resized\"><a href=\"https:\/\/ensemble-paroissial-reynies.fr\/wp-content\/uploads\/evenements\/peljubile20250427\/P1000795-scaled.jpg\"><img loading=\"lazy\" decoding=\"async\" width=\"1024\" height=\"769\" src=\"https:\/\/ensemble-paroissial-reynies.fr\/wp-content\/uploads\/evenements\/peljubile20250427\/P1000795-1024x769.jpg\" alt=\"\" class=\"wp-image-3759\" style=\"width:495px;height:auto\" srcset=\"https:\/\/ensemble-paroissial-reynies.fr\/wp-content\/uploads\/evenements\/peljubile20250427\/P1000795-1024x769.jpg 1024w, https:\/\/ensemble-paroissial-reynies.fr\/wp-content\/uploads\/evenements\/peljubile20250427\/P1000795-300x225.jpg 300w, https:\/\/ensemble-paroissial-reynies.fr\/wp-content\/uploads\/evenements\/peljubile20250427\/P1000795-768x577.jpg 768w, https:\/\/ensemble-paroissial-reynies.fr\/wp-content\/uploads\/evenements\/peljubile20250427\/P1000795-1536x1153.jpg 1536w, https:\/\/ensemble-paroissial-reynies.fr\/wp-content\/uploads\/evenements\/peljubile20250427\/P1000795-2048x1538.jpg 2048w\" sizes=\"auto, (max-width: 1024px) 100vw, 1024px\" \/><\/a><\/figure>\n<\/div>\n\n\n<p>Apr\u00e8s ce temps de pri\u00e8re, nous repartons vers notre but : <strong>l&rsquo;\u00e9glise Saint-Jacques<\/strong>. <\/p>\n\n\n\n<div class=\"wp-block-group is-content-justification-center is-nowrap is-layout-flex wp-container-core-group-is-layout-94bc23d7 wp-block-group-is-layout-flex\">\n<figure class=\"wp-block-image size-large is-resized\"><a href=\"https:\/\/ensemble-paroissial-reynies.fr\/wp-content\/uploads\/evenements\/peljubile20250427\/P1000796-scaled.jpg\"><img loading=\"lazy\" decoding=\"async\" width=\"1024\" height=\"769\" src=\"https:\/\/ensemble-paroissial-reynies.fr\/wp-content\/uploads\/evenements\/peljubile20250427\/P1000796-1024x769.jpg\" alt=\"\" class=\"wp-image-3760\" style=\"width:302px;height:auto\" srcset=\"https:\/\/ensemble-paroissial-reynies.fr\/wp-content\/uploads\/evenements\/peljubile20250427\/P1000796-1024x769.jpg 1024w, https:\/\/ensemble-paroissial-reynies.fr\/wp-content\/uploads\/evenements\/peljubile20250427\/P1000796-300x225.jpg 300w, https:\/\/ensemble-paroissial-reynies.fr\/wp-content\/uploads\/evenements\/peljubile20250427\/P1000796-768x577.jpg 768w, https:\/\/ensemble-paroissial-reynies.fr\/wp-content\/uploads\/evenements\/peljubile20250427\/P1000796-1536x1153.jpg 1536w, https:\/\/ensemble-paroissial-reynies.fr\/wp-content\/uploads\/evenements\/peljubile20250427\/P1000796-2048x1538.jpg 2048w\" sizes=\"auto, (max-width: 1024px) 100vw, 1024px\" \/><\/a><\/figure>\n\n\n\n<figure class=\"wp-block-image size-large is-resized\"><a href=\"https:\/\/ensemble-paroissial-reynies.fr\/wp-content\/uploads\/evenements\/peljubile20250427\/P1000797-scaled.jpg\"><img loading=\"lazy\" decoding=\"async\" width=\"1024\" height=\"769\" src=\"https:\/\/ensemble-paroissial-reynies.fr\/wp-content\/uploads\/evenements\/peljubile20250427\/P1000797-1024x769.jpg\" alt=\"\" class=\"wp-image-3761\" style=\"width:298px;height:auto\" srcset=\"https:\/\/ensemble-paroissial-reynies.fr\/wp-content\/uploads\/evenements\/peljubile20250427\/P1000797-1024x769.jpg 1024w, https:\/\/ensemble-paroissial-reynies.fr\/wp-content\/uploads\/evenements\/peljubile20250427\/P1000797-300x225.jpg 300w, https:\/\/ensemble-paroissial-reynies.fr\/wp-content\/uploads\/evenements\/peljubile20250427\/P1000797-768x577.jpg 768w, https:\/\/ensemble-paroissial-reynies.fr\/wp-content\/uploads\/evenements\/peljubile20250427\/P1000797-1536x1153.jpg 1536w, https:\/\/ensemble-paroissial-reynies.fr\/wp-content\/uploads\/evenements\/peljubile20250427\/P1000797-2048x1538.jpg 2048w\" sizes=\"auto, (max-width: 1024px) 100vw, 1024px\" \/><\/a><\/figure>\n\n\n\n<figure class=\"wp-block-image size-large is-resized\"><a href=\"https:\/\/ensemble-paroissial-reynies.fr\/wp-content\/uploads\/evenements\/peljubile20250427\/P1000798-scaled.jpg\"><img loading=\"lazy\" decoding=\"async\" width=\"1024\" height=\"769\" src=\"https:\/\/ensemble-paroissial-reynies.fr\/wp-content\/uploads\/evenements\/peljubile20250427\/P1000798-1024x769.jpg\" alt=\"\" class=\"wp-image-3762\" style=\"width:294px;height:auto\" srcset=\"https:\/\/ensemble-paroissial-reynies.fr\/wp-content\/uploads\/evenements\/peljubile20250427\/P1000798-1024x769.jpg 1024w, https:\/\/ensemble-paroissial-reynies.fr\/wp-content\/uploads\/evenements\/peljubile20250427\/P1000798-300x225.jpg 300w, https:\/\/ensemble-paroissial-reynies.fr\/wp-content\/uploads\/evenements\/peljubile20250427\/P1000798-768x577.jpg 768w, https:\/\/ensemble-paroissial-reynies.fr\/wp-content\/uploads\/evenements\/peljubile20250427\/P1000798-1536x1153.jpg 1536w, https:\/\/ensemble-paroissial-reynies.fr\/wp-content\/uploads\/evenements\/peljubile20250427\/P1000798-2048x1538.jpg 2048w\" sizes=\"auto, (max-width: 1024px) 100vw, 1024px\" \/><\/a><\/figure>\n<\/div>\n\n\n\n<p>Notre petit groupe emmen\u00e9 par le P\u00e8re Herman, tout en r\u00e9citant des Je vous salue marie, a remont\u00e9 le Faubourg du Moustier, pris la Rue Porte du Moustier pour arriver devant la Cath\u00e9drale, s&rsquo;est engag\u00e9 sur la Rue de l&rsquo;H\u00f4tel de Ville, a pris \u00e0 droite la Rue de l&rsquo;Horloge pour ensuite traverser la Place du Coq et joindre l&rsquo;\u00e9glise Saint-Jacques par la Rue de la R\u00e9publique.<\/p>\n\n\n\n<p>A l&rsquo;\u00e9glise nous sommes attendus, le P\u00e8re Jean-Claude est pr\u00e9sent avec quelques fid\u00e8les paroissiens, et des personnes de la paroisse locale dont trois servants d&rsquo;autels sont l\u00e0 pour aider. Merci \u00e0 ces personnes et \u00e0 ces servants d&rsquo;autels de leur disponibilit\u00e9 pour \u00eatre venu pr\u00e9parer l&rsquo;\u00e9glise et la Sainte Table.<\/p>\n\n\n\n<p>Le P\u00e8re Herman, apr\u00e8s avoir rev\u00eatu ses habits sacerdotaux, ouvre le Tabernacle et pr\u00e9pare l&rsquo;Ostensoir. L&rsquo;Adoration du saint-Sacrement peut commencer<\/p>\n\n\n\n<div class=\"wp-block-group is-content-justification-center is-nowrap is-layout-flex wp-container-core-group-is-layout-94bc23d7 wp-block-group-is-layout-flex\">\n<figure class=\"wp-block-image size-large is-resized\"><a href=\"https:\/\/ensemble-paroissial-reynies.fr\/wp-content\/uploads\/evenements\/peljubile20250427\/P1000801-scaled.jpg\"><img loading=\"lazy\" decoding=\"async\" width=\"1024\" height=\"769\" src=\"https:\/\/ensemble-paroissial-reynies.fr\/wp-content\/uploads\/evenements\/peljubile20250427\/P1000801-1024x769.jpg\" alt=\"\" class=\"wp-image-3763\" style=\"width:305px;height:auto\" srcset=\"https:\/\/ensemble-paroissial-reynies.fr\/wp-content\/uploads\/evenements\/peljubile20250427\/P1000801-1024x769.jpg 1024w, https:\/\/ensemble-paroissial-reynies.fr\/wp-content\/uploads\/evenements\/peljubile20250427\/P1000801-300x225.jpg 300w, https:\/\/ensemble-paroissial-reynies.fr\/wp-content\/uploads\/evenements\/peljubile20250427\/P1000801-768x577.jpg 768w, https:\/\/ensemble-paroissial-reynies.fr\/wp-content\/uploads\/evenements\/peljubile20250427\/P1000801-1536x1153.jpg 1536w, https:\/\/ensemble-paroissial-reynies.fr\/wp-content\/uploads\/evenements\/peljubile20250427\/P1000801-2048x1538.jpg 2048w\" sizes=\"auto, (max-width: 1024px) 100vw, 1024px\" \/><\/a><\/figure>\n\n\n\n<figure class=\"wp-block-image size-large is-resized\"><a href=\"https:\/\/ensemble-paroissial-reynies.fr\/wp-content\/uploads\/evenements\/peljubile20250427\/P1000805-scaled.jpg\"><img loading=\"lazy\" decoding=\"async\" width=\"1024\" height=\"769\" src=\"https:\/\/ensemble-paroissial-reynies.fr\/wp-content\/uploads\/evenements\/peljubile20250427\/P1000805-1024x769.jpg\" alt=\"\" class=\"wp-image-3766\" style=\"width:303px;height:auto\" srcset=\"https:\/\/ensemble-paroissial-reynies.fr\/wp-content\/uploads\/evenements\/peljubile20250427\/P1000805-1024x769.jpg 1024w, https:\/\/ensemble-paroissial-reynies.fr\/wp-content\/uploads\/evenements\/peljubile20250427\/P1000805-300x225.jpg 300w, https:\/\/ensemble-paroissial-reynies.fr\/wp-content\/uploads\/evenements\/peljubile20250427\/P1000805-768x577.jpg 768w, https:\/\/ensemble-paroissial-reynies.fr\/wp-content\/uploads\/evenements\/peljubile20250427\/P1000805-1536x1153.jpg 1536w, https:\/\/ensemble-paroissial-reynies.fr\/wp-content\/uploads\/evenements\/peljubile20250427\/P1000805-2048x1538.jpg 2048w\" sizes=\"auto, (max-width: 1024px) 100vw, 1024px\" \/><\/a><\/figure>\n\n\n\n<figure class=\"wp-block-image size-large is-resized\"><a href=\"https:\/\/ensemble-paroissial-reynies.fr\/wp-content\/uploads\/evenements\/peljubile20250427\/P1000806-scaled.jpg\"><img loading=\"lazy\" decoding=\"async\" width=\"1024\" height=\"769\" src=\"https:\/\/ensemble-paroissial-reynies.fr\/wp-content\/uploads\/evenements\/peljubile20250427\/P1000806-1024x769.jpg\" alt=\"\" class=\"wp-image-3767\" style=\"width:308px;height:auto\" srcset=\"https:\/\/ensemble-paroissial-reynies.fr\/wp-content\/uploads\/evenements\/peljubile20250427\/P1000806-1024x769.jpg 1024w, https:\/\/ensemble-paroissial-reynies.fr\/wp-content\/uploads\/evenements\/peljubile20250427\/P1000806-300x225.jpg 300w, https:\/\/ensemble-paroissial-reynies.fr\/wp-content\/uploads\/evenements\/peljubile20250427\/P1000806-768x577.jpg 768w, https:\/\/ensemble-paroissial-reynies.fr\/wp-content\/uploads\/evenements\/peljubile20250427\/P1000806-1536x1153.jpg 1536w, https:\/\/ensemble-paroissial-reynies.fr\/wp-content\/uploads\/evenements\/peljubile20250427\/P1000806-2048x1538.jpg 2048w\" sizes=\"auto, (max-width: 1024px) 100vw, 1024px\" \/><\/a><\/figure>\n<\/div>\n\n\n\n<p>Pendant l&rsquo;adoration le P\u00e8re Herman et le P\u00e8re Jean-Claude \u00e9taient disponibles pour ceux qui voulaient se confesser. <\/p>\n\n\n\n<p>D&rsquo;autres paroissiens de l&rsquo;ensemble paroissial viennent grossir les rangs des fid\u00e8les.<\/p>\n\n\n\n<p>Apr\u00e8s le temps d&rsquo;adoration, l&rsquo;Ostensoir a \u00e9t\u00e9 rang\u00e9, la Sainte-Table pr\u00e9par\u00e9e et une Messe a \u00e9t\u00e9 c\u00e9l\u00e9br\u00e9e par nos deux pr\u00eatres. Une messe fervente, et chantante avec Julien  pour mener les chants accompagn\u00e9 par l&rsquo;orgue remarquablement jou\u00e9.<\/p>\n\n\n\n<div class=\"wp-block-group is-content-justification-center is-nowrap is-layout-flex wp-container-core-group-is-layout-94bc23d7 wp-block-group-is-layout-flex\">\n<figure class=\"wp-block-image size-large is-resized\"><a href=\"https:\/\/ensemble-paroissial-reynies.fr\/wp-content\/uploads\/evenements\/peljubile20250427\/P1000807-scaled.jpg\"><img loading=\"lazy\" decoding=\"async\" width=\"1024\" height=\"769\" src=\"https:\/\/ensemble-paroissial-reynies.fr\/wp-content\/uploads\/evenements\/peljubile20250427\/P1000807-1024x769.jpg\" alt=\"\" class=\"wp-image-3768\" style=\"width:218px;height:auto\" srcset=\"https:\/\/ensemble-paroissial-reynies.fr\/wp-content\/uploads\/evenements\/peljubile20250427\/P1000807-1024x769.jpg 1024w, https:\/\/ensemble-paroissial-reynies.fr\/wp-content\/uploads\/evenements\/peljubile20250427\/P1000807-300x225.jpg 300w, https:\/\/ensemble-paroissial-reynies.fr\/wp-content\/uploads\/evenements\/peljubile20250427\/P1000807-768x577.jpg 768w, https:\/\/ensemble-paroissial-reynies.fr\/wp-content\/uploads\/evenements\/peljubile20250427\/P1000807-1536x1153.jpg 1536w, https:\/\/ensemble-paroissial-reynies.fr\/wp-content\/uploads\/evenements\/peljubile20250427\/P1000807-2048x1538.jpg 2048w\" sizes=\"auto, (max-width: 1024px) 100vw, 1024px\" \/><\/a><\/figure>\n\n\n\n<figure class=\"wp-block-image size-large is-resized\"><a href=\"https:\/\/ensemble-paroissial-reynies.fr\/wp-content\/uploads\/evenements\/peljubile20250427\/P1000808-scaled.jpg\"><img loading=\"lazy\" decoding=\"async\" width=\"769\" height=\"1024\" src=\"https:\/\/ensemble-paroissial-reynies.fr\/wp-content\/uploads\/evenements\/peljubile20250427\/P1000808-769x1024.jpg\" alt=\"\" class=\"wp-image-3769\" style=\"width:173px;height:auto\" srcset=\"https:\/\/ensemble-paroissial-reynies.fr\/wp-content\/uploads\/evenements\/peljubile20250427\/P1000808-769x1024.jpg 769w, https:\/\/ensemble-paroissial-reynies.fr\/wp-content\/uploads\/evenements\/peljubile20250427\/P1000808-225x300.jpg 225w, https:\/\/ensemble-paroissial-reynies.fr\/wp-content\/uploads\/evenements\/peljubile20250427\/P1000808-768x1023.jpg 768w, https:\/\/ensemble-paroissial-reynies.fr\/wp-content\/uploads\/evenements\/peljubile20250427\/P1000808-1153x1536.jpg 1153w, https:\/\/ensemble-paroissial-reynies.fr\/wp-content\/uploads\/evenements\/peljubile20250427\/P1000808-1538x2048.jpg 1538w, https:\/\/ensemble-paroissial-reynies.fr\/wp-content\/uploads\/evenements\/peljubile20250427\/P1000808-scaled.jpg 1922w\" sizes=\"auto, (max-width: 769px) 100vw, 769px\" \/><\/a><\/figure>\n\n\n\n<figure class=\"wp-block-image size-large is-resized\"><a href=\"https:\/\/ensemble-paroissial-reynies.fr\/wp-content\/uploads\/evenements\/peljubile20250427\/P1000809-scaled.jpg\"><img loading=\"lazy\" decoding=\"async\" width=\"1024\" height=\"769\" src=\"https:\/\/ensemble-paroissial-reynies.fr\/wp-content\/uploads\/evenements\/peljubile20250427\/P1000809-1024x769.jpg\" alt=\"\" class=\"wp-image-3770\" style=\"width:214px;height:auto\" srcset=\"https:\/\/ensemble-paroissial-reynies.fr\/wp-content\/uploads\/evenements\/peljubile20250427\/P1000809-1024x769.jpg 1024w, https:\/\/ensemble-paroissial-reynies.fr\/wp-content\/uploads\/evenements\/peljubile20250427\/P1000809-300x225.jpg 300w, https:\/\/ensemble-paroissial-reynies.fr\/wp-content\/uploads\/evenements\/peljubile20250427\/P1000809-768x577.jpg 768w, https:\/\/ensemble-paroissial-reynies.fr\/wp-content\/uploads\/evenements\/peljubile20250427\/P1000809-1536x1153.jpg 1536w, https:\/\/ensemble-paroissial-reynies.fr\/wp-content\/uploads\/evenements\/peljubile20250427\/P1000809-2048x1538.jpg 2048w\" sizes=\"auto, (max-width: 1024px) 100vw, 1024px\" \/><\/a><\/figure>\n\n\n\n<figure class=\"wp-block-image size-large is-resized\"><a href=\"https:\/\/ensemble-paroissial-reynies.fr\/wp-content\/uploads\/evenements\/peljubile20250427\/P1000810-scaled.jpg\"><img loading=\"lazy\" decoding=\"async\" width=\"1024\" height=\"769\" src=\"https:\/\/ensemble-paroissial-reynies.fr\/wp-content\/uploads\/evenements\/peljubile20250427\/P1000810-1024x769.jpg\" alt=\"\" class=\"wp-image-3771\" style=\"width:227px;height:auto\" srcset=\"https:\/\/ensemble-paroissial-reynies.fr\/wp-content\/uploads\/evenements\/peljubile20250427\/P1000810-1024x769.jpg 1024w, https:\/\/ensemble-paroissial-reynies.fr\/wp-content\/uploads\/evenements\/peljubile20250427\/P1000810-300x225.jpg 300w, https:\/\/ensemble-paroissial-reynies.fr\/wp-content\/uploads\/evenements\/peljubile20250427\/P1000810-768x577.jpg 768w, https:\/\/ensemble-paroissial-reynies.fr\/wp-content\/uploads\/evenements\/peljubile20250427\/P1000810-1536x1153.jpg 1536w, https:\/\/ensemble-paroissial-reynies.fr\/wp-content\/uploads\/evenements\/peljubile20250427\/P1000810-2048x1538.jpg 2048w\" sizes=\"auto, (max-width: 1024px) 100vw, 1024px\" \/><\/a><\/figure>\n<\/div>\n\n\n\n<div class=\"wp-block-group is-content-justification-center is-nowrap is-layout-flex wp-container-core-group-is-layout-94bc23d7 wp-block-group-is-layout-flex\">\n<figure class=\"wp-block-image size-large is-resized\"><a href=\"https:\/\/ensemble-paroissial-reynies.fr\/wp-content\/uploads\/evenements\/peljubile20250427\/P1000814-scaled.jpg\"><img loading=\"lazy\" decoding=\"async\" width=\"1024\" height=\"769\" src=\"https:\/\/ensemble-paroissial-reynies.fr\/wp-content\/uploads\/evenements\/peljubile20250427\/P1000814-1024x769.jpg\" alt=\"\" class=\"wp-image-3774\" style=\"width:275px;height:auto\" srcset=\"https:\/\/ensemble-paroissial-reynies.fr\/wp-content\/uploads\/evenements\/peljubile20250427\/P1000814-1024x769.jpg 1024w, https:\/\/ensemble-paroissial-reynies.fr\/wp-content\/uploads\/evenements\/peljubile20250427\/P1000814-300x225.jpg 300w, https:\/\/ensemble-paroissial-reynies.fr\/wp-content\/uploads\/evenements\/peljubile20250427\/P1000814-768x577.jpg 768w, https:\/\/ensemble-paroissial-reynies.fr\/wp-content\/uploads\/evenements\/peljubile20250427\/P1000814-1536x1153.jpg 1536w, https:\/\/ensemble-paroissial-reynies.fr\/wp-content\/uploads\/evenements\/peljubile20250427\/P1000814-2048x1538.jpg 2048w\" sizes=\"auto, (max-width: 1024px) 100vw, 1024px\" \/><\/a><\/figure>\n\n\n\n<figure class=\"wp-block-image size-large is-resized\"><a href=\"https:\/\/ensemble-paroissial-reynies.fr\/wp-content\/uploads\/evenements\/peljubile20250427\/P1000812-scaled.jpg\"><img loading=\"lazy\" decoding=\"async\" width=\"1024\" height=\"769\" src=\"https:\/\/ensemble-paroissial-reynies.fr\/wp-content\/uploads\/evenements\/peljubile20250427\/P1000812-1024x769.jpg\" alt=\"\" class=\"wp-image-3772\" style=\"width:276px;height:auto\" srcset=\"https:\/\/ensemble-paroissial-reynies.fr\/wp-content\/uploads\/evenements\/peljubile20250427\/P1000812-1024x769.jpg 1024w, https:\/\/ensemble-paroissial-reynies.fr\/wp-content\/uploads\/evenements\/peljubile20250427\/P1000812-300x225.jpg 300w, https:\/\/ensemble-paroissial-reynies.fr\/wp-content\/uploads\/evenements\/peljubile20250427\/P1000812-768x577.jpg 768w, https:\/\/ensemble-paroissial-reynies.fr\/wp-content\/uploads\/evenements\/peljubile20250427\/P1000812-1536x1153.jpg 1536w, https:\/\/ensemble-paroissial-reynies.fr\/wp-content\/uploads\/evenements\/peljubile20250427\/P1000812-2048x1538.jpg 2048w\" sizes=\"auto, (max-width: 1024px) 100vw, 1024px\" \/><\/a><\/figure>\n\n\n\n<figure class=\"wp-block-image size-large is-resized\"><a href=\"https:\/\/ensemble-paroissial-reynies.fr\/wp-content\/uploads\/evenements\/peljubile20250427\/P1000816-scaled.jpg\"><img loading=\"lazy\" decoding=\"async\" width=\"1024\" height=\"769\" src=\"https:\/\/ensemble-paroissial-reynies.fr\/wp-content\/uploads\/evenements\/peljubile20250427\/P1000816-1024x769.jpg\" alt=\"\" class=\"wp-image-3775\" style=\"width:278px;height:auto\" srcset=\"https:\/\/ensemble-paroissial-reynies.fr\/wp-content\/uploads\/evenements\/peljubile20250427\/P1000816-1024x769.jpg 1024w, https:\/\/ensemble-paroissial-reynies.fr\/wp-content\/uploads\/evenements\/peljubile20250427\/P1000816-300x225.jpg 300w, https:\/\/ensemble-paroissial-reynies.fr\/wp-content\/uploads\/evenements\/peljubile20250427\/P1000816-768x577.jpg 768w, https:\/\/ensemble-paroissial-reynies.fr\/wp-content\/uploads\/evenements\/peljubile20250427\/P1000816-1536x1153.jpg 1536w, https:\/\/ensemble-paroissial-reynies.fr\/wp-content\/uploads\/evenements\/peljubile20250427\/P1000816-2048x1538.jpg 2048w\" sizes=\"auto, (max-width: 1024px) 100vw, 1024px\" \/><\/a><\/figure>\n<\/div>\n\n\n<div class=\"wp-block-image\">\n<figure class=\"aligncenter size-large is-resized\"><a href=\"https:\/\/ensemble-paroissial-reynies.fr\/wp-content\/uploads\/evenements\/peljubile20250427\/P1000813-scaled.jpg\"><img loading=\"lazy\" decoding=\"async\" width=\"1024\" height=\"769\" src=\"https:\/\/ensemble-paroissial-reynies.fr\/wp-content\/uploads\/evenements\/peljubile20250427\/P1000813-1024x769.jpg\" alt=\"\" class=\"wp-image-3773\" style=\"width:526px;height:auto\" srcset=\"https:\/\/ensemble-paroissial-reynies.fr\/wp-content\/uploads\/evenements\/peljubile20250427\/P1000813-1024x769.jpg 1024w, https:\/\/ensemble-paroissial-reynies.fr\/wp-content\/uploads\/evenements\/peljubile20250427\/P1000813-300x225.jpg 300w, https:\/\/ensemble-paroissial-reynies.fr\/wp-content\/uploads\/evenements\/peljubile20250427\/P1000813-768x577.jpg 768w, https:\/\/ensemble-paroissial-reynies.fr\/wp-content\/uploads\/evenements\/peljubile20250427\/P1000813-1536x1153.jpg 1536w, https:\/\/ensemble-paroissial-reynies.fr\/wp-content\/uploads\/evenements\/peljubile20250427\/P1000813-2048x1538.jpg 2048w\" sizes=\"auto, (max-width: 1024px) 100vw, 1024px\" \/><\/a><\/figure>\n<\/div>\n\n\n<p>A la fin de la Messe, nos pr\u00eatres nous attendaient au fond l&rsquo;\u00e9glise. merci \u00e0 eux pour cette belle Messe et ces temps de pri\u00e8res. Merci \u00e0 tout ceux qui ont organis\u00e9, pr\u00e9par\u00e9 et anim\u00e9 ce bel apr\u00e8s-midi paroissial.<\/p>\n\n\n\n<p>Vous pouvez voir ou t\u00e9l\u00e9charger les feuilles d&rsquo;animation\/chants utilis\u00e9es pendant l&rsquo;apr\u00e8s-midi en cliquant sur les liens ci-dessous<br>&#8211; <a href=\"https:\/\/ensemble-paroissial-reynies.fr\/wp-content\/uploads\/evenements\/peljubile20250427\/ADORATION-DU-SAINT-SACREMENT.pdf\">Feuille pour l&rsquo;adoration du Saint-Sacrement en l&rsquo;\u00e9glise Saint-Jacques<\/a><br>&#8211; <a href=\"https:\/\/ensemble-paroissial-reynies.fr\/wp-content\/uploads\/evenements\/peljubile20250427\/25-04-27-SAINT-JACQUES-MONTAUBAN-DIMANCHE-DE-LA-MISERICORDE.pub_.pdf\">Feuillet de la Messe c\u00e9l\u00e9br\u00e9e en l&rsquo;\u00e9glise Saint-Jacques<\/a><\/p>\n\n\n\n<hr class=\"wp-block-separator has-alpha-channel-opacity\"\/>\n\n\n\n<p><\/p>\n","protected":false},"excerpt":{"rendered":"<p>Pendant l\u2019ann\u00e9e jubilaire il est demand\u00e9 \u00e0 tous les chr\u00e9tiens d\u2019aller franchir le seuil d\u2019une des Portes Saintes \u00e0 Rome pour b\u00e9n\u00e9ficier des gr\u00e2ces du Jubil\u00e9. Dans chaque dioc\u00e8se des \u00e9glises jubilaires ont \u00e9t\u00e9 d\u00e9sign\u00e9es pour qu\u2019il soit possible localement de participer concr\u00e8tement \u00e0 cet \u00e9v\u00e8nement, notamment pour ceux qui ne pourront se rendre \u00e0 &#8230; <a title=\"P\u00e8lerinage de l\u2019Ensemble Paroissial pour le jubil\u00e9 &#8211; C&rsquo;\u00e9tait le 27 avril 2025\" class=\"read-more\" href=\"https:\/\/ensemble-paroissial-reynies.fr\/?p=3669\" aria-label=\"En savoir plus sur P\u00e8lerinage de l\u2019Ensemble Paroissial pour le jubil\u00e9 &#8211; C&rsquo;\u00e9tait le 27 avril 2025\">Lire la suite<\/a><\/p>\n","protected":false},"author":4,"featured_media":3670,"comment_status":"closed","ping_status":"closed","sticky":false,"template":"","format":"standard","meta":{"_eb_attr":"","pgc_sgb_lightbox_settings":"","footnotes":""},"categories":[46,42],"tags":[],"class_list":["post-3669","post","type-post","status-publish","format-standard","has-post-thumbnail","hentry","category-46","category-archives"],"yoast_head":"<!-- This site is optimized with the Yoast SEO plugin v27.5 - https:\/\/yoast.com\/product\/yoast-seo-wordpress\/ -->\n<title>P\u00e8lerinage de l\u2019Ensemble Paroissial pour le jubil\u00e9 - C&#039;\u00e9tait le 27 avril 2025 - Ensemble paroissial de Reyni\u00e8s<\/title>\n<meta name=\"description\" content=\"Ensemble paroissial de Reyni\u00e8s - Ensemble paroissial de Reyni\u00e8s Archives\" \/>\n<meta name=\"robots\" content=\"index, follow, max-snippet:-1, max-image-preview:large, max-video-preview:-1\" \/>\n<link rel=\"canonical\" href=\"https:\/\/ensemble-paroissial-reynies.fr\/?p=3669\" \/>\n<meta property=\"og:locale\" content=\"fr_FR\" \/>\n<meta property=\"og:type\" content=\"article\" \/>\n<meta property=\"og:title\" content=\"P\u00e8lerinage de l\u2019Ensemble Paroissial pour le jubil\u00e9 - C&#039;\u00e9tait le 27 avril 2025 - Ensemble paroissial de Reyni\u00e8s\" \/>\n<meta property=\"og:description\" content=\"Ensemble paroissial de Reyni\u00e8s - Ensemble paroissial de Reyni\u00e8s Archives\" \/>\n<meta property=\"og:url\" content=\"https:\/\/ensemble-paroissial-reynies.fr\/?p=3669\" \/>\n<meta property=\"og:site_name\" content=\"Ensemble paroissial de Reyni\u00e8s\" \/>\n<meta property=\"article:published_time\" content=\"2025-04-29T09:09:46+00:00\" \/>\n<meta property=\"article:modified_time\" content=\"2025-09-25T09:56:23+00:00\" \/>\n<meta property=\"og:image\" content=\"https:\/\/ensemble-paroissial-reynies.fr\/wp-content\/uploads\/images\/icones\/logo-jubile-icone.png\" \/>\n\t<meta property=\"og:image:width\" content=\"99\" \/>\n\t<meta property=\"og:image:height\" content=\"100\" \/>\n\t<meta property=\"og:image:type\" content=\"image\/png\" \/>\n<meta name=\"author\" content=\"EPReynies\" \/>\n<meta name=\"twitter:card\" content=\"summary_large_image\" \/>\n<meta name=\"twitter:label1\" content=\"\u00c9crit par\" \/>\n\t<meta name=\"twitter:data1\" content=\"EPReynies\" \/>\n\t<meta name=\"twitter:label2\" content=\"Dur\u00e9e de lecture estim\u00e9e\" \/>\n\t<meta name=\"twitter:data2\" content=\"6 minutes\" \/>\n<script type=\"application\/ld+json\" class=\"yoast-schema-graph\">{\"@context\":\"https:\\\/\\\/schema.org\",\"@graph\":[{\"@type\":\"Article\",\"@id\":\"https:\\\/\\\/ensemble-paroissial-reynies.fr\\\/?p=3669#article\",\"isPartOf\":{\"@id\":\"https:\\\/\\\/ensemble-paroissial-reynies.fr\\\/?p=3669\"},\"author\":{\"name\":\"EPReynies\",\"@id\":\"https:\\\/\\\/ensemble-paroissial-reynies.fr\\\/#\\\/schema\\\/person\\\/46c7e7974e9f828d02f6be5ac1666b37\"},\"headline\":\"P\u00e8lerinage de l\u2019Ensemble Paroissial pour le jubil\u00e9 &#8211; C&rsquo;\u00e9tait le 27 avril 2025\",\"datePublished\":\"2025-04-29T09:09:46+00:00\",\"dateModified\":\"2025-09-25T09:56:23+00:00\",\"mainEntityOfPage\":{\"@id\":\"https:\\\/\\\/ensemble-paroissial-reynies.fr\\\/?p=3669\"},\"wordCount\":591,\"publisher\":{\"@id\":\"https:\\\/\\\/ensemble-paroissial-reynies.fr\\\/#organization\"},\"image\":{\"@id\":\"https:\\\/\\\/ensemble-paroissial-reynies.fr\\\/?p=3669#primaryimage\"},\"thumbnailUrl\":\"https:\\\/\\\/ensemble-paroissial-reynies.fr\\\/wp-content\\\/uploads\\\/images\\\/icones\\\/logo-jubile-icone.png\",\"articleSection\":[\"2025\",\"Archives\"],\"inLanguage\":\"fr-FR\"},{\"@type\":\"WebPage\",\"@id\":\"https:\\\/\\\/ensemble-paroissial-reynies.fr\\\/?p=3669\",\"url\":\"https:\\\/\\\/ensemble-paroissial-reynies.fr\\\/?p=3669\",\"name\":\"P\u00e8lerinage de l\u2019Ensemble Paroissial pour le jubil\u00e9 - C'\u00e9tait le 27 avril 2025 - Ensemble paroissial de Reyni\u00e8s\",\"isPartOf\":{\"@id\":\"https:\\\/\\\/ensemble-paroissial-reynies.fr\\\/#website\"},\"primaryImageOfPage\":{\"@id\":\"https:\\\/\\\/ensemble-paroissial-reynies.fr\\\/?p=3669#primaryimage\"},\"image\":{\"@id\":\"https:\\\/\\\/ensemble-paroissial-reynies.fr\\\/?p=3669#primaryimage\"},\"thumbnailUrl\":\"https:\\\/\\\/ensemble-paroissial-reynies.fr\\\/wp-content\\\/uploads\\\/images\\\/icones\\\/logo-jubile-icone.png\",\"datePublished\":\"2025-04-29T09:09:46+00:00\",\"dateModified\":\"2025-09-25T09:56:23+00:00\",\"description\":\"Ensemble paroissial de Reyni\u00e8s - Ensemble paroissial de Reyni\u00e8s Archives\",\"breadcrumb\":{\"@id\":\"https:\\\/\\\/ensemble-paroissial-reynies.fr\\\/?p=3669#breadcrumb\"},\"inLanguage\":\"fr-FR\",\"potentialAction\":[{\"@type\":\"ReadAction\",\"target\":[\"https:\\\/\\\/ensemble-paroissial-reynies.fr\\\/?p=3669\"]}]},{\"@type\":\"ImageObject\",\"inLanguage\":\"fr-FR\",\"@id\":\"https:\\\/\\\/ensemble-paroissial-reynies.fr\\\/?p=3669#primaryimage\",\"url\":\"https:\\\/\\\/ensemble-paroissial-reynies.fr\\\/wp-content\\\/uploads\\\/images\\\/icones\\\/logo-jubile-icone.png\",\"contentUrl\":\"https:\\\/\\\/ensemble-paroissial-reynies.fr\\\/wp-content\\\/uploads\\\/images\\\/icones\\\/logo-jubile-icone.png\",\"width\":99,\"height\":100},{\"@type\":\"BreadcrumbList\",\"@id\":\"https:\\\/\\\/ensemble-paroissial-reynies.fr\\\/?p=3669#breadcrumb\",\"itemListElement\":[{\"@type\":\"ListItem\",\"position\":1,\"name\":\"Home\",\"item\":\"https:\\\/\\\/ensemble-paroissial-reynies.fr\\\/\"},{\"@type\":\"ListItem\",\"position\":2,\"name\":\"P\u00e8lerinage de l\u2019Ensemble Paroissial pour le jubil\u00e9 &#8211; C&rsquo;\u00e9tait le 27 avril 2025\"}]},{\"@type\":\"WebSite\",\"@id\":\"https:\\\/\\\/ensemble-paroissial-reynies.fr\\\/#website\",\"url\":\"https:\\\/\\\/ensemble-paroissial-reynies.fr\\\/\",\"name\":\"Ensemble paroissial de Reyni\u00e8s\",\"description\":\"\",\"publisher\":{\"@id\":\"https:\\\/\\\/ensemble-paroissial-reynies.fr\\\/#organization\"},\"alternateName\":\"EPReyni\u00e8s\",\"potentialAction\":[{\"@type\":\"SearchAction\",\"target\":{\"@type\":\"EntryPoint\",\"urlTemplate\":\"https:\\\/\\\/ensemble-paroissial-reynies.fr\\\/?s={search_term_string}\"},\"query-input\":{\"@type\":\"PropertyValueSpecification\",\"valueRequired\":true,\"valueName\":\"search_term_string\"}}],\"inLanguage\":\"fr-FR\"},{\"@type\":\"Organization\",\"@id\":\"https:\\\/\\\/ensemble-paroissial-reynies.fr\\\/#organization\",\"name\":\"Ensemble paroissial de Reyni\u00e8s\",\"alternateName\":\"EPReyni\u00e8s\",\"url\":\"https:\\\/\\\/ensemble-paroissial-reynies.fr\\\/\",\"logo\":{\"@type\":\"ImageObject\",\"inLanguage\":\"fr-FR\",\"@id\":\"https:\\\/\\\/ensemble-paroissial-reynies.fr\\\/#\\\/schema\\\/logo\\\/image\\\/\",\"url\":\"https:\\\/\\\/ensemble-paroissial-reynies.fr\\\/wp-content\\\/uploads\\\/paroisse\\\/nouveau-logo-catechisme-paroisse-07-2023.jpg\",\"contentUrl\":\"https:\\\/\\\/ensemble-paroissial-reynies.fr\\\/wp-content\\\/uploads\\\/paroisse\\\/nouveau-logo-catechisme-paroisse-07-2023.jpg\",\"width\":666,\"height\":698,\"caption\":\"Ensemble paroissial de Reyni\u00e8s\"},\"image\":{\"@id\":\"https:\\\/\\\/ensemble-paroissial-reynies.fr\\\/#\\\/schema\\\/logo\\\/image\\\/\"}},{\"@type\":\"Person\",\"@id\":\"https:\\\/\\\/ensemble-paroissial-reynies.fr\\\/#\\\/schema\\\/person\\\/46c7e7974e9f828d02f6be5ac1666b37\",\"name\":\"EPReynies\",\"image\":{\"@type\":\"ImageObject\",\"inLanguage\":\"fr-FR\",\"@id\":\"https:\\\/\\\/secure.gravatar.com\\\/avatar\\\/6dcd7e2b49dcfc27cdc55e7d20c9706f198fa864c3c3d0c24d623e816b42e382?s=96&d=mm&r=g\",\"url\":\"https:\\\/\\\/secure.gravatar.com\\\/avatar\\\/6dcd7e2b49dcfc27cdc55e7d20c9706f198fa864c3c3d0c24d623e816b42e382?s=96&d=mm&r=g\",\"contentUrl\":\"https:\\\/\\\/secure.gravatar.com\\\/avatar\\\/6dcd7e2b49dcfc27cdc55e7d20c9706f198fa864c3c3d0c24d623e816b42e382?s=96&d=mm&r=g\",\"caption\":\"EPReynies\"},\"url\":\"https:\\\/\\\/ensemble-paroissial-reynies.fr\\\/?author=4\"}]}<\/script>\n<!-- \/ Yoast SEO plugin. -->","yoast_head_json":{"title":"P\u00e8lerinage de l\u2019Ensemble Paroissial pour le jubil\u00e9 - C'\u00e9tait le 27 avril 2025 - Ensemble paroissial de Reyni\u00e8s","description":"Ensemble paroissial de Reyni\u00e8s - Ensemble paroissial de Reyni\u00e8s Archives","robots":{"index":"index","follow":"follow","max-snippet":"max-snippet:-1","max-image-preview":"max-image-preview:large","max-video-preview":"max-video-preview:-1"},"canonical":"https:\/\/ensemble-paroissial-reynies.fr\/?p=3669","og_locale":"fr_FR","og_type":"article","og_title":"P\u00e8lerinage de l\u2019Ensemble Paroissial pour le jubil\u00e9 - C'\u00e9tait le 27 avril 2025 - Ensemble paroissial de Reyni\u00e8s","og_description":"Ensemble paroissial de Reyni\u00e8s - Ensemble paroissial de Reyni\u00e8s Archives","og_url":"https:\/\/ensemble-paroissial-reynies.fr\/?p=3669","og_site_name":"Ensemble paroissial de Reyni\u00e8s","article_published_time":"2025-04-29T09:09:46+00:00","article_modified_time":"2025-09-25T09:56:23+00:00","og_image":[{"width":99,"height":100,"url":"https:\/\/ensemble-paroissial-reynies.fr\/wp-content\/uploads\/images\/icones\/logo-jubile-icone.png","type":"image\/png"}],"author":"EPReynies","twitter_card":"summary_large_image","twitter_misc":{"\u00c9crit par":"EPReynies","Dur\u00e9e de lecture estim\u00e9e":"6 minutes"},"schema":{"@context":"https:\/\/schema.org","@graph":[{"@type":"Article","@id":"https:\/\/ensemble-paroissial-reynies.fr\/?p=3669#article","isPartOf":{"@id":"https:\/\/ensemble-paroissial-reynies.fr\/?p=3669"},"author":{"name":"EPReynies","@id":"https:\/\/ensemble-paroissial-reynies.fr\/#\/schema\/person\/46c7e7974e9f828d02f6be5ac1666b37"},"headline":"P\u00e8lerinage de l\u2019Ensemble Paroissial pour le jubil\u00e9 &#8211; C&rsquo;\u00e9tait le 27 avril 2025","datePublished":"2025-04-29T09:09:46+00:00","dateModified":"2025-09-25T09:56:23+00:00","mainEntityOfPage":{"@id":"https:\/\/ensemble-paroissial-reynies.fr\/?p=3669"},"wordCount":591,"publisher":{"@id":"https:\/\/ensemble-paroissial-reynies.fr\/#organization"},"image":{"@id":"https:\/\/ensemble-paroissial-reynies.fr\/?p=3669#primaryimage"},"thumbnailUrl":"https:\/\/ensemble-paroissial-reynies.fr\/wp-content\/uploads\/images\/icones\/logo-jubile-icone.png","articleSection":["2025","Archives"],"inLanguage":"fr-FR"},{"@type":"WebPage","@id":"https:\/\/ensemble-paroissial-reynies.fr\/?p=3669","url":"https:\/\/ensemble-paroissial-reynies.fr\/?p=3669","name":"P\u00e8lerinage de l\u2019Ensemble Paroissial pour le jubil\u00e9 - C'\u00e9tait le 27 avril 2025 - Ensemble paroissial de Reyni\u00e8s","isPartOf":{"@id":"https:\/\/ensemble-paroissial-reynies.fr\/#website"},"primaryImageOfPage":{"@id":"https:\/\/ensemble-paroissial-reynies.fr\/?p=3669#primaryimage"},"image":{"@id":"https:\/\/ensemble-paroissial-reynies.fr\/?p=3669#primaryimage"},"thumbnailUrl":"https:\/\/ensemble-paroissial-reynies.fr\/wp-content\/uploads\/images\/icones\/logo-jubile-icone.png","datePublished":"2025-04-29T09:09:46+00:00","dateModified":"2025-09-25T09:56:23+00:00","description":"Ensemble paroissial de Reyni\u00e8s - Ensemble paroissial de Reyni\u00e8s Archives","breadcrumb":{"@id":"https:\/\/ensemble-paroissial-reynies.fr\/?p=3669#breadcrumb"},"inLanguage":"fr-FR","potentialAction":[{"@type":"ReadAction","target":["https:\/\/ensemble-paroissial-reynies.fr\/?p=3669"]}]},{"@type":"ImageObject","inLanguage":"fr-FR","@id":"https:\/\/ensemble-paroissial-reynies.fr\/?p=3669#primaryimage","url":"https:\/\/ensemble-paroissial-reynies.fr\/wp-content\/uploads\/images\/icones\/logo-jubile-icone.png","contentUrl":"https:\/\/ensemble-paroissial-reynies.fr\/wp-content\/uploads\/images\/icones\/logo-jubile-icone.png","width":99,"height":100},{"@type":"BreadcrumbList","@id":"https:\/\/ensemble-paroissial-reynies.fr\/?p=3669#breadcrumb","itemListElement":[{"@type":"ListItem","position":1,"name":"Home","item":"https:\/\/ensemble-paroissial-reynies.fr\/"},{"@type":"ListItem","position":2,"name":"P\u00e8lerinage de l\u2019Ensemble Paroissial pour le jubil\u00e9 &#8211; C&rsquo;\u00e9tait le 27 avril 2025"}]},{"@type":"WebSite","@id":"https:\/\/ensemble-paroissial-reynies.fr\/#website","url":"https:\/\/ensemble-paroissial-reynies.fr\/","name":"Ensemble paroissial de Reyni\u00e8s","description":"","publisher":{"@id":"https:\/\/ensemble-paroissial-reynies.fr\/#organization"},"alternateName":"EPReyni\u00e8s","potentialAction":[{"@type":"SearchAction","target":{"@type":"EntryPoint","urlTemplate":"https:\/\/ensemble-paroissial-reynies.fr\/?s={search_term_string}"},"query-input":{"@type":"PropertyValueSpecification","valueRequired":true,"valueName":"search_term_string"}}],"inLanguage":"fr-FR"},{"@type":"Organization","@id":"https:\/\/ensemble-paroissial-reynies.fr\/#organization","name":"Ensemble paroissial de Reyni\u00e8s","alternateName":"EPReyni\u00e8s","url":"https:\/\/ensemble-paroissial-reynies.fr\/","logo":{"@type":"ImageObject","inLanguage":"fr-FR","@id":"https:\/\/ensemble-paroissial-reynies.fr\/#\/schema\/logo\/image\/","url":"https:\/\/ensemble-paroissial-reynies.fr\/wp-content\/uploads\/paroisse\/nouveau-logo-catechisme-paroisse-07-2023.jpg","contentUrl":"https:\/\/ensemble-paroissial-reynies.fr\/wp-content\/uploads\/paroisse\/nouveau-logo-catechisme-paroisse-07-2023.jpg","width":666,"height":698,"caption":"Ensemble paroissial de Reyni\u00e8s"},"image":{"@id":"https:\/\/ensemble-paroissial-reynies.fr\/#\/schema\/logo\/image\/"}},{"@type":"Person","@id":"https:\/\/ensemble-paroissial-reynies.fr\/#\/schema\/person\/46c7e7974e9f828d02f6be5ac1666b37","name":"EPReynies","image":{"@type":"ImageObject","inLanguage":"fr-FR","@id":"https:\/\/secure.gravatar.com\/avatar\/6dcd7e2b49dcfc27cdc55e7d20c9706f198fa864c3c3d0c24d623e816b42e382?s=96&d=mm&r=g","url":"https:\/\/secure.gravatar.com\/avatar\/6dcd7e2b49dcfc27cdc55e7d20c9706f198fa864c3c3d0c24d623e816b42e382?s=96&d=mm&r=g","contentUrl":"https:\/\/secure.gravatar.com\/avatar\/6dcd7e2b49dcfc27cdc55e7d20c9706f198fa864c3c3d0c24d623e816b42e382?s=96&d=mm&r=g","caption":"EPReynies"},"url":"https:\/\/ensemble-paroissial-reynies.fr\/?author=4"}]}},"featured_image_src":"https:\/\/ensemble-paroissial-reynies.fr\/wp-content\/uploads\/images\/icones\/logo-jubile-icone.png","featured_image_src_square":"https:\/\/ensemble-paroissial-reynies.fr\/wp-content\/uploads\/images\/icones\/logo-jubile-icone.png","author_info":{"display_name":"EPReynies","author_link":"https:\/\/ensemble-paroissial-reynies.fr\/?author=4"},"_links":{"self":[{"href":"https:\/\/ensemble-paroissial-reynies.fr\/index.php?rest_route=\/wp\/v2\/posts\/3669","targetHints":{"allow":["GET"]}}],"collection":[{"href":"https:\/\/ensemble-paroissial-reynies.fr\/index.php?rest_route=\/wp\/v2\/posts"}],"about":[{"href":"https:\/\/ensemble-paroissial-reynies.fr\/index.php?rest_route=\/wp\/v2\/types\/post"}],"author":[{"embeddable":true,"href":"https:\/\/ensemble-paroissial-reynies.fr\/index.php?rest_route=\/wp\/v2\/users\/4"}],"replies":[{"embeddable":true,"href":"https:\/\/ensemble-paroissial-reynies.fr\/index.php?rest_route=%2Fwp%2Fv2%2Fcomments&post=3669"}],"version-history":[{"count":0,"href":"https:\/\/ensemble-paroissial-reynies.fr\/index.php?rest_route=\/wp\/v2\/posts\/3669\/revisions"}],"wp:featuredmedia":[{"embeddable":true,"href":"https:\/\/ensemble-paroissial-reynies.fr\/index.php?rest_route=\/wp\/v2\/media\/3670"}],"wp:attachment":[{"href":"https:\/\/ensemble-paroissial-reynies.fr\/index.php?rest_route=%2Fwp%2Fv2%2Fmedia&parent=3669"}],"wp:term":[{"taxonomy":"category","embeddable":true,"href":"https:\/\/ensemble-paroissial-reynies.fr\/index.php?rest_route=%2Fwp%2Fv2%2Fcategories&post=3669"},{"taxonomy":"post_tag","embeddable":true,"href":"https:\/\/ensemble-paroissial-reynies.fr\/index.php?rest_route=%2Fwp%2Fv2%2Ftags&post=3669"}],"curies":[{"name":"wp","href":"https:\/\/api.w.org\/{rel}","templated":true}]}}