{"id":3645,"date":"2025-03-18T18:25:55","date_gmt":"2025-03-18T17:25:55","guid":{"rendered":"https:\/\/ensemble-paroissial-reynies.fr\/?p=3645"},"modified":"2025-09-25T11:55:11","modified_gmt":"2025-09-25T09:55:11","slug":"temps-fort-kt-du-15-mars-2025","status":"publish","type":"post","link":"https:\/\/ensemble-paroissial-reynies.fr\/?p=3645","title":{"rendered":"Temps fort KT du 15 mars 2025"},"content":{"rendered":"\n<p>Le samedi 15 mars les \u00e9quipes du KT avaient propos\u00e9 un temps fort aux enfants du cat\u00e9chisme, \u00e0 leurs parents et \u00e0 tous les paroissiens.<\/p>\n\n\n\n<div class=\"wp-block-group is-vertical is-layout-flex wp-container-core-group-is-layout-8cf370e7 wp-block-group-is-layout-flex\">\n<p>Le th\u00e8me parfaitement adapt\u00e9 au temps du Car\u00eame \u00e9tait  <strong>Pardon et Adoration <\/strong>:<\/p>\n\n\n\n<div class=\"wp-block-group is-nowrap is-layout-flex wp-container-core-group-is-layout-ad2f72ca wp-block-group-is-layout-flex\">\n<div style=\"height:100px;width:18px\" aria-hidden=\"true\" class=\"wp-block-spacer wp-container-content-7a8a7e73\"><\/div>\n\n\n\n<ul class=\"wp-block-list\">\n<li>Comment red\u00e9couvrir la mis\u00e9ricorde de Dieu \u00e0 travers le sacrement de r\u00e9conciliation ?<\/li>\n\n\n\n<li>Comment parler \u00e0 Dieu pr\u00e9sent dans l\u2019Eucharistie sans s&rsquo;ennuyer ?<\/li>\n<\/ul>\n<\/div>\n<\/div>\n\n\n\n<p>A 14h00 les enfants se sont donc retrouv\u00e9s \u00e0 la Maison paroissiale. On leur a expliqu\u00e9 ce qu&rsquo;\u00e9tait une pr\u00e9paration p\u00e9nitentielle et une adoration, ils ont pu \u00e9changer, poser des questions.<\/p>\n\n\n\n<p>Puis ils se sont rendus \u00e0 pied en procession \u00e0 l&rsquo;\u00e9glise de Reyni\u00e8s o\u00f9 a d&rsquo;abord eu lieu une c\u00e9l\u00e9bration p\u00e9nitentielle (vous pouvez voir le d\u00e9roulement de la c\u00e9l\u00e9bration p\u00e9nitentielle en cliquant <a href=\"https:\/\/ensemble-paroissial-reynies.fr\/wp-content\/uploads\/evenements\/temps_fort_KT_15-03-2025\/Celebration-penitentielle.pdf\">ICI<\/a>). Apr\u00e8s la c\u00e9l\u00e9bration p\u00e9nitentielle les enfants pouvaient se confesser.<\/p>\n\n\n\n<p>Tous les vendredis apr\u00e8s-midi en l&rsquo;\u00e9glise de Reyni\u00e8s a lieu une adoration du Saint Sacrement, les enfants ont particip\u00e9 \u00e0 cette adoration. Pour cette adoration les animateurs avaient pr\u00e9par\u00e9 un d\u00e9roulement avec pri\u00e8res, chants, m\u00e9ditations (pour voir le d\u00e9roulement cliquez <a href=\"https:\/\/ensemble-paroissial-reynies.fr\/wp-content\/uploads\/evenements\/temps_fort_KT_15-03-2025\/adoration.pdf\">ICI<\/a>)<\/p>\n\n\n\n<p>Un temps fort r\u00e9ussi, merci aux animateurs pour leur travail, merci aux enfants d&rsquo;avoir r\u00e9pondu pr\u00e9sents pour passer une apr\u00e8s-midi \u00e0 prier et \u00e9couter la Parole.<\/p>\n\n\n\n<p>Quelques photos prises pendant la marche:<\/p>\n\n\n\n<figure class=\"wp-block-gallery has-nested-images columns-2 is-cropped wp-block-gallery-1 is-layout-flex wp-block-gallery-is-layout-flex\">\n<figure class=\"wp-block-image size-full\"><a href=\"https:\/\/ensemble-paroissial-reynies.fr\/wp-content\/uploads\/evenements\/temps_fort_KT_15-03-2025\/marche1.jpg\"><img loading=\"lazy\" decoding=\"async\" width=\"2048\" height=\"1536\" data-id=\"3644\" src=\"https:\/\/ensemble-paroissial-reynies.fr\/wp-content\/uploads\/evenements\/temps_fort_KT_15-03-2025\/marche1.jpg\" alt=\"\" class=\"wp-image-3644\" srcset=\"https:\/\/ensemble-paroissial-reynies.fr\/wp-content\/uploads\/evenements\/temps_fort_KT_15-03-2025\/marche1.jpg 2048w, https:\/\/ensemble-paroissial-reynies.fr\/wp-content\/uploads\/evenements\/temps_fort_KT_15-03-2025\/marche1-300x225.jpg 300w, https:\/\/ensemble-paroissial-reynies.fr\/wp-content\/uploads\/evenements\/temps_fort_KT_15-03-2025\/marche1-1024x768.jpg 1024w, https:\/\/ensemble-paroissial-reynies.fr\/wp-content\/uploads\/evenements\/temps_fort_KT_15-03-2025\/marche1-768x576.jpg 768w, https:\/\/ensemble-paroissial-reynies.fr\/wp-content\/uploads\/evenements\/temps_fort_KT_15-03-2025\/marche1-1536x1152.jpg 1536w\" sizes=\"auto, (max-width: 2048px) 100vw, 2048px\" \/><\/a><\/figure>\n\n\n\n<figure class=\"wp-block-image size-full\"><a href=\"https:\/\/ensemble-paroissial-reynies.fr\/wp-content\/uploads\/evenements\/temps_fort_KT_15-03-2025\/marche2.jpg\"><img loading=\"lazy\" decoding=\"async\" width=\"2048\" height=\"1536\" data-id=\"3641\" src=\"https:\/\/ensemble-paroissial-reynies.fr\/wp-content\/uploads\/evenements\/temps_fort_KT_15-03-2025\/marche2.jpg\" alt=\"\" class=\"wp-image-3641\" srcset=\"https:\/\/ensemble-paroissial-reynies.fr\/wp-content\/uploads\/evenements\/temps_fort_KT_15-03-2025\/marche2.jpg 2048w, https:\/\/ensemble-paroissial-reynies.fr\/wp-content\/uploads\/evenements\/temps_fort_KT_15-03-2025\/marche2-300x225.jpg 300w, https:\/\/ensemble-paroissial-reynies.fr\/wp-content\/uploads\/evenements\/temps_fort_KT_15-03-2025\/marche2-1024x768.jpg 1024w, https:\/\/ensemble-paroissial-reynies.fr\/wp-content\/uploads\/evenements\/temps_fort_KT_15-03-2025\/marche2-768x576.jpg 768w, https:\/\/ensemble-paroissial-reynies.fr\/wp-content\/uploads\/evenements\/temps_fort_KT_15-03-2025\/marche2-1536x1152.jpg 1536w\" sizes=\"auto, (max-width: 2048px) 100vw, 2048px\" \/><\/a><\/figure>\n\n\n\n<figure class=\"wp-block-image size-full\"><a href=\"https:\/\/ensemble-paroissial-reynies.fr\/wp-content\/uploads\/evenements\/temps_fort_KT_15-03-2025\/mareche3.jpg\"><img loading=\"lazy\" decoding=\"async\" width=\"2048\" height=\"1536\" data-id=\"3643\" src=\"https:\/\/ensemble-paroissial-reynies.fr\/wp-content\/uploads\/evenements\/temps_fort_KT_15-03-2025\/mareche3.jpg\" alt=\"\" class=\"wp-image-3643\" srcset=\"https:\/\/ensemble-paroissial-reynies.fr\/wp-content\/uploads\/evenements\/temps_fort_KT_15-03-2025\/mareche3.jpg 2048w, https:\/\/ensemble-paroissial-reynies.fr\/wp-content\/uploads\/evenements\/temps_fort_KT_15-03-2025\/mareche3-300x225.jpg 300w, https:\/\/ensemble-paroissial-reynies.fr\/wp-content\/uploads\/evenements\/temps_fort_KT_15-03-2025\/mareche3-1024x768.jpg 1024w, https:\/\/ensemble-paroissial-reynies.fr\/wp-content\/uploads\/evenements\/temps_fort_KT_15-03-2025\/mareche3-768x576.jpg 768w, https:\/\/ensemble-paroissial-reynies.fr\/wp-content\/uploads\/evenements\/temps_fort_KT_15-03-2025\/mareche3-1536x1152.jpg 1536w\" sizes=\"auto, (max-width: 2048px) 100vw, 2048px\" \/><\/a><\/figure>\n\n\n\n<figure class=\"wp-block-image size-full\"><a href=\"https:\/\/ensemble-paroissial-reynies.fr\/wp-content\/uploads\/evenements\/temps_fort_KT_15-03-2025\/marche4.jpg\"><img loading=\"lazy\" decoding=\"async\" width=\"2048\" height=\"1536\" data-id=\"3640\" src=\"https:\/\/ensemble-paroissial-reynies.fr\/wp-content\/uploads\/evenements\/temps_fort_KT_15-03-2025\/marche4.jpg\" alt=\"\" class=\"wp-image-3640\" srcset=\"https:\/\/ensemble-paroissial-reynies.fr\/wp-content\/uploads\/evenements\/temps_fort_KT_15-03-2025\/marche4.jpg 2048w, https:\/\/ensemble-paroissial-reynies.fr\/wp-content\/uploads\/evenements\/temps_fort_KT_15-03-2025\/marche4-300x225.jpg 300w, https:\/\/ensemble-paroissial-reynies.fr\/wp-content\/uploads\/evenements\/temps_fort_KT_15-03-2025\/marche4-1024x768.jpg 1024w, https:\/\/ensemble-paroissial-reynies.fr\/wp-content\/uploads\/evenements\/temps_fort_KT_15-03-2025\/marche4-768x576.jpg 768w, https:\/\/ensemble-paroissial-reynies.fr\/wp-content\/uploads\/evenements\/temps_fort_KT_15-03-2025\/marche4-1536x1152.jpg 1536w\" sizes=\"auto, (max-width: 2048px) 100vw, 2048px\" \/><\/a><\/figure>\n\n\n\n<figure class=\"wp-block-image size-full\"><a href=\"https:\/\/ensemble-paroissial-reynies.fr\/wp-content\/uploads\/evenements\/temps_fort_KT_15-03-2025\/marche5.jpg\"><img loading=\"lazy\" decoding=\"async\" width=\"2048\" height=\"1536\" data-id=\"3642\" src=\"https:\/\/ensemble-paroissial-reynies.fr\/wp-content\/uploads\/evenements\/temps_fort_KT_15-03-2025\/marche5.jpg\" alt=\"\" class=\"wp-image-3642\" srcset=\"https:\/\/ensemble-paroissial-reynies.fr\/wp-content\/uploads\/evenements\/temps_fort_KT_15-03-2025\/marche5.jpg 2048w, https:\/\/ensemble-paroissial-reynies.fr\/wp-content\/uploads\/evenements\/temps_fort_KT_15-03-2025\/marche5-300x225.jpg 300w, https:\/\/ensemble-paroissial-reynies.fr\/wp-content\/uploads\/evenements\/temps_fort_KT_15-03-2025\/marche5-1024x768.jpg 1024w, https:\/\/ensemble-paroissial-reynies.fr\/wp-content\/uploads\/evenements\/temps_fort_KT_15-03-2025\/marche5-768x576.jpg 768w, https:\/\/ensemble-paroissial-reynies.fr\/wp-content\/uploads\/evenements\/temps_fort_KT_15-03-2025\/marche5-1536x1152.jpg 1536w\" sizes=\"auto, (max-width: 2048px) 100vw, 2048px\" \/><\/a><\/figure>\n<\/figure>\n","protected":false},"excerpt":{"rendered":"<p>Le samedi 15 mars les \u00e9quipes du KT avaient propos\u00e9 un temps fort aux enfants du cat\u00e9chisme, \u00e0 leurs parents et \u00e0 tous les paroissiens. Le th\u00e8me parfaitement adapt\u00e9 au temps du Car\u00eame \u00e9tait Pardon et Adoration : A 14h00 les enfants se sont donc retrouv\u00e9s \u00e0 la Maison paroissiale. On leur a expliqu\u00e9 ce &#8230; <a title=\"Temps fort KT du 15 mars 2025\" class=\"read-more\" href=\"https:\/\/ensemble-paroissial-reynies.fr\/?p=3645\" aria-label=\"En savoir plus sur Temps fort KT du 15 mars 2025\">Lire la suite<\/a><\/p>\n","protected":false},"author":4,"featured_media":0,"comment_status":"closed","ping_status":"closed","sticky":false,"template":"","format":"standard","meta":{"_eb_attr":"","pgc_sgb_lightbox_settings":"","footnotes":""},"categories":[46,42,22],"tags":[],"class_list":["post-3645","post","type-post","status-publish","format-standard","hentry","category-46","category-archives","category-kt"],"yoast_head":"<!-- This site is optimized with the Yoast SEO plugin v27.5 - https:\/\/yoast.com\/product\/yoast-seo-wordpress\/ -->\n<title>Temps fort KT du 15 mars 2025 - Ensemble paroissial de Reyni\u00e8s<\/title>\n<meta name=\"description\" content=\"Ensemble paroissial de Reyni\u00e8s - Ensemble paroissial de Reyni\u00e8s KT\" \/>\n<meta name=\"robots\" content=\"index, follow, max-snippet:-1, max-image-preview:large, max-video-preview:-1\" \/>\n<link rel=\"canonical\" href=\"https:\/\/ensemble-paroissial-reynies.fr\/?p=3645\" \/>\n<meta property=\"og:locale\" content=\"fr_FR\" \/>\n<meta property=\"og:type\" content=\"article\" \/>\n<meta property=\"og:title\" content=\"Temps fort KT du 15 mars 2025 - Ensemble paroissial de Reyni\u00e8s\" \/>\n<meta property=\"og:description\" content=\"Ensemble paroissial de Reyni\u00e8s - Ensemble paroissial de Reyni\u00e8s KT\" \/>\n<meta property=\"og:url\" content=\"https:\/\/ensemble-paroissial-reynies.fr\/?p=3645\" \/>\n<meta property=\"og:site_name\" content=\"Ensemble paroissial de Reyni\u00e8s\" \/>\n<meta property=\"article:published_time\" content=\"2025-03-18T17:25:55+00:00\" \/>\n<meta property=\"article:modified_time\" content=\"2025-09-25T09:55:11+00:00\" \/>\n<meta property=\"og:image\" content=\"https:\/\/ensemble-paroissial-reynies.fr\/wp-content\/uploads\/evenements\/temps_fort_KT_15-03-2025\/marche1.jpg\" \/>\n\t<meta property=\"og:image:width\" content=\"2048\" \/>\n\t<meta property=\"og:image:height\" content=\"1536\" \/>\n\t<meta property=\"og:image:type\" content=\"image\/jpeg\" \/>\n<meta name=\"author\" content=\"EPReynies\" \/>\n<meta name=\"twitter:card\" content=\"summary_large_image\" \/>\n<meta name=\"twitter:label1\" content=\"\u00c9crit par\" \/>\n\t<meta name=\"twitter:data1\" content=\"EPReynies\" \/>\n\t<meta name=\"twitter:label2\" content=\"Dur\u00e9e de lecture estim\u00e9e\" \/>\n\t<meta name=\"twitter:data2\" content=\"3 minutes\" \/>\n<script type=\"application\/ld+json\" class=\"yoast-schema-graph\">{\"@context\":\"https:\\\/\\\/schema.org\",\"@graph\":[{\"@type\":\"Article\",\"@id\":\"https:\\\/\\\/ensemble-paroissial-reynies.fr\\\/?p=3645#article\",\"isPartOf\":{\"@id\":\"https:\\\/\\\/ensemble-paroissial-reynies.fr\\\/?p=3645\"},\"author\":{\"name\":\"EPReynies\",\"@id\":\"https:\\\/\\\/ensemble-paroissial-reynies.fr\\\/#\\\/schema\\\/person\\\/46c7e7974e9f828d02f6be5ac1666b37\"},\"headline\":\"Temps fort KT du 15 mars 2025\",\"datePublished\":\"2025-03-18T17:25:55+00:00\",\"dateModified\":\"2025-09-25T09:55:11+00:00\",\"mainEntityOfPage\":{\"@id\":\"https:\\\/\\\/ensemble-paroissial-reynies.fr\\\/?p=3645\"},\"wordCount\":239,\"publisher\":{\"@id\":\"https:\\\/\\\/ensemble-paroissial-reynies.fr\\\/#organization\"},\"image\":{\"@id\":\"https:\\\/\\\/ensemble-paroissial-reynies.fr\\\/?p=3645#primaryimage\"},\"thumbnailUrl\":\"https:\\\/\\\/ensemble-paroissial-reynies.fr\\\/wp-content\\\/uploads\\\/evenements\\\/temps_fort_KT_15-03-2025\\\/marche1.jpg\",\"articleSection\":[\"2025\",\"Archives\",\"KT\"],\"inLanguage\":\"fr-FR\"},{\"@type\":\"WebPage\",\"@id\":\"https:\\\/\\\/ensemble-paroissial-reynies.fr\\\/?p=3645\",\"url\":\"https:\\\/\\\/ensemble-paroissial-reynies.fr\\\/?p=3645\",\"name\":\"Temps fort KT du 15 mars 2025 - Ensemble paroissial de Reyni\u00e8s\",\"isPartOf\":{\"@id\":\"https:\\\/\\\/ensemble-paroissial-reynies.fr\\\/#website\"},\"primaryImageOfPage\":{\"@id\":\"https:\\\/\\\/ensemble-paroissial-reynies.fr\\\/?p=3645#primaryimage\"},\"image\":{\"@id\":\"https:\\\/\\\/ensemble-paroissial-reynies.fr\\\/?p=3645#primaryimage\"},\"thumbnailUrl\":\"https:\\\/\\\/ensemble-paroissial-reynies.fr\\\/wp-content\\\/uploads\\\/evenements\\\/temps_fort_KT_15-03-2025\\\/marche1.jpg\",\"datePublished\":\"2025-03-18T17:25:55+00:00\",\"dateModified\":\"2025-09-25T09:55:11+00:00\",\"description\":\"Ensemble paroissial de Reyni\u00e8s - Ensemble paroissial de Reyni\u00e8s KT\",\"breadcrumb\":{\"@id\":\"https:\\\/\\\/ensemble-paroissial-reynies.fr\\\/?p=3645#breadcrumb\"},\"inLanguage\":\"fr-FR\",\"potentialAction\":[{\"@type\":\"ReadAction\",\"target\":[\"https:\\\/\\\/ensemble-paroissial-reynies.fr\\\/?p=3645\"]}]},{\"@type\":\"ImageObject\",\"inLanguage\":\"fr-FR\",\"@id\":\"https:\\\/\\\/ensemble-paroissial-reynies.fr\\\/?p=3645#primaryimage\",\"url\":\"https:\\\/\\\/ensemble-paroissial-reynies.fr\\\/wp-content\\\/uploads\\\/evenements\\\/temps_fort_KT_15-03-2025\\\/marche1.jpg\",\"contentUrl\":\"https:\\\/\\\/ensemble-paroissial-reynies.fr\\\/wp-content\\\/uploads\\\/evenements\\\/temps_fort_KT_15-03-2025\\\/marche1.jpg\"},{\"@type\":\"BreadcrumbList\",\"@id\":\"https:\\\/\\\/ensemble-paroissial-reynies.fr\\\/?p=3645#breadcrumb\",\"itemListElement\":[{\"@type\":\"ListItem\",\"position\":1,\"name\":\"Home\",\"item\":\"https:\\\/\\\/ensemble-paroissial-reynies.fr\\\/\"},{\"@type\":\"ListItem\",\"position\":2,\"name\":\"Temps fort KT du 15 mars 2025\"}]},{\"@type\":\"WebSite\",\"@id\":\"https:\\\/\\\/ensemble-paroissial-reynies.fr\\\/#website\",\"url\":\"https:\\\/\\\/ensemble-paroissial-reynies.fr\\\/\",\"name\":\"Ensemble paroissial de Reyni\u00e8s\",\"description\":\"\",\"publisher\":{\"@id\":\"https:\\\/\\\/ensemble-paroissial-reynies.fr\\\/#organization\"},\"alternateName\":\"EPReyni\u00e8s\",\"potentialAction\":[{\"@type\":\"SearchAction\",\"target\":{\"@type\":\"EntryPoint\",\"urlTemplate\":\"https:\\\/\\\/ensemble-paroissial-reynies.fr\\\/?s={search_term_string}\"},\"query-input\":{\"@type\":\"PropertyValueSpecification\",\"valueRequired\":true,\"valueName\":\"search_term_string\"}}],\"inLanguage\":\"fr-FR\"},{\"@type\":\"Organization\",\"@id\":\"https:\\\/\\\/ensemble-paroissial-reynies.fr\\\/#organization\",\"name\":\"Ensemble paroissial de Reyni\u00e8s\",\"alternateName\":\"EPReyni\u00e8s\",\"url\":\"https:\\\/\\\/ensemble-paroissial-reynies.fr\\\/\",\"logo\":{\"@type\":\"ImageObject\",\"inLanguage\":\"fr-FR\",\"@id\":\"https:\\\/\\\/ensemble-paroissial-reynies.fr\\\/#\\\/schema\\\/logo\\\/image\\\/\",\"url\":\"https:\\\/\\\/ensemble-paroissial-reynies.fr\\\/wp-content\\\/uploads\\\/paroisse\\\/nouveau-logo-catechisme-paroisse-07-2023.jpg\",\"contentUrl\":\"https:\\\/\\\/ensemble-paroissial-reynies.fr\\\/wp-content\\\/uploads\\\/paroisse\\\/nouveau-logo-catechisme-paroisse-07-2023.jpg\",\"width\":666,\"height\":698,\"caption\":\"Ensemble paroissial de Reyni\u00e8s\"},\"image\":{\"@id\":\"https:\\\/\\\/ensemble-paroissial-reynies.fr\\\/#\\\/schema\\\/logo\\\/image\\\/\"}},{\"@type\":\"Person\",\"@id\":\"https:\\\/\\\/ensemble-paroissial-reynies.fr\\\/#\\\/schema\\\/person\\\/46c7e7974e9f828d02f6be5ac1666b37\",\"name\":\"EPReynies\",\"image\":{\"@type\":\"ImageObject\",\"inLanguage\":\"fr-FR\",\"@id\":\"https:\\\/\\\/secure.gravatar.com\\\/avatar\\\/6dcd7e2b49dcfc27cdc55e7d20c9706f198fa864c3c3d0c24d623e816b42e382?s=96&d=mm&r=g\",\"url\":\"https:\\\/\\\/secure.gravatar.com\\\/avatar\\\/6dcd7e2b49dcfc27cdc55e7d20c9706f198fa864c3c3d0c24d623e816b42e382?s=96&d=mm&r=g\",\"contentUrl\":\"https:\\\/\\\/secure.gravatar.com\\\/avatar\\\/6dcd7e2b49dcfc27cdc55e7d20c9706f198fa864c3c3d0c24d623e816b42e382?s=96&d=mm&r=g\",\"caption\":\"EPReynies\"},\"url\":\"https:\\\/\\\/ensemble-paroissial-reynies.fr\\\/?author=4\"}]}<\/script>\n<!-- \/ Yoast SEO plugin. -->","yoast_head_json":{"title":"Temps fort KT du 15 mars 2025 - Ensemble paroissial de Reyni\u00e8s","description":"Ensemble paroissial de Reyni\u00e8s - Ensemble paroissial de Reyni\u00e8s KT","robots":{"index":"index","follow":"follow","max-snippet":"max-snippet:-1","max-image-preview":"max-image-preview:large","max-video-preview":"max-video-preview:-1"},"canonical":"https:\/\/ensemble-paroissial-reynies.fr\/?p=3645","og_locale":"fr_FR","og_type":"article","og_title":"Temps fort KT du 15 mars 2025 - Ensemble paroissial de Reyni\u00e8s","og_description":"Ensemble paroissial de Reyni\u00e8s - Ensemble paroissial de Reyni\u00e8s KT","og_url":"https:\/\/ensemble-paroissial-reynies.fr\/?p=3645","og_site_name":"Ensemble paroissial de Reyni\u00e8s","article_published_time":"2025-03-18T17:25:55+00:00","article_modified_time":"2025-09-25T09:55:11+00:00","og_image":[{"width":2048,"height":1536,"url":"https:\/\/ensemble-paroissial-reynies.fr\/wp-content\/uploads\/evenements\/temps_fort_KT_15-03-2025\/marche1.jpg","type":"image\/jpeg"}],"author":"EPReynies","twitter_card":"summary_large_image","twitter_misc":{"\u00c9crit par":"EPReynies","Dur\u00e9e de lecture estim\u00e9e":"3 minutes"},"schema":{"@context":"https:\/\/schema.org","@graph":[{"@type":"Article","@id":"https:\/\/ensemble-paroissial-reynies.fr\/?p=3645#article","isPartOf":{"@id":"https:\/\/ensemble-paroissial-reynies.fr\/?p=3645"},"author":{"name":"EPReynies","@id":"https:\/\/ensemble-paroissial-reynies.fr\/#\/schema\/person\/46c7e7974e9f828d02f6be5ac1666b37"},"headline":"Temps fort KT du 15 mars 2025","datePublished":"2025-03-18T17:25:55+00:00","dateModified":"2025-09-25T09:55:11+00:00","mainEntityOfPage":{"@id":"https:\/\/ensemble-paroissial-reynies.fr\/?p=3645"},"wordCount":239,"publisher":{"@id":"https:\/\/ensemble-paroissial-reynies.fr\/#organization"},"image":{"@id":"https:\/\/ensemble-paroissial-reynies.fr\/?p=3645#primaryimage"},"thumbnailUrl":"https:\/\/ensemble-paroissial-reynies.fr\/wp-content\/uploads\/evenements\/temps_fort_KT_15-03-2025\/marche1.jpg","articleSection":["2025","Archives","KT"],"inLanguage":"fr-FR"},{"@type":"WebPage","@id":"https:\/\/ensemble-paroissial-reynies.fr\/?p=3645","url":"https:\/\/ensemble-paroissial-reynies.fr\/?p=3645","name":"Temps fort KT du 15 mars 2025 - Ensemble paroissial de Reyni\u00e8s","isPartOf":{"@id":"https:\/\/ensemble-paroissial-reynies.fr\/#website"},"primaryImageOfPage":{"@id":"https:\/\/ensemble-paroissial-reynies.fr\/?p=3645#primaryimage"},"image":{"@id":"https:\/\/ensemble-paroissial-reynies.fr\/?p=3645#primaryimage"},"thumbnailUrl":"https:\/\/ensemble-paroissial-reynies.fr\/wp-content\/uploads\/evenements\/temps_fort_KT_15-03-2025\/marche1.jpg","datePublished":"2025-03-18T17:25:55+00:00","dateModified":"2025-09-25T09:55:11+00:00","description":"Ensemble paroissial de Reyni\u00e8s - Ensemble paroissial de Reyni\u00e8s KT","breadcrumb":{"@id":"https:\/\/ensemble-paroissial-reynies.fr\/?p=3645#breadcrumb"},"inLanguage":"fr-FR","potentialAction":[{"@type":"ReadAction","target":["https:\/\/ensemble-paroissial-reynies.fr\/?p=3645"]}]},{"@type":"ImageObject","inLanguage":"fr-FR","@id":"https:\/\/ensemble-paroissial-reynies.fr\/?p=3645#primaryimage","url":"https:\/\/ensemble-paroissial-reynies.fr\/wp-content\/uploads\/evenements\/temps_fort_KT_15-03-2025\/marche1.jpg","contentUrl":"https:\/\/ensemble-paroissial-reynies.fr\/wp-content\/uploads\/evenements\/temps_fort_KT_15-03-2025\/marche1.jpg"},{"@type":"BreadcrumbList","@id":"https:\/\/ensemble-paroissial-reynies.fr\/?p=3645#breadcrumb","itemListElement":[{"@type":"ListItem","position":1,"name":"Home","item":"https:\/\/ensemble-paroissial-reynies.fr\/"},{"@type":"ListItem","position":2,"name":"Temps fort KT du 15 mars 2025"}]},{"@type":"WebSite","@id":"https:\/\/ensemble-paroissial-reynies.fr\/#website","url":"https:\/\/ensemble-paroissial-reynies.fr\/","name":"Ensemble paroissial de Reyni\u00e8s","description":"","publisher":{"@id":"https:\/\/ensemble-paroissial-reynies.fr\/#organization"},"alternateName":"EPReyni\u00e8s","potentialAction":[{"@type":"SearchAction","target":{"@type":"EntryPoint","urlTemplate":"https:\/\/ensemble-paroissial-reynies.fr\/?s={search_term_string}"},"query-input":{"@type":"PropertyValueSpecification","valueRequired":true,"valueName":"search_term_string"}}],"inLanguage":"fr-FR"},{"@type":"Organization","@id":"https:\/\/ensemble-paroissial-reynies.fr\/#organization","name":"Ensemble paroissial de Reyni\u00e8s","alternateName":"EPReyni\u00e8s","url":"https:\/\/ensemble-paroissial-reynies.fr\/","logo":{"@type":"ImageObject","inLanguage":"fr-FR","@id":"https:\/\/ensemble-paroissial-reynies.fr\/#\/schema\/logo\/image\/","url":"https:\/\/ensemble-paroissial-reynies.fr\/wp-content\/uploads\/paroisse\/nouveau-logo-catechisme-paroisse-07-2023.jpg","contentUrl":"https:\/\/ensemble-paroissial-reynies.fr\/wp-content\/uploads\/paroisse\/nouveau-logo-catechisme-paroisse-07-2023.jpg","width":666,"height":698,"caption":"Ensemble paroissial de Reyni\u00e8s"},"image":{"@id":"https:\/\/ensemble-paroissial-reynies.fr\/#\/schema\/logo\/image\/"}},{"@type":"Person","@id":"https:\/\/ensemble-paroissial-reynies.fr\/#\/schema\/person\/46c7e7974e9f828d02f6be5ac1666b37","name":"EPReynies","image":{"@type":"ImageObject","inLanguage":"fr-FR","@id":"https:\/\/secure.gravatar.com\/avatar\/6dcd7e2b49dcfc27cdc55e7d20c9706f198fa864c3c3d0c24d623e816b42e382?s=96&d=mm&r=g","url":"https:\/\/secure.gravatar.com\/avatar\/6dcd7e2b49dcfc27cdc55e7d20c9706f198fa864c3c3d0c24d623e816b42e382?s=96&d=mm&r=g","contentUrl":"https:\/\/secure.gravatar.com\/avatar\/6dcd7e2b49dcfc27cdc55e7d20c9706f198fa864c3c3d0c24d623e816b42e382?s=96&d=mm&r=g","caption":"EPReynies"},"url":"https:\/\/ensemble-paroissial-reynies.fr\/?author=4"}]}},"featured_image_src":null,"featured_image_src_square":null,"author_info":{"display_name":"EPReynies","author_link":"https:\/\/ensemble-paroissial-reynies.fr\/?author=4"},"_links":{"self":[{"href":"https:\/\/ensemble-paroissial-reynies.fr\/index.php?rest_route=\/wp\/v2\/posts\/3645","targetHints":{"allow":["GET"]}}],"collection":[{"href":"https:\/\/ensemble-paroissial-reynies.fr\/index.php?rest_route=\/wp\/v2\/posts"}],"about":[{"href":"https:\/\/ensemble-paroissial-reynies.fr\/index.php?rest_route=\/wp\/v2\/types\/post"}],"author":[{"embeddable":true,"href":"https:\/\/ensemble-paroissial-reynies.fr\/index.php?rest_route=\/wp\/v2\/users\/4"}],"replies":[{"embeddable":true,"href":"https:\/\/ensemble-paroissial-reynies.fr\/index.php?rest_route=%2Fwp%2Fv2%2Fcomments&post=3645"}],"version-history":[{"count":0,"href":"https:\/\/ensemble-paroissial-reynies.fr\/index.php?rest_route=\/wp\/v2\/posts\/3645\/revisions"}],"wp:attachment":[{"href":"https:\/\/ensemble-paroissial-reynies.fr\/index.php?rest_route=%2Fwp%2Fv2%2Fmedia&parent=3645"}],"wp:term":[{"taxonomy":"category","embeddable":true,"href":"https:\/\/ensemble-paroissial-reynies.fr\/index.php?rest_route=%2Fwp%2Fv2%2Fcategories&post=3645"},{"taxonomy":"post_tag","embeddable":true,"href":"https:\/\/ensemble-paroissial-reynies.fr\/index.php?rest_route=%2Fwp%2Fv2%2Ftags&post=3645"}],"curies":[{"name":"wp","href":"https:\/\/api.w.org\/{rel}","templated":true}]}}