{"id":3282,"date":"2025-01-05T18:22:33","date_gmt":"2025-01-05T17:22:33","guid":{"rendered":"https:\/\/ensemble-paroissial-reynies.fr\/?p=3282"},"modified":"2025-03-02T11:18:18","modified_gmt":"2025-03-02T10:18:18","slug":"route-virtuelle-des-creches-janvier-2025","status":"publish","type":"post","link":"https:\/\/ensemble-paroissial-reynies.fr\/?p=3282","title":{"rendered":"Route (virtuelle) des cr\u00e8ches &#8211; Janvier 2025"},"content":{"rendered":"\n<p><em>Traditionnellement,<\/em> l<em>e 1re ou le 2e week-end de janvier il est organis\u00e9 une route des cr\u00e8ches, nous nous retrouvons pour parcourir les routes de l&rsquo;ensemble paroissial en nous arr\u00eatant dans chaque \u00e9glise pour prier devant la cr\u00e8che. Cette ann\u00e9e cette route ne pouvait \u00eatre organis\u00e9e et nous vous proposons <strong>une route virtuelle<\/strong>. Ainsi vous pouvez parcourir les routes et d\u00e9couvrir les cr\u00e8ches, et les \u00e9glises, sans prendre votre voiture.<\/em><\/p>\n\n\n\n<p><em>Pour chaque \u00e9tape comme nous le faisons habituellement il vous est propos\u00e9 d&rsquo;\u00e9couter un chant (un lien vers Youtube, il faut passer la publicit\u00e9), de lire une ou des pri\u00e8res et d&rsquo;admirer la cr\u00e8che en photos, vous pouvez en profiter pour d\u00e9couvrir le saint patron de l&rsquo;\u00e9glise et de la visiter en photos. <\/em><\/p>\n\n\n\n<p class=\"has-small-font-size\"><em>Pour voir une photo dans sa totalit\u00e9 et\/ou l&rsquo;aggrandir cliquez sur la photo<\/em><\/p>\n\n\n\n<hr class=\"wp-block-separator has-alpha-channel-opacity\"\/>\n\n\n\n<p>Partant de Reyni\u00e8s nous allons parcourir virtuellement les routes de notre paroisse en nous rendant \u00e0 Moulis, puis \u00e0 Villebrumier, puis nous monterons sur les coteaux pour rejoindre Varennes. Nous continuerons en redescendant sur la vall\u00e9e du tescou pour rejoindre Saint-Nauphary, de l\u00e0 nous monterons vers D\u00e9bat pour passer \u00e0 Reyni\u00e8s sans nous arr\u00eater et rejoindre Corbarieu. Puis direction Montauban et nous traverserons le Tarn pour rejoindre Brial puis Bressols. La route se poursuivra vers Labastide-Saint-Pierre puis Orgueil et nous retraverserons le Tarn pour nous retrouver dans l\u2019\u00c9glise de Reyni\u00e8s o\u00f9 nous cloturerons la route.<\/p>\n\n\n\n<hr class=\"wp-block-separator has-alpha-channel-opacity\"\/>\n\n\n\n<p><strong><em>Nous nous retrouvons sur le parvis de l&rsquo;\u00e9glise Saint-Anne \u00e0 Reyni\u00e8s<\/em><\/strong><\/p>\n\n\n\n<details class=\"wp-block-details is-layout-flow wp-block-details-is-layout-flow\"><summary>D\u00e9part de la route, mettons nous sous la protection de sainte Anne<\/summary>\n<div style=\"height:7px\" aria-hidden=\"true\" class=\"wp-block-spacer\"><\/div>\n\n\n\n<p><em>Prions sainte Anne patronne de l\u2019\u00e9glise de Reyni\u00e8s, que la m\u00e8re de Marie nous accompagne dans notre voyage.<\/em><\/p>\n\n\n\n<p><strong>Pri\u00e8re \u00e0 sainte Anne<\/strong><\/p>\n\n\n\n<p>Sainte Anne, nous voulons ouvrir nos c\u0153urs \u00e0 la pr\u00e9sence toujours neuve du Seigneur avec nous. \u00c0 travers notre vie quotidienne, apprends-nous \u00e0 LE reconna\u00eetre dans l&rsquo;Enfant de Bethl\u00e9em comme dans le Crucifi\u00e9 du Calvaire, dans les cris du malade comme dans les gestes de l&rsquo;artisan de paix.<br>Sur notre route de la foi, nous t&rsquo;appelons la Bonne Sainte Anne, car ton nom signifie : \u00ab combl\u00e9e de gr\u00e2ces \u00bb. C&rsquo;est aussi le nom que l&rsquo;Ange donne \u00e0 ta fille Marie, au jour de l&rsquo;Annonciation, pour lui r\u00e9v\u00e9ler sa mission de M\u00e8re du Sauveur.<br>Aujourd&rsquo;hui encore, par Marie, tu nous conduis \u00e0 J\u00e9sus, et tu redis au monde et \u00e0 chacun de nous : \u00ab Sois sans crainte&#8230; LE SEIGNEUR EST AVEC TOI \u00bb. Avec Marie \u00ab prie pour nous maintenant et \u00e0 l&rsquo;heure de notre mort \u00bb.<br>Amen<\/p>\n<\/details>\n\n\n\n<hr class=\"wp-block-separator has-alpha-channel-opacity\"\/>\n\n\n\n<p><strong><em>Nous nous dirigeons donc vers Villebrumier et nous passons dans le hameau de Moulis, marquons une petite halte pour visiter l\u2019\u00e9glise Saint-Martin<\/em><\/strong><\/p>\n\n\n\n<details class=\"wp-block-details is-layout-flow wp-block-details-is-layout-flow\"><summary>Moulis &#8211; \u00c9glise Saint-Martin<\/summary>\n<div class=\"wp-block-group is-nowrap is-layout-flex wp-container-core-group-is-layout-ad2f72ca wp-block-group-is-layout-flex\">\n<figure class=\"wp-block-image size-full is-resized\"><a href=\"https:\/\/ensemble-paroissial-reynies.fr\/wp-content\/uploads\/eglise_moulis\/egmoulis0001-1.jpg\"><img loading=\"lazy\" decoding=\"async\" width=\"800\" height=\"671\" src=\"https:\/\/ensemble-paroissial-reynies.fr\/wp-content\/uploads\/eglise_moulis\/egmoulis0001-1.jpg\" alt=\"\" class=\"wp-image-877\" style=\"width:253px;height:auto\" srcset=\"https:\/\/ensemble-paroissial-reynies.fr\/wp-content\/uploads\/eglise_moulis\/egmoulis0001-1.jpg 800w, https:\/\/ensemble-paroissial-reynies.fr\/wp-content\/uploads\/eglise_moulis\/egmoulis0001-1-300x252.jpg 300w, https:\/\/ensemble-paroissial-reynies.fr\/wp-content\/uploads\/eglise_moulis\/egmoulis0001-1-768x644.jpg 768w\" sizes=\"auto, (max-width: 800px) 100vw, 800px\" \/><\/a><\/figure>\n\n\n\n<p><em>Pas de cr\u00e8ches dans la petite \u00e9glise mais cette petite \u00e9glise si calme appelle \u00e0 la pri\u00e8re, <strong>prions donc saint Martin en ce d\u00e9but de route comme le font beaucoup de p\u00e8lerins<\/strong> &nbsp;:<\/em><\/p>\n\n\n\n<figure class=\"wp-block-image size-large is-resized\"><a href=\"https:\/\/ensemble-paroissial-reynies.fr\/wp-content\/uploads\/eglise_moulis\/Moulis-saint-Martin.jpg\"><img loading=\"lazy\" decoding=\"async\" width=\"491\" height=\"1024\" src=\"https:\/\/ensemble-paroissial-reynies.fr\/wp-content\/uploads\/eglise_moulis\/Moulis-saint-Martin-491x1024.jpg\" alt=\"\" class=\"wp-image-1497\" style=\"width:168px;height:auto\" srcset=\"https:\/\/ensemble-paroissial-reynies.fr\/wp-content\/uploads\/eglise_moulis\/Moulis-saint-Martin-491x1024.jpg 491w, https:\/\/ensemble-paroissial-reynies.fr\/wp-content\/uploads\/eglise_moulis\/Moulis-saint-Martin-144x300.jpg 144w, https:\/\/ensemble-paroissial-reynies.fr\/wp-content\/uploads\/eglise_moulis\/Moulis-saint-Martin.jpg 616w\" sizes=\"auto, (max-width: 491px) 100vw, 491px\" \/><\/a><\/figure>\n<\/div>\n\n\n\n<p>Saint Martin, tu as parcouru les routes de l\u2019Europe, tu as suivi le chemin de ton c\u0153ur en adh\u00e9rant au Christ par la foi et en partageant ton manteau avec le pauvre par amour du Christ, tu as \u00e9t\u00e9 un ap\u00f4tre infatigable, parcourant la campagne gauloise pour annoncer l\u2019\u00c9vangile du Christ et fonder les premi\u00e8res paroisses, tu as suivi le chemin de la vie \u00e9ternelle et tu nous attends au ciel. Je me confie \u00e0 ta pri\u00e8re au seuil de cette route que j\u2019emprunte pour mieux te conna\u00eetre et partager la foi qui t\u2019animait, l\u2019esp\u00e9rance qui te guidait, la charit\u00e9 qui te br\u00fble aujourd\u2019hui encore et pour toujours. Prot\u00e8ge mes pas, conduis-moi au but par le Christ qui r\u00e8gne pour les si\u00e8cles des si\u00e8cles. Amen.<\/p>\n\n\n\n<p><em>Visitons l&rsquo;\u00e9glise avant de repartir :  (<a href=\"https:\/\/ensemble-paroissial-reynies.fr\/?page_id=1511\" target=\"_blank\" rel=\"noreferrer noopener\">https:\/\/ensemble-paroissial-reynies.fr\/?page_id=1511<\/a> ) <\/em><\/p>\n<\/details>\n\n\n\n<hr class=\"wp-block-separator has-alpha-channel-opacity\"\/>\n\n\n\n<p><strong><em>En sortant de Moulis nous reprenons la d\u00e9partementale 21 pour aller jusqu\u2019\u00e0 Villebrumier.<\/em><\/strong> Allons ouvrir la porte de l&rsquo;\u00e9glise, en passant on peut regarder la statue de saint Th\u00e9odard qui est dans le square \u00e0 cot\u00e9 de l&rsquo;\u00e9glise.<\/p>\n\n\n<div class=\"wp-block-image\">\n<figure class=\"aligncenter size-full is-resized\"><a href=\"https:\/\/ensemble-paroissial-reynies.fr\/wp-content\/uploads\/eglise_villebrumier\/egvillebrumier0001-1.jpg\"><img loading=\"lazy\" decoding=\"async\" width=\"800\" height=\"600\" src=\"https:\/\/ensemble-paroissial-reynies.fr\/wp-content\/uploads\/eglise_villebrumier\/egvillebrumier0001-1.jpg\" alt=\"\" class=\"wp-image-947\" style=\"width:280px;height:auto\" srcset=\"https:\/\/ensemble-paroissial-reynies.fr\/wp-content\/uploads\/eglise_villebrumier\/egvillebrumier0001-1.jpg 800w, https:\/\/ensemble-paroissial-reynies.fr\/wp-content\/uploads\/eglise_villebrumier\/egvillebrumier0001-1-300x225.jpg 300w, https:\/\/ensemble-paroissial-reynies.fr\/wp-content\/uploads\/eglise_villebrumier\/egvillebrumier0001-1-768x576.jpg 768w\" sizes=\"auto, (max-width: 800px) 100vw, 800px\" \/><\/a><\/figure>\n<\/div>\n\n\n<details class=\"wp-block-details is-layout-flow wp-block-details-is-layout-flow\"><summary>Villebrumier &#8211; \u00c9glise Saint-Th\u00e9odard<\/summary>\n<div style=\"height:12px\" aria-hidden=\"true\" class=\"wp-block-spacer\"><\/div>\n\n\n\n<div class=\"wp-block-group is-nowrap is-layout-flex wp-container-core-group-is-layout-ad2f72ca wp-block-group-is-layout-flex\">\n<figure class=\"wp-block-image size-large is-resized\"><a href=\"https:\/\/ensemble-paroissial-reynies.fr\/wp-content\/uploads\/Cr\u00e8ches\/Cr\u00e8ches_2024\/P1000712-scaled.jpg\"><img loading=\"lazy\" decoding=\"async\" width=\"1024\" height=\"769\" src=\"https:\/\/ensemble-paroissial-reynies.fr\/wp-content\/uploads\/Cr\u00e8ches\/Cr\u00e8ches_2024\/P1000712-1024x769.jpg\" alt=\"\" class=\"wp-image-3302\" style=\"width:218px;height:auto\" srcset=\"https:\/\/ensemble-paroissial-reynies.fr\/wp-content\/uploads\/Cr\u00e8ches\/Cr\u00e8ches_2024\/P1000712-1024x769.jpg 1024w, https:\/\/ensemble-paroissial-reynies.fr\/wp-content\/uploads\/Cr\u00e8ches\/Cr\u00e8ches_2024\/P1000712-300x225.jpg 300w, https:\/\/ensemble-paroissial-reynies.fr\/wp-content\/uploads\/Cr\u00e8ches\/Cr\u00e8ches_2024\/P1000712-768x577.jpg 768w, https:\/\/ensemble-paroissial-reynies.fr\/wp-content\/uploads\/Cr\u00e8ches\/Cr\u00e8ches_2024\/P1000712-1536x1153.jpg 1536w, https:\/\/ensemble-paroissial-reynies.fr\/wp-content\/uploads\/Cr\u00e8ches\/Cr\u00e8ches_2024\/P1000712-2048x1538.jpg 2048w\" sizes=\"auto, (max-width: 1024px) 100vw, 1024px\" \/><\/a><\/figure>\n\n\n\n<p><em>Nous rentrons dans l\u2019\u00e9glise saint Th\u00e9odard, le saint patron de cette petite \u00e9glise est aussi le saint patron du dioc\u00e8se de Montauban<\/em><\/p>\n<\/div>\n\n\n\n<div style=\"height:18px\" aria-hidden=\"true\" class=\"wp-block-spacer\"><\/div>\n\n\n\n<div class=\"wp-block-group is-nowrap is-layout-flex wp-container-core-group-is-layout-ad2f72ca wp-block-group-is-layout-flex\">\n<figure class=\"wp-block-image size-large is-resized\"><a href=\"https:\/\/ensemble-paroissial-reynies.fr\/wp-content\/uploads\/Cr\u00e8ches\/Cr\u00e8ches_2024\/P1000754m-scaled.jpg\"><img loading=\"lazy\" decoding=\"async\" width=\"1024\" height=\"967\" src=\"https:\/\/ensemble-paroissial-reynies.fr\/wp-content\/uploads\/Cr\u00e8ches\/Cr\u00e8ches_2024\/P1000754m-1024x967.jpg\" alt=\"\" class=\"wp-image-3178\" style=\"width:264px;height:auto\" srcset=\"https:\/\/ensemble-paroissial-reynies.fr\/wp-content\/uploads\/Cr\u00e8ches\/Cr\u00e8ches_2024\/P1000754m-1024x967.jpg 1024w, https:\/\/ensemble-paroissial-reynies.fr\/wp-content\/uploads\/Cr\u00e8ches\/Cr\u00e8ches_2024\/P1000754m-300x283.jpg 300w, https:\/\/ensemble-paroissial-reynies.fr\/wp-content\/uploads\/Cr\u00e8ches\/Cr\u00e8ches_2024\/P1000754m-768x726.jpg 768w, https:\/\/ensemble-paroissial-reynies.fr\/wp-content\/uploads\/Cr\u00e8ches\/Cr\u00e8ches_2024\/P1000754m-1536x1451.jpg 1536w, https:\/\/ensemble-paroissial-reynies.fr\/wp-content\/uploads\/Cr\u00e8ches\/Cr\u00e8ches_2024\/P1000754m-2048x1935.jpg 2048w\" sizes=\"auto, (max-width: 1024px) 100vw, 1024px\" \/><\/a><\/figure>\n\n\n\n<p><em>Approchons nous de la cr\u00e8che et chantons<\/em> : Venez Approchez vous (<a href=\"https:\/\/www.youtube.com\/watch?v=x-LEqUIJTuI\" target=\"_blank\" rel=\"noreferrer noopener\">https:\/\/www.youtube.com\/watch?v=x-LEqUIJTuI<\/a> )<\/p>\n<\/div>\n\n\n\n<div style=\"height:14px\" aria-hidden=\"true\" class=\"wp-block-spacer\"><\/div>\n\n\n\n<figure class=\"wp-block-gallery has-nested-images columns-4 is-cropped wp-block-gallery-1 is-layout-flex wp-block-gallery-is-layout-flex\">\n<figure class=\"wp-block-image size-large\"><a href=\"https:\/\/ensemble-paroissial-reynies.fr\/wp-content\/uploads\/Cr\u00e8ches\/Cr\u00e8ches_2024\/P1000724-scaled.jpg\"><img loading=\"lazy\" decoding=\"async\" width=\"1024\" height=\"769\" data-id=\"3168\" src=\"https:\/\/ensemble-paroissial-reynies.fr\/wp-content\/uploads\/Cr\u00e8ches\/Cr\u00e8ches_2024\/P1000724-1024x769.jpg\" alt=\"\" class=\"wp-image-3168\" srcset=\"https:\/\/ensemble-paroissial-reynies.fr\/wp-content\/uploads\/Cr\u00e8ches\/Cr\u00e8ches_2024\/P1000724-1024x769.jpg 1024w, https:\/\/ensemble-paroissial-reynies.fr\/wp-content\/uploads\/Cr\u00e8ches\/Cr\u00e8ches_2024\/P1000724-300x225.jpg 300w, https:\/\/ensemble-paroissial-reynies.fr\/wp-content\/uploads\/Cr\u00e8ches\/Cr\u00e8ches_2024\/P1000724-768x577.jpg 768w, https:\/\/ensemble-paroissial-reynies.fr\/wp-content\/uploads\/Cr\u00e8ches\/Cr\u00e8ches_2024\/P1000724-1536x1153.jpg 1536w, https:\/\/ensemble-paroissial-reynies.fr\/wp-content\/uploads\/Cr\u00e8ches\/Cr\u00e8ches_2024\/P1000724-2048x1538.jpg 2048w\" sizes=\"auto, (max-width: 1024px) 100vw, 1024px\" \/><\/a><\/figure>\n\n\n\n<figure class=\"wp-block-image size-large\"><a href=\"https:\/\/ensemble-paroissial-reynies.fr\/wp-content\/uploads\/Cr\u00e8ches\/Cr\u00e8ches_2024\/P1000725-scaled.jpg\"><img loading=\"lazy\" decoding=\"async\" width=\"1024\" height=\"769\" data-id=\"3166\" src=\"https:\/\/ensemble-paroissial-reynies.fr\/wp-content\/uploads\/Cr\u00e8ches\/Cr\u00e8ches_2024\/P1000725-1024x769.jpg\" alt=\"\" class=\"wp-image-3166\" srcset=\"https:\/\/ensemble-paroissial-reynies.fr\/wp-content\/uploads\/Cr\u00e8ches\/Cr\u00e8ches_2024\/P1000725-1024x769.jpg 1024w, https:\/\/ensemble-paroissial-reynies.fr\/wp-content\/uploads\/Cr\u00e8ches\/Cr\u00e8ches_2024\/P1000725-300x225.jpg 300w, https:\/\/ensemble-paroissial-reynies.fr\/wp-content\/uploads\/Cr\u00e8ches\/Cr\u00e8ches_2024\/P1000725-768x577.jpg 768w, https:\/\/ensemble-paroissial-reynies.fr\/wp-content\/uploads\/Cr\u00e8ches\/Cr\u00e8ches_2024\/P1000725-1536x1153.jpg 1536w, https:\/\/ensemble-paroissial-reynies.fr\/wp-content\/uploads\/Cr\u00e8ches\/Cr\u00e8ches_2024\/P1000725-2048x1538.jpg 2048w\" sizes=\"auto, (max-width: 1024px) 100vw, 1024px\" \/><\/a><\/figure>\n\n\n\n<figure class=\"wp-block-image size-large\"><a href=\"https:\/\/ensemble-paroissial-reynies.fr\/wp-content\/uploads\/Cr\u00e8ches\/Cr\u00e8ches_2024\/P1000730-scaled.jpg\"><img loading=\"lazy\" decoding=\"async\" width=\"1024\" height=\"769\" data-id=\"3164\" src=\"https:\/\/ensemble-paroissial-reynies.fr\/wp-content\/uploads\/Cr\u00e8ches\/Cr\u00e8ches_2024\/P1000730-1024x769.jpg\" alt=\"\" class=\"wp-image-3164\" srcset=\"https:\/\/ensemble-paroissial-reynies.fr\/wp-content\/uploads\/Cr\u00e8ches\/Cr\u00e8ches_2024\/P1000730-1024x769.jpg 1024w, https:\/\/ensemble-paroissial-reynies.fr\/wp-content\/uploads\/Cr\u00e8ches\/Cr\u00e8ches_2024\/P1000730-300x225.jpg 300w, https:\/\/ensemble-paroissial-reynies.fr\/wp-content\/uploads\/Cr\u00e8ches\/Cr\u00e8ches_2024\/P1000730-768x577.jpg 768w, https:\/\/ensemble-paroissial-reynies.fr\/wp-content\/uploads\/Cr\u00e8ches\/Cr\u00e8ches_2024\/P1000730-1536x1153.jpg 1536w, https:\/\/ensemble-paroissial-reynies.fr\/wp-content\/uploads\/Cr\u00e8ches\/Cr\u00e8ches_2024\/P1000730-2048x1538.jpg 2048w\" sizes=\"auto, (max-width: 1024px) 100vw, 1024px\" \/><\/a><\/figure>\n\n\n\n<figure class=\"wp-block-image size-large\"><a href=\"https:\/\/ensemble-paroissial-reynies.fr\/wp-content\/uploads\/Cr\u00e8ches\/Cr\u00e8ches_2024\/P1000726-scaled.jpg\"><img loading=\"lazy\" decoding=\"async\" width=\"1024\" height=\"769\" data-id=\"3167\" src=\"https:\/\/ensemble-paroissial-reynies.fr\/wp-content\/uploads\/Cr\u00e8ches\/Cr\u00e8ches_2024\/P1000726-1024x769.jpg\" alt=\"\" class=\"wp-image-3167\" srcset=\"https:\/\/ensemble-paroissial-reynies.fr\/wp-content\/uploads\/Cr\u00e8ches\/Cr\u00e8ches_2024\/P1000726-1024x769.jpg 1024w, https:\/\/ensemble-paroissial-reynies.fr\/wp-content\/uploads\/Cr\u00e8ches\/Cr\u00e8ches_2024\/P1000726-300x225.jpg 300w, https:\/\/ensemble-paroissial-reynies.fr\/wp-content\/uploads\/Cr\u00e8ches\/Cr\u00e8ches_2024\/P1000726-768x577.jpg 768w, https:\/\/ensemble-paroissial-reynies.fr\/wp-content\/uploads\/Cr\u00e8ches\/Cr\u00e8ches_2024\/P1000726-1536x1153.jpg 1536w, https:\/\/ensemble-paroissial-reynies.fr\/wp-content\/uploads\/Cr\u00e8ches\/Cr\u00e8ches_2024\/P1000726-2048x1538.jpg 2048w\" sizes=\"auto, (max-width: 1024px) 100vw, 1024px\" \/><\/a><\/figure>\n\n\n\n<figure class=\"wp-block-image size-large\"><img loading=\"lazy\" decoding=\"async\" width=\"1024\" height=\"769\" data-id=\"3163\" src=\"https:\/\/ensemble-paroissial-reynies.fr\/wp-content\/uploads\/Cr\u00e8ches\/Cr\u00e8ches_2024\/P1000729-1024x769.jpg\" alt=\"\" class=\"wp-image-3163\" srcset=\"https:\/\/ensemble-paroissial-reynies.fr\/wp-content\/uploads\/Cr\u00e8ches\/Cr\u00e8ches_2024\/P1000729-1024x769.jpg 1024w, https:\/\/ensemble-paroissial-reynies.fr\/wp-content\/uploads\/Cr\u00e8ches\/Cr\u00e8ches_2024\/P1000729-300x225.jpg 300w, https:\/\/ensemble-paroissial-reynies.fr\/wp-content\/uploads\/Cr\u00e8ches\/Cr\u00e8ches_2024\/P1000729-768x577.jpg 768w, https:\/\/ensemble-paroissial-reynies.fr\/wp-content\/uploads\/Cr\u00e8ches\/Cr\u00e8ches_2024\/P1000729-1536x1153.jpg 1536w, https:\/\/ensemble-paroissial-reynies.fr\/wp-content\/uploads\/Cr\u00e8ches\/Cr\u00e8ches_2024\/P1000729-2048x1538.jpg 2048w\" sizes=\"auto, (max-width: 1024px) 100vw, 1024px\" \/><\/figure>\n\n\n\n<figure class=\"wp-block-image size-large\"><a href=\"https:\/\/ensemble-paroissial-reynies.fr\/wp-content\/uploads\/Cr\u00e8ches\/Cr\u00e8ches_2024\/P1000727-scaled.jpg\"><img loading=\"lazy\" decoding=\"async\" width=\"1024\" height=\"769\" data-id=\"3165\" src=\"https:\/\/ensemble-paroissial-reynies.fr\/wp-content\/uploads\/Cr\u00e8ches\/Cr\u00e8ches_2024\/P1000727-1024x769.jpg\" alt=\"\" class=\"wp-image-3165\" srcset=\"https:\/\/ensemble-paroissial-reynies.fr\/wp-content\/uploads\/Cr\u00e8ches\/Cr\u00e8ches_2024\/P1000727-1024x769.jpg 1024w, https:\/\/ensemble-paroissial-reynies.fr\/wp-content\/uploads\/Cr\u00e8ches\/Cr\u00e8ches_2024\/P1000727-300x225.jpg 300w, https:\/\/ensemble-paroissial-reynies.fr\/wp-content\/uploads\/Cr\u00e8ches\/Cr\u00e8ches_2024\/P1000727-768x577.jpg 768w, https:\/\/ensemble-paroissial-reynies.fr\/wp-content\/uploads\/Cr\u00e8ches\/Cr\u00e8ches_2024\/P1000727-1536x1153.jpg 1536w, https:\/\/ensemble-paroissial-reynies.fr\/wp-content\/uploads\/Cr\u00e8ches\/Cr\u00e8ches_2024\/P1000727-2048x1538.jpg 2048w\" sizes=\"auto, (max-width: 1024px) 100vw, 1024px\" \/><\/a><\/figure>\n\n\n\n<figure class=\"wp-block-image size-large\"><a href=\"https:\/\/ensemble-paroissial-reynies.fr\/wp-content\/uploads\/Cr\u00e8ches\/Cr\u00e8ches_2024\/P1000728-scaled.jpg\"><img loading=\"lazy\" decoding=\"async\" width=\"1024\" height=\"769\" data-id=\"3162\" src=\"https:\/\/ensemble-paroissial-reynies.fr\/wp-content\/uploads\/Cr\u00e8ches\/Cr\u00e8ches_2024\/P1000728-1024x769.jpg\" alt=\"\" class=\"wp-image-3162\" srcset=\"https:\/\/ensemble-paroissial-reynies.fr\/wp-content\/uploads\/Cr\u00e8ches\/Cr\u00e8ches_2024\/P1000728-1024x769.jpg 1024w, https:\/\/ensemble-paroissial-reynies.fr\/wp-content\/uploads\/Cr\u00e8ches\/Cr\u00e8ches_2024\/P1000728-300x225.jpg 300w, https:\/\/ensemble-paroissial-reynies.fr\/wp-content\/uploads\/Cr\u00e8ches\/Cr\u00e8ches_2024\/P1000728-768x577.jpg 768w, https:\/\/ensemble-paroissial-reynies.fr\/wp-content\/uploads\/Cr\u00e8ches\/Cr\u00e8ches_2024\/P1000728-1536x1153.jpg 1536w, https:\/\/ensemble-paroissial-reynies.fr\/wp-content\/uploads\/Cr\u00e8ches\/Cr\u00e8ches_2024\/P1000728-2048x1538.jpg 2048w\" sizes=\"auto, (max-width: 1024px) 100vw, 1024px\" \/><\/a><\/figure>\n<\/figure>\n\n\n\n<div style=\"height:6px\" aria-hidden=\"true\" class=\"wp-block-spacer\"><\/div>\n\n\n\n<p><em>Prions<\/em><\/p>\n\n\n\n<p>Dieu, tr\u00e8s grand, se fait tout petit, pour montrer qu\u2019il aime tous les hommes, m\u00eame les plus petits, les plus fragiles, les plus pauvres\u2026<br>Quel amour extraordinaire ! Ensemble disons-Lui merci.<br>Dieu, Toi qui nous aimes tant, nous te disons merci ! Merci pour J\u00e9sus venu nous dire ton Amour.<br>Merci pour la joie de No\u00ebl dans nos maisons et dans nos c\u0153urs.<br>Merci pour la vie, pour les b\u00e9b\u00e9s, pour nos familles.<br>Donne \u00e0 tous les enfants du monde le bonheur d\u2019\u00eatre aim\u00e9s, d\u2019\u00eatre heureux.<br>Aide-nous \u00e0 dire aux autres tout ce que Tu fais pour nous !<br>Dieu, Notre P\u00e8re et P\u00e8re de tous les hommes, garde tes enfants rassembl\u00e9s dans ta bont\u00e9. Donne-nous ton Esprit de joie, et fais de nous les t\u00e9moins de ta tendresse, Toi qui nous aimes pour les si\u00e8cles des si\u00e8cles. Amen<\/p>\n\n\n\n<p><em>Maintenant prions avec saint Th\u00e9odard patron de l\u2019\u00e9glise de Villebrumier<\/em><\/p>\n\n\n\n<div class=\"wp-block-group is-nowrap is-layout-flex wp-container-core-group-is-layout-ad2f72ca wp-block-group-is-layout-flex\">\n<figure class=\"wp-block-image size-large is-resized\"><a href=\"https:\/\/ensemble-paroissial-reynies.fr\/wp-content\/uploads\/eglise_villebrumier\/P1000716m-scaled.jpg\"><img loading=\"lazy\" decoding=\"async\" width=\"1024\" height=\"831\" src=\"https:\/\/ensemble-paroissial-reynies.fr\/wp-content\/uploads\/eglise_villebrumier\/P1000716m-1024x831.jpg\" alt=\"\" class=\"wp-image-3225\" style=\"width:464px;height:auto\" srcset=\"https:\/\/ensemble-paroissial-reynies.fr\/wp-content\/uploads\/eglise_villebrumier\/P1000716m-1024x831.jpg 1024w, https:\/\/ensemble-paroissial-reynies.fr\/wp-content\/uploads\/eglise_villebrumier\/P1000716m-300x244.jpg 300w, https:\/\/ensemble-paroissial-reynies.fr\/wp-content\/uploads\/eglise_villebrumier\/P1000716m-768x623.jpg 768w, https:\/\/ensemble-paroissial-reynies.fr\/wp-content\/uploads\/eglise_villebrumier\/P1000716m-1536x1247.jpg 1536w, https:\/\/ensemble-paroissial-reynies.fr\/wp-content\/uploads\/eglise_villebrumier\/P1000716m-2048x1663.jpg 2048w\" sizes=\"auto, (max-width: 1024px) 100vw, 1024px\" \/><\/a><\/figure>\n\n\n\n<p>P\u00e8re tr\u00e8s bon, assiste ton serviteur, tout indigne qu&rsquo;il est de ton amiti\u00e9, car il ne doute pas, malgr\u00e9 tout, de ta mis\u00e9ricorde et de ton amour. Re\u00e7ois mon \u00e2me dans la paix. Et toi, qui es vraiment notre avocat, \u00e0 la fois Dieu et homme, Seigneur J\u00e9sus Christ, je t&rsquo;ai aim\u00e9 de tout mon c\u0153ur, de tout mon esprit, de toutes mes forces, et je t&rsquo;aime et t&rsquo;aimerai toujours. Amen<\/p>\n<\/div>\n\n\n\n<div style=\"height:22px\" aria-hidden=\"true\" class=\"wp-block-spacer\"><\/div>\n\n\n\n<p><em>Avant de reprendre la route visitons l&rsquo;\u00e9glise : <a href=\"https:\/\/ensemble-paroissial-reynies.fr\/?page_id=1745\" target=\"_blank\" rel=\"noreferrer noopener\">https:\/\/ensemble-paroissial-reynies.fr\/?page_id=1745<\/a> <\/em><\/p>\n<\/details>\n\n\n\n<hr class=\"wp-block-separator has-alpha-channel-opacity\"\/>\n\n\n\n<div class=\"wp-block-group is-nowrap is-layout-flex wp-container-core-group-is-layout-ad2f72ca wp-block-group-is-layout-flex\">\n<figure class=\"wp-block-image size-large is-resized\"><a href=\"https:\/\/ensemble-paroissial-reynies.fr\/wp-content\/uploads\/eglise_varennes\/dsc04864.jpg\"><img loading=\"lazy\" decoding=\"async\" width=\"1024\" height=\"576\" src=\"https:\/\/ensemble-paroissial-reynies.fr\/wp-content\/uploads\/eglise_varennes\/dsc04864-1024x576.jpg\" alt=\"\" class=\"wp-image-943\" style=\"width:361px;height:auto\" srcset=\"https:\/\/ensemble-paroissial-reynies.fr\/wp-content\/uploads\/eglise_varennes\/dsc04864-1024x576.jpg 1024w, https:\/\/ensemble-paroissial-reynies.fr\/wp-content\/uploads\/eglise_varennes\/dsc04864-300x169.jpg 300w, https:\/\/ensemble-paroissial-reynies.fr\/wp-content\/uploads\/eglise_varennes\/dsc04864-768x432.jpg 768w, https:\/\/ensemble-paroissial-reynies.fr\/wp-content\/uploads\/eglise_varennes\/dsc04864-1536x864.jpg 1536w, https:\/\/ensemble-paroissial-reynies.fr\/wp-content\/uploads\/eglise_varennes\/dsc04864.jpg 1920w\" sizes=\"auto, (max-width: 1024px) 100vw, 1024px\" \/><\/a><\/figure>\n\n\n\n<p><strong><em>Reprenons notre chemin, nous allons monter dans les coteaux qui dominent la vall\u00e9e du Tarn en prenant la D8, qui en cours de route devient la D47 quand on traverse le d\u00e9partement de la Haute-Garonne, pour nous rendre dans le village de Varennes.<\/em><\/strong><\/p>\n<\/div>\n\n\n\n<div style=\"height:7px\" aria-hidden=\"true\" class=\"wp-block-spacer\"><\/div>\n\n\n\n<details class=\"wp-block-details is-layout-flow wp-block-details-is-layout-flow\"><summary>Varennes &#8211; \u00c9glise Sainte-Germaine<\/summary>\n<div style=\"height:7px\" aria-hidden=\"true\" class=\"wp-block-spacer\"><\/div>\n\n\n\n<div class=\"wp-block-group is-nowrap is-layout-flex wp-container-core-group-is-layout-ad2f72ca wp-block-group-is-layout-flex\">\n<figure class=\"wp-block-image size-large is-resized\"><a href=\"https:\/\/ensemble-paroissial-reynies.fr\/wp-content\/uploads\/eglise_varennes\/varennes3-scaled-1.jpg\"><img loading=\"lazy\" decoding=\"async\" width=\"701\" height=\"1024\" src=\"https:\/\/ensemble-paroissial-reynies.fr\/wp-content\/uploads\/eglise_varennes\/varennes3-scaled-1-701x1024.jpg\" alt=\"\" class=\"wp-image-936\" style=\"width:205px;height:auto\" srcset=\"https:\/\/ensemble-paroissial-reynies.fr\/wp-content\/uploads\/eglise_varennes\/varennes3-scaled-1-701x1024.jpg 701w, https:\/\/ensemble-paroissial-reynies.fr\/wp-content\/uploads\/eglise_varennes\/varennes3-scaled-1-205x300.jpg 205w, https:\/\/ensemble-paroissial-reynies.fr\/wp-content\/uploads\/eglise_varennes\/varennes3-scaled-1-768x1122.jpg 768w, https:\/\/ensemble-paroissial-reynies.fr\/wp-content\/uploads\/eglise_varennes\/varennes3-scaled-1-1052x1536.jpg 1052w, https:\/\/ensemble-paroissial-reynies.fr\/wp-content\/uploads\/eglise_varennes\/varennes3-scaled-1-1402x2048.jpg 1402w, https:\/\/ensemble-paroissial-reynies.fr\/wp-content\/uploads\/eglise_varennes\/varennes3-scaled-1.jpg 1753w\" sizes=\"auto, (max-width: 701px) 100vw, 701px\" \/><\/a><\/figure>\n\n\n\n<div class=\"wp-block-group is-vertical is-layout-flex wp-container-core-group-is-layout-8cf370e7 wp-block-group-is-layout-flex\">\n<p><em>Nous voici \u00e0 Varennes, entrons dans cette belle \u00e9glise d\u00e9di\u00e9e \u00e0 sainte Germaine de Pibrac<\/em><\/p>\n\n\n\n<p><em>Chantons<\/em> : dans les pas de J\u00e9sus (<a href=\"https:\/\/www.youtube.com\/watch?v=2b7g8f5-Ok4\" target=\"_blank\" rel=\"noreferrer noopener\">https:\/\/www.youtube.com\/watch?v=2b7g8f5-Ok4<\/a> )<\/p>\n<\/div>\n<\/div>\n\n\n\n<div style=\"height:7px\" aria-hidden=\"true\" class=\"wp-block-spacer\"><\/div>\n\n\n\n<p><em>Prions<\/em><\/p>\n\n\n\n<p>\u00ab IL S&rsquo;APPELLE EMMANUEL ! IL EST DIEU AVEC NOUS ! \u00bb :<\/p>\n\n\n\n<p>\u00ab Amis, fr\u00e8res de partout, Il est venu Celui qu\u2019on attendait.<br>Connaissez-vous son Nom ?<br>Je vais vous le dire et dans vos c\u0153urs son Nom chantera comme une fl\u00fbte dans le silence brumeux de la nuit.<br>Portes, ouvrez-vous ! Sur les chemins, faites de la place. Pr\u00e9parez la maison. Posez des lumi\u00e8res sur vos fen\u00eatres.<br>Sachez que la longue attente est termin\u00e9e. Levez la t\u00eate ! Je vous le dis : Il est venu !<br>Connaissez-vous son Nom ?<br>Je vais vous le dire et son Nom \u00e9clatera comme des poussi\u00e8res d\u2019\u00e9toiles sur la place du monde.<br>Aujourd\u2019hui, lumineuse sera la nuit et resplendissant le jour. Car Il est n\u00e9 l\u2019enfant qui change le monde.<br>Connaissez-vous son Nom ?<br>Sur son Visage danse le sourire de Dieu. Il est n\u00e9, Il restera avec nous et la joie des hommes devient la joie de Dieu.<br>Il est n\u00e9, Il reste avec nous et la souffrance des hommes devient la souffrance de Dieu.<br>Il est n\u00e9, Il reste avec nous et l\u2019amour des hommes devient l\u2019amour de Dieu.<br>Il est n\u00e9, Il reste avec nous et ses paroles portent la vie en elles comme un printemps gonfl\u00e9 de promesses.<br>Connaissez-vous son Nom ?<br>Je vais vous le dire et je voudrai qu\u2019il reste attach\u00e9 \u00e0 votre c\u0153ur.<br>Il s\u2019appelle Emmanuel !!! Il est Dieu avec nous. Ainsi soit-il. \u00bb<br><em>P\u00e8re Charles Singer<\/em><\/p>\n\n\n\n<p>et maintenant p<em>rions sainte Germaine patronne de l\u2019\u00e9glise de Varennes<\/em><\/p>\n\n\n\n<div class=\"wp-block-group is-nowrap is-layout-flex wp-container-core-group-is-layout-ad2f72ca wp-block-group-is-layout-flex\">\n<figure class=\"wp-block-image size-large is-resized\"><a href=\"https:\/\/ensemble-paroissial-reynies.fr\/wp-content\/uploads\/eglise_orgueil\/staues_autels\/P1000139-scaled-1.jpg\"><img loading=\"lazy\" decoding=\"async\" width=\"345\" height=\"1024\" src=\"https:\/\/ensemble-paroissial-reynies.fr\/wp-content\/uploads\/eglise_orgueil\/staues_autels\/P1000139-scaled-1-345x1024.jpg\" alt=\"\" class=\"wp-image-2264\" style=\"width:236px;height:auto\" srcset=\"https:\/\/ensemble-paroissial-reynies.fr\/wp-content\/uploads\/eglise_orgueil\/staues_autels\/P1000139-scaled-1-345x1024.jpg 345w, https:\/\/ensemble-paroissial-reynies.fr\/wp-content\/uploads\/eglise_orgueil\/staues_autels\/P1000139-scaled-1-101x300.jpg 101w, https:\/\/ensemble-paroissial-reynies.fr\/wp-content\/uploads\/eglise_orgueil\/staues_autels\/P1000139-scaled-1-768x2281.jpg 768w, https:\/\/ensemble-paroissial-reynies.fr\/wp-content\/uploads\/eglise_orgueil\/staues_autels\/P1000139-scaled-1-517x1536.jpg 517w, https:\/\/ensemble-paroissial-reynies.fr\/wp-content\/uploads\/eglise_orgueil\/staues_autels\/P1000139-scaled-1-690x2048.jpg 690w, https:\/\/ensemble-paroissial-reynies.fr\/wp-content\/uploads\/eglise_orgueil\/staues_autels\/P1000139-scaled-1.jpg 862w\" sizes=\"auto, (max-width: 345px) 100vw, 345px\" \/><\/a><\/figure>\n\n\n\n<p>Sainte Germaine, toi qui as rejoint la pleine vie de Dieu dans la lumi\u00e8re de la Gloire, nous savons que tu restes proche de chacun de nous dans les difficult\u00e9s et les joies de notre quotidien.<br>Aide-nous \u00e0 devenir de vrais disciples de J\u00e9sus Christ, doux et humble de c\u0153ur, pour qu\u2019en nous m\u00fbrissent les fruits de l\u2019Esprit Saint : amour, joie et paix, patience, bont\u00e9 et bienveillance, fid\u00e9lit\u00e9, douceur et ma\u00eetrise de nous-m\u00eames.<br>Toi qui as su mettre de grandes intentions \u00e0 faire de petites choses, fais de chacun de nous un missionnaire de la tendresse de Dieu, qui \u00e9l\u00e8ve les petits et les pauvres \u00e0 la hauteur de son dessein mis\u00e9ricordieux.<br>Ainsi, dans l\u2019unit\u00e9 de notre t\u00e9moignage le monde pourra voir et croire que la haine et la mort sont toujours vaincus par l\u2019Amour.<br>Amen.<\/p>\n<\/div>\n<\/details>\n\n\n\n<hr class=\"wp-block-separator has-alpha-channel-opacity\"\/>\n\n\n\n<div class=\"wp-block-group is-nowrap is-layout-flex wp-container-core-group-is-layout-ad2f72ca wp-block-group-is-layout-flex\">\n<figure class=\"wp-block-image size-large is-resized\"><a href=\"https:\/\/ensemble-paroissial-reynies.fr\/wp-content\/uploads\/eglise_puylauron\/puylaurant.jpg\"><img loading=\"lazy\" decoding=\"async\" width=\"1024\" height=\"576\" src=\"https:\/\/ensemble-paroissial-reynies.fr\/wp-content\/uploads\/eglise_puylauron\/puylaurant-1024x576.jpg\" alt=\"\" class=\"wp-image-922\" style=\"width:435px;height:auto\" srcset=\"https:\/\/ensemble-paroissial-reynies.fr\/wp-content\/uploads\/eglise_puylauron\/puylaurant-1024x576.jpg 1024w, https:\/\/ensemble-paroissial-reynies.fr\/wp-content\/uploads\/eglise_puylauron\/puylaurant-300x169.jpg 300w, https:\/\/ensemble-paroissial-reynies.fr\/wp-content\/uploads\/eglise_puylauron\/puylaurant-768x432.jpg 768w, https:\/\/ensemble-paroissial-reynies.fr\/wp-content\/uploads\/eglise_puylauron\/puylaurant.jpg 1500w\" sizes=\"auto, (max-width: 1024px) 100vw, 1024px\" \/><\/a><\/figure>\n\n\n\n<p><strong><em>Reprenons la route en revenant un peu sur nos pas sur la D47 en direction de Villebrumier. Nous laissons \u00e0 notre gauche le cimeti\u00e8re communal en prenant la D37. Nous allons passer \u00e0 c\u00f4t\u00e9 de la Chapelle de Puylauron. La chapelle de Puylauron est ferm\u00e9e, mais depuis ses abords nous pouvons admirer la vall\u00e9e du Tarn et celle du Tescou, si le beau temps est l\u00e0, prenons le temps de nous arr\u00eater.<\/em><\/strong><\/p>\n<\/div>\n\n\n\n<div style=\"height:16px\" aria-hidden=\"true\" class=\"wp-block-spacer\"><\/div>\n\n\n\n<details class=\"wp-block-details is-layout-flow wp-block-details-is-layout-flow\"><summary>Puylauron &#8211; Chapelle Notre-Dames des Anges<\/summary><div class=\"wp-block-image\">\n<figure class=\"aligncenter size-large is-resized\"><a href=\"https:\/\/ensemble-paroissial-reynies.fr\/wp-content\/uploads\/eglise_puylauron\/20180313_172956-scaled-1.jpg\"><img loading=\"lazy\" decoding=\"async\" width=\"1024\" height=\"576\" src=\"https:\/\/ensemble-paroissial-reynies.fr\/wp-content\/uploads\/eglise_puylauron\/20180313_172956-scaled-1-1024x576.jpg\" alt=\"\" class=\"wp-image-914\" style=\"width:341px;height:auto\" srcset=\"https:\/\/ensemble-paroissial-reynies.fr\/wp-content\/uploads\/eglise_puylauron\/20180313_172956-scaled-1-1024x576.jpg 1024w, https:\/\/ensemble-paroissial-reynies.fr\/wp-content\/uploads\/eglise_puylauron\/20180313_172956-scaled-1-300x169.jpg 300w, https:\/\/ensemble-paroissial-reynies.fr\/wp-content\/uploads\/eglise_puylauron\/20180313_172956-scaled-1-768x432.jpg 768w, https:\/\/ensemble-paroissial-reynies.fr\/wp-content\/uploads\/eglise_puylauron\/20180313_172956-scaled-1-1536x864.jpg 1536w, https:\/\/ensemble-paroissial-reynies.fr\/wp-content\/uploads\/eglise_puylauron\/20180313_172956-scaled-1-2048x1152.jpg 2048w\" sizes=\"auto, (max-width: 1024px) 100vw, 1024px\" \/><\/a><figcaption class=\"wp-element-caption\">Vue depuis la chapelle Notre-Dame des Anges<\/figcaption><\/figure>\n<\/div>\n\n\n<p>Photographies : <a href=\"https:\/\/ensemble-paroissial-reynies.fr\/?page_id=1666\" target=\"_blank\" rel=\"noreferrer noopener\">https:\/\/ensemble-paroissial-reynies.fr\/?page_id=1666<\/a><\/p>\n\n\n\n<p>Notre-Dames des Anges : <a href=\"https:\/\/ensemble-paroissial-reynies.fr\/?page_id=1653\" target=\"_blank\" rel=\"noreferrer noopener\">https:\/\/ensemble-paroissial-reynies.fr\/?page_id=1653<\/a><\/p>\n<\/details>\n\n\n\n<hr class=\"wp-block-separator has-alpha-channel-opacity\"\/>\n\n\n\n<p><strong><em>Depuis la chapelle de Puylauron, nous descendons vers le Tescou pour rejoindre le carrefour avec la D999. Nous prenons \u00e0 gauche sur cette d\u00e9partementale pour rejoindre Saint-Nauphary.<\/em><\/strong><\/p>\n\n\n\n<div class=\"wp-block-group is-nowrap is-layout-flex wp-container-core-group-is-layout-ad2f72ca wp-block-group-is-layout-flex\">\n<figure class=\"wp-block-image size-large is-resized\"><a href=\"https:\/\/ensemble-paroissial-reynies.fr\/wp-content\/uploads\/eglise\u00e8saint-nauphary\/P1000400-scaled.jpg\"><img loading=\"lazy\" decoding=\"async\" width=\"769\" height=\"1024\" src=\"https:\/\/ensemble-paroissial-reynies.fr\/wp-content\/uploads\/eglise\u00e8saint-nauphary\/P1000400-769x1024.jpg\" alt=\"\" class=\"wp-image-2680\" style=\"width:221px;height:auto\" srcset=\"https:\/\/ensemble-paroissial-reynies.fr\/wp-content\/uploads\/eglise\u00e8saint-nauphary\/P1000400-769x1024.jpg 769w, https:\/\/ensemble-paroissial-reynies.fr\/wp-content\/uploads\/eglise\u00e8saint-nauphary\/P1000400-225x300.jpg 225w, https:\/\/ensemble-paroissial-reynies.fr\/wp-content\/uploads\/eglise\u00e8saint-nauphary\/P1000400-768x1023.jpg 768w, https:\/\/ensemble-paroissial-reynies.fr\/wp-content\/uploads\/eglise\u00e8saint-nauphary\/P1000400-1153x1536.jpg 1153w, https:\/\/ensemble-paroissial-reynies.fr\/wp-content\/uploads\/eglise\u00e8saint-nauphary\/P1000400-1538x2048.jpg 1538w, https:\/\/ensemble-paroissial-reynies.fr\/wp-content\/uploads\/eglise\u00e8saint-nauphary\/P1000400-scaled.jpg 1922w\" sizes=\"auto, (max-width: 769px) 100vw, 769px\" \/><\/a><\/figure>\n\n\n\n<p><strong><em>Nous nous garons devant le cimeti\u00e8re et rentrons dans l\u2019\u00e9glise Saint-Barnab\u00e9<\/em><\/strong><\/p>\n<\/div>\n\n\n\n<div style=\"height:14px\" aria-hidden=\"true\" class=\"wp-block-spacer\"><\/div>\n\n\n\n<details class=\"wp-block-details is-layout-flow wp-block-details-is-layout-flow\"><summary>Saint-Nauphary &#8211; \u00c9glise Saint-Barnab\u00e9<\/summary>\n<div style=\"height:9px\" aria-hidden=\"true\" class=\"wp-block-spacer\"><\/div>\n\n\n\n<p><em>La cr\u00e8che est \u00e0 l\u2019entr\u00e9e de l\u2019\u00e9glise.<\/em><\/p>\n\n\n\n<p><em>Chantons<\/em>\u00a0: Les Anges dans nos Campagnes (<a href=\"https:\/\/www.youtube.com\/watch?v=Wv3P7Xyxba4&amp;t=9s\" target=\"_blank\" rel=\"noreferrer noopener\">https:\/\/www.youtube.com\/watch?v=Wv3P7Xyxba4&amp;t=9s<\/a> )<\/p>\n\n\n\n<figure class=\"wp-block-gallery has-nested-images columns-5 is-cropped wp-block-gallery-2 is-layout-flex wp-block-gallery-is-layout-flex\">\n<figure class=\"wp-block-image size-large\"><a href=\"https:\/\/ensemble-paroissial-reynies.fr\/wp-content\/uploads\/Cr\u00e8ches\/Cr\u00e8ches_2024\/P1000700-scaled.jpg\"><img loading=\"lazy\" decoding=\"async\" width=\"1024\" height=\"769\" data-id=\"3134\" src=\"https:\/\/ensemble-paroissial-reynies.fr\/wp-content\/uploads\/Cr\u00e8ches\/Cr\u00e8ches_2024\/P1000700-1024x769.jpg\" alt=\"\" class=\"wp-image-3134\" srcset=\"https:\/\/ensemble-paroissial-reynies.fr\/wp-content\/uploads\/Cr\u00e8ches\/Cr\u00e8ches_2024\/P1000700-1024x769.jpg 1024w, https:\/\/ensemble-paroissial-reynies.fr\/wp-content\/uploads\/Cr\u00e8ches\/Cr\u00e8ches_2024\/P1000700-300x225.jpg 300w, https:\/\/ensemble-paroissial-reynies.fr\/wp-content\/uploads\/Cr\u00e8ches\/Cr\u00e8ches_2024\/P1000700-768x577.jpg 768w, https:\/\/ensemble-paroissial-reynies.fr\/wp-content\/uploads\/Cr\u00e8ches\/Cr\u00e8ches_2024\/P1000700-1536x1153.jpg 1536w, https:\/\/ensemble-paroissial-reynies.fr\/wp-content\/uploads\/Cr\u00e8ches\/Cr\u00e8ches_2024\/P1000700-2048x1538.jpg 2048w\" sizes=\"auto, (max-width: 1024px) 100vw, 1024px\" \/><\/a><\/figure>\n\n\n\n<figure class=\"wp-block-image size-large\"><a href=\"https:\/\/ensemble-paroissial-reynies.fr\/wp-content\/uploads\/Cr\u00e8ches\/Cr\u00e8ches_2024\/P1000701-scaled.jpg\"><img loading=\"lazy\" decoding=\"async\" width=\"1024\" height=\"769\" data-id=\"3133\" src=\"https:\/\/ensemble-paroissial-reynies.fr\/wp-content\/uploads\/Cr\u00e8ches\/Cr\u00e8ches_2024\/P1000701-1024x769.jpg\" alt=\"\" class=\"wp-image-3133\" srcset=\"https:\/\/ensemble-paroissial-reynies.fr\/wp-content\/uploads\/Cr\u00e8ches\/Cr\u00e8ches_2024\/P1000701-1024x769.jpg 1024w, https:\/\/ensemble-paroissial-reynies.fr\/wp-content\/uploads\/Cr\u00e8ches\/Cr\u00e8ches_2024\/P1000701-300x225.jpg 300w, https:\/\/ensemble-paroissial-reynies.fr\/wp-content\/uploads\/Cr\u00e8ches\/Cr\u00e8ches_2024\/P1000701-768x577.jpg 768w, https:\/\/ensemble-paroissial-reynies.fr\/wp-content\/uploads\/Cr\u00e8ches\/Cr\u00e8ches_2024\/P1000701-1536x1153.jpg 1536w, https:\/\/ensemble-paroissial-reynies.fr\/wp-content\/uploads\/Cr\u00e8ches\/Cr\u00e8ches_2024\/P1000701-2048x1538.jpg 2048w\" sizes=\"auto, (max-width: 1024px) 100vw, 1024px\" \/><\/a><\/figure>\n\n\n\n<figure class=\"wp-block-image size-large\"><a href=\"https:\/\/ensemble-paroissial-reynies.fr\/wp-content\/uploads\/Cr\u00e8ches\/Cr\u00e8ches_2024\/P1000703-scaled.jpg\"><img loading=\"lazy\" decoding=\"async\" width=\"1024\" height=\"769\" data-id=\"3132\" src=\"https:\/\/ensemble-paroissial-reynies.fr\/wp-content\/uploads\/Cr\u00e8ches\/Cr\u00e8ches_2024\/P1000703-1024x769.jpg\" alt=\"\" class=\"wp-image-3132\" srcset=\"https:\/\/ensemble-paroissial-reynies.fr\/wp-content\/uploads\/Cr\u00e8ches\/Cr\u00e8ches_2024\/P1000703-1024x769.jpg 1024w, https:\/\/ensemble-paroissial-reynies.fr\/wp-content\/uploads\/Cr\u00e8ches\/Cr\u00e8ches_2024\/P1000703-300x225.jpg 300w, https:\/\/ensemble-paroissial-reynies.fr\/wp-content\/uploads\/Cr\u00e8ches\/Cr\u00e8ches_2024\/P1000703-768x577.jpg 768w, https:\/\/ensemble-paroissial-reynies.fr\/wp-content\/uploads\/Cr\u00e8ches\/Cr\u00e8ches_2024\/P1000703-1536x1153.jpg 1536w, https:\/\/ensemble-paroissial-reynies.fr\/wp-content\/uploads\/Cr\u00e8ches\/Cr\u00e8ches_2024\/P1000703-2048x1538.jpg 2048w\" sizes=\"auto, (max-width: 1024px) 100vw, 1024px\" \/><\/a><\/figure>\n\n\n\n<figure class=\"wp-block-image size-large\"><a href=\"https:\/\/ensemble-paroissial-reynies.fr\/wp-content\/uploads\/Cr\u00e8ches\/Cr\u00e8ches_2024\/P1000699-scaled.jpg\"><img loading=\"lazy\" decoding=\"async\" width=\"1024\" height=\"769\" data-id=\"3131\" src=\"https:\/\/ensemble-paroissial-reynies.fr\/wp-content\/uploads\/Cr\u00e8ches\/Cr\u00e8ches_2024\/P1000699-1024x769.jpg\" alt=\"\" class=\"wp-image-3131\" srcset=\"https:\/\/ensemble-paroissial-reynies.fr\/wp-content\/uploads\/Cr\u00e8ches\/Cr\u00e8ches_2024\/P1000699-1024x769.jpg 1024w, https:\/\/ensemble-paroissial-reynies.fr\/wp-content\/uploads\/Cr\u00e8ches\/Cr\u00e8ches_2024\/P1000699-300x225.jpg 300w, https:\/\/ensemble-paroissial-reynies.fr\/wp-content\/uploads\/Cr\u00e8ches\/Cr\u00e8ches_2024\/P1000699-768x577.jpg 768w, https:\/\/ensemble-paroissial-reynies.fr\/wp-content\/uploads\/Cr\u00e8ches\/Cr\u00e8ches_2024\/P1000699-1536x1153.jpg 1536w, https:\/\/ensemble-paroissial-reynies.fr\/wp-content\/uploads\/Cr\u00e8ches\/Cr\u00e8ches_2024\/P1000699-2048x1538.jpg 2048w\" sizes=\"auto, (max-width: 1024px) 100vw, 1024px\" \/><\/a><\/figure>\n\n\n\n<figure class=\"wp-block-image size-large\"><a href=\"https:\/\/ensemble-paroissial-reynies.fr\/wp-content\/uploads\/Cr\u00e8ches\/Cr\u00e8ches_2024\/P1000702-scaled.jpg\"><img loading=\"lazy\" decoding=\"async\" width=\"1024\" height=\"769\" data-id=\"3130\" src=\"https:\/\/ensemble-paroissial-reynies.fr\/wp-content\/uploads\/Cr\u00e8ches\/Cr\u00e8ches_2024\/P1000702-1024x769.jpg\" alt=\"\" class=\"wp-image-3130\" srcset=\"https:\/\/ensemble-paroissial-reynies.fr\/wp-content\/uploads\/Cr\u00e8ches\/Cr\u00e8ches_2024\/P1000702-1024x769.jpg 1024w, https:\/\/ensemble-paroissial-reynies.fr\/wp-content\/uploads\/Cr\u00e8ches\/Cr\u00e8ches_2024\/P1000702-300x225.jpg 300w, https:\/\/ensemble-paroissial-reynies.fr\/wp-content\/uploads\/Cr\u00e8ches\/Cr\u00e8ches_2024\/P1000702-768x577.jpg 768w, https:\/\/ensemble-paroissial-reynies.fr\/wp-content\/uploads\/Cr\u00e8ches\/Cr\u00e8ches_2024\/P1000702-1536x1153.jpg 1536w, https:\/\/ensemble-paroissial-reynies.fr\/wp-content\/uploads\/Cr\u00e8ches\/Cr\u00e8ches_2024\/P1000702-2048x1538.jpg 2048w\" sizes=\"auto, (max-width: 1024px) 100vw, 1024px\" \/><\/a><\/figure>\n<\/figure>\n\n\n\n<p><em>Prions<\/em><\/p>\n\n\n\n<p>Si No\u00ebl, c\u2019est la Paix, la Paix doit passer par nos mains. Donne la paix \u00e0 ton voisin&#8230;<br>Si No\u00ebl, c\u2019est la Lumi\u00e8re, la Lumi\u00e8re doit fleurir en notre vie. Marche vers ton fr\u00e8re pour illuminer ses jours.<br>Si No\u00ebl, c&rsquo;est la Joie, la Joie doit briller sur nos visages. Souris au monde pour qu&rsquo;il devienne bonheur.<br>Si No\u00ebl c&rsquo;est l&rsquo;Esp\u00e9rance, l&rsquo;Esp\u00e9rance doit grandir en notre coeur. S\u00e8me l&rsquo;Esp\u00e9rance au creux de chaque homme.<br>Si No\u00ebl c&rsquo;est l&rsquo;Amour, nous devons en \u00eatre les instruments. Porte l&rsquo;Amour \u00e0 tous les affam\u00e9s du monde.<\/p>\n\n\n\n<p><em>Et prions saint Barnab\u00e9 patron de l\u2019\u00e9glise de Saint-Nauphary<\/em><\/p>\n\n\n\n<div class=\"wp-block-group is-nowrap is-layout-flex wp-container-core-group-is-layout-ad2f72ca wp-block-group-is-layout-flex\">\n<figure class=\"wp-block-image size-large is-resized\"><a href=\"https:\/\/ensemble-paroissial-reynies.fr\/wp-content\/uploads\/eglise\u00e8saint-nauphary\/P1000424m-scaled.jpg\"><img loading=\"lazy\" decoding=\"async\" width=\"363\" height=\"1024\" src=\"https:\/\/ensemble-paroissial-reynies.fr\/wp-content\/uploads\/eglise\u00e8saint-nauphary\/P1000424m-363x1024.jpg\" alt=\"\" class=\"wp-image-2735\" style=\"width:320px;height:auto\" srcset=\"https:\/\/ensemble-paroissial-reynies.fr\/wp-content\/uploads\/eglise\u00e8saint-nauphary\/P1000424m-363x1024.jpg 363w, https:\/\/ensemble-paroissial-reynies.fr\/wp-content\/uploads\/eglise\u00e8saint-nauphary\/P1000424m-106x300.jpg 106w, https:\/\/ensemble-paroissial-reynies.fr\/wp-content\/uploads\/eglise\u00e8saint-nauphary\/P1000424m-768x2167.jpg 768w, https:\/\/ensemble-paroissial-reynies.fr\/wp-content\/uploads\/eglise\u00e8saint-nauphary\/P1000424m-544x1536.jpg 544w, https:\/\/ensemble-paroissial-reynies.fr\/wp-content\/uploads\/eglise\u00e8saint-nauphary\/P1000424m-726x2048.jpg 726w, https:\/\/ensemble-paroissial-reynies.fr\/wp-content\/uploads\/eglise\u00e8saint-nauphary\/P1000424m-scaled.jpg 907w\" sizes=\"auto, (max-width: 363px) 100vw, 363px\" \/><\/a><figcaption class=\"wp-element-caption\">Saint Barnab\u00e9<\/figcaption><\/figure>\n\n\n\n<p>\u00d4 glorieux Saint Barnab\u00e9, Ap\u00f4tre d\u00e9vou\u00e9 du Christ, toi qui as \u0153uvr\u00e9 pour la propagation de la foi et la consolation des \u00e2mes, interc\u00e8de pour nous aupr\u00e8s du Seigneur, afin que nous puissions \u00eatre fortifi\u00e9s dans notre foi, \u00e9clair\u00e9s dans nos doutes, et r\u00e9confort\u00e9s dans nos afflictions.<br>Aide-nous \u00e0 \u00eatre des instruments de paix et de charit\u00e9, \u00e0 suivre l&rsquo;exemple de ta g\u00e9n\u00e9rosit\u00e9 et de ton z\u00e8le apostolique, et \u00e0 r\u00e9pandre l&rsquo;amour du Christ dans le monde entier.<br>Nous te prions, Saint Barnab\u00e9, pour que tu nous assistes dans nos besoins et intentions, et que, par ta puissante intercession, nous soyons conduits \u00e0 la vie \u00e9ternelle.<br>Amen.<\/p>\n<\/div>\n\n\n\n<div class=\"wp-block-group is-nowrap is-layout-flex wp-container-core-group-is-layout-ad2f72ca wp-block-group-is-layout-flex\">\n<figure class=\"wp-block-image size-large is-resized\"><a href=\"https:\/\/ensemble-paroissial-reynies.fr\/wp-content\/uploads\/eglise\u00e8saint-nauphary\/P1000407-1-scaled.jpg\"><img loading=\"lazy\" decoding=\"async\" width=\"1024\" height=\"769\" src=\"https:\/\/ensemble-paroissial-reynies.fr\/wp-content\/uploads\/eglise\u00e8saint-nauphary\/P1000407-1-1024x769.jpg\" alt=\"\" class=\"wp-image-2719\" style=\"width:398px;height:auto\" srcset=\"https:\/\/ensemble-paroissial-reynies.fr\/wp-content\/uploads\/eglise\u00e8saint-nauphary\/P1000407-1-1024x769.jpg 1024w, https:\/\/ensemble-paroissial-reynies.fr\/wp-content\/uploads\/eglise\u00e8saint-nauphary\/P1000407-1-300x225.jpg 300w, https:\/\/ensemble-paroissial-reynies.fr\/wp-content\/uploads\/eglise\u00e8saint-nauphary\/P1000407-1-768x577.jpg 768w, https:\/\/ensemble-paroissial-reynies.fr\/wp-content\/uploads\/eglise\u00e8saint-nauphary\/P1000407-1-1536x1153.jpg 1536w, https:\/\/ensemble-paroissial-reynies.fr\/wp-content\/uploads\/eglise\u00e8saint-nauphary\/P1000407-1-2048x1538.jpg 2048w\" sizes=\"auto, (max-width: 1024px) 100vw, 1024px\" \/><\/a><\/figure>\n\n\n\n<p><em>Avant de repartir avan\u00e7ons nous dans l&rsquo;\u00e9glise pour regarder les chapelles, les vitraux, le Chemin de Croix, le bel autel, &#8230; : <\/em><a href=\"https:\/\/ensemble-paroissial-reynies.fr\/?page_id=2678\" target=\"_blank\" rel=\"noreferrer noopener\">https:\/\/ensemble-paroissial-reynies.fr\/?page_id=2678<\/a><\/p>\n<\/div>\n<\/details>\n\n\n\n<hr class=\"wp-block-separator has-alpha-channel-opacity\"\/>\n\n\n\n<p><strong><em>Corbarieu sera notre prochaine \u00e9tape, pour nous y rendre nous allons passer par les coteaux. Depuis l\u2019\u00e9glise revenons vers la D999, au stop nous prenons \u00e0 gauche puis au 1<sup>er<\/sup> carrefour nous empruntons la D94 pour rejoindre Reyni\u00e8s. Arriv\u00e9s \u00e0 Reyni\u00e8s nous prenons la D21 vers Montauban pour aller \u00e0 Corbarieu.<\/em><\/strong><\/p>\n\n\n\n<div class=\"wp-block-group is-nowrap is-layout-flex wp-container-core-group-is-layout-ad2f72ca wp-block-group-is-layout-flex\">\n<figure class=\"wp-block-image size-full is-resized\"><a href=\"https:\/\/ensemble-paroissial-reynies.fr\/wp-content\/uploads\/eglise_corbarieu\/egcorbarieu.jpg\"><img loading=\"lazy\" decoding=\"async\" width=\"800\" height=\"633\" src=\"https:\/\/ensemble-paroissial-reynies.fr\/wp-content\/uploads\/eglise_corbarieu\/egcorbarieu.jpg\" alt=\"\" class=\"wp-image-852\" style=\"width:279px;height:auto\" srcset=\"https:\/\/ensemble-paroissial-reynies.fr\/wp-content\/uploads\/eglise_corbarieu\/egcorbarieu.jpg 800w, https:\/\/ensemble-paroissial-reynies.fr\/wp-content\/uploads\/eglise_corbarieu\/egcorbarieu-300x237.jpg 300w, https:\/\/ensemble-paroissial-reynies.fr\/wp-content\/uploads\/eglise_corbarieu\/egcorbarieu-768x608.jpg 768w\" sizes=\"auto, (max-width: 800px) 100vw, 800px\" \/><\/a><\/figure>\n\n\n\n<p><strong><em>Dans Corbarieu, juste apr\u00e8s l\u2019\u00e9cole nous prenons \u00e0 droite et nous nous garons sur la place pour nous rendre dans l\u2019\u00e9glise Saint-Abdon-et-Saint-Sennen.<\/em><\/strong><\/p>\n<\/div>\n\n\n\n<div style=\"height:11px\" aria-hidden=\"true\" class=\"wp-block-spacer\"><\/div>\n\n\n\n<details class=\"wp-block-details is-layout-flow wp-block-details-is-layout-flow\"><summary>Corbarieu &#8211; \u00c9glise Saint-Abdon-et-Saint-Sennen<\/summary>\n<div style=\"height:9px\" aria-hidden=\"true\" class=\"wp-block-spacer\"><\/div>\n\n\n\n<div class=\"wp-block-group is-nowrap is-layout-flex wp-container-core-group-is-layout-ad2f72ca wp-block-group-is-layout-flex\">\n<figure class=\"wp-block-image size-large is-resized\"><a href=\"https:\/\/ensemble-paroissial-reynies.fr\/wp-content\/uploads\/Cr\u00e8ches\/Cr\u00e8ches_2024\/P1000688-scaled.jpg\"><img loading=\"lazy\" decoding=\"async\" width=\"1024\" height=\"769\" src=\"https:\/\/ensemble-paroissial-reynies.fr\/wp-content\/uploads\/Cr\u00e8ches\/Cr\u00e8ches_2024\/P1000688-1024x769.jpg\" alt=\"\" class=\"wp-image-3056\" style=\"width:253px;height:auto\" srcset=\"https:\/\/ensemble-paroissial-reynies.fr\/wp-content\/uploads\/Cr\u00e8ches\/Cr\u00e8ches_2024\/P1000688-1024x769.jpg 1024w, https:\/\/ensemble-paroissial-reynies.fr\/wp-content\/uploads\/Cr\u00e8ches\/Cr\u00e8ches_2024\/P1000688-300x225.jpg 300w, https:\/\/ensemble-paroissial-reynies.fr\/wp-content\/uploads\/Cr\u00e8ches\/Cr\u00e8ches_2024\/P1000688-768x577.jpg 768w, https:\/\/ensemble-paroissial-reynies.fr\/wp-content\/uploads\/Cr\u00e8ches\/Cr\u00e8ches_2024\/P1000688-1536x1153.jpg 1536w, https:\/\/ensemble-paroissial-reynies.fr\/wp-content\/uploads\/Cr\u00e8ches\/Cr\u00e8ches_2024\/P1000688-2048x1538.jpg 2048w\" sizes=\"auto, (max-width: 1024px) 100vw, 1024px\" \/><\/a><\/figure>\n\n\n\n<div class=\"wp-block-group is-vertical is-layout-flex wp-container-core-group-is-layout-8cf370e7 wp-block-group-is-layout-flex\">\n<p>Entrons dans l&rsquo;\u00e9glise, la cr\u00e8che est devant l&rsquo;autel.<\/p>\n\n\n\n<p><em>Chantons<\/em>\u00a0: un enfant nous est n\u00e9 (<a href=\"https:\/\/www.youtube.com\/watch?v=thEoDhqaODY&amp;t=3s\" target=\"_blank\" rel=\"noreferrer noopener\">https:\/\/www.youtube.com\/watch?v=thEoDhqaODY&amp;t=3s<\/a> )<\/p>\n<\/div>\n<\/div>\n\n\n\n<div style=\"height:16px\" aria-hidden=\"true\" class=\"wp-block-spacer\"><\/div>\n\n\n\n<figure class=\"wp-block-gallery has-nested-images columns-5 is-cropped wp-block-gallery-3 is-layout-flex wp-block-gallery-is-layout-flex\">\n<figure class=\"wp-block-image size-large\"><a href=\"https:\/\/ensemble-paroissial-reynies.fr\/wp-content\/uploads\/Cr\u00e8ches\/Cr\u00e8ches_2024\/P1000696-scaled.jpg\"><img loading=\"lazy\" decoding=\"async\" width=\"1024\" height=\"769\" data-id=\"3062\" src=\"https:\/\/ensemble-paroissial-reynies.fr\/wp-content\/uploads\/Cr\u00e8ches\/Cr\u00e8ches_2024\/P1000696-1024x769.jpg\" alt=\"\" class=\"wp-image-3062\" srcset=\"https:\/\/ensemble-paroissial-reynies.fr\/wp-content\/uploads\/Cr\u00e8ches\/Cr\u00e8ches_2024\/P1000696-1024x769.jpg 1024w, https:\/\/ensemble-paroissial-reynies.fr\/wp-content\/uploads\/Cr\u00e8ches\/Cr\u00e8ches_2024\/P1000696-300x225.jpg 300w, https:\/\/ensemble-paroissial-reynies.fr\/wp-content\/uploads\/Cr\u00e8ches\/Cr\u00e8ches_2024\/P1000696-768x577.jpg 768w, https:\/\/ensemble-paroissial-reynies.fr\/wp-content\/uploads\/Cr\u00e8ches\/Cr\u00e8ches_2024\/P1000696-1536x1153.jpg 1536w, https:\/\/ensemble-paroissial-reynies.fr\/wp-content\/uploads\/Cr\u00e8ches\/Cr\u00e8ches_2024\/P1000696-2048x1538.jpg 2048w\" sizes=\"auto, (max-width: 1024px) 100vw, 1024px\" \/><\/a><\/figure>\n\n\n\n<figure class=\"wp-block-image size-large\"><a href=\"https:\/\/ensemble-paroissial-reynies.fr\/wp-content\/uploads\/Cr\u00e8ches\/Cr\u00e8ches_2024\/P1000690-scaled.jpg\"><img loading=\"lazy\" decoding=\"async\" width=\"1024\" height=\"769\" data-id=\"3058\" src=\"https:\/\/ensemble-paroissial-reynies.fr\/wp-content\/uploads\/Cr\u00e8ches\/Cr\u00e8ches_2024\/P1000690-1024x769.jpg\" alt=\"\" class=\"wp-image-3058\" srcset=\"https:\/\/ensemble-paroissial-reynies.fr\/wp-content\/uploads\/Cr\u00e8ches\/Cr\u00e8ches_2024\/P1000690-1024x769.jpg 1024w, https:\/\/ensemble-paroissial-reynies.fr\/wp-content\/uploads\/Cr\u00e8ches\/Cr\u00e8ches_2024\/P1000690-300x225.jpg 300w, https:\/\/ensemble-paroissial-reynies.fr\/wp-content\/uploads\/Cr\u00e8ches\/Cr\u00e8ches_2024\/P1000690-768x577.jpg 768w, https:\/\/ensemble-paroissial-reynies.fr\/wp-content\/uploads\/Cr\u00e8ches\/Cr\u00e8ches_2024\/P1000690-1536x1153.jpg 1536w, https:\/\/ensemble-paroissial-reynies.fr\/wp-content\/uploads\/Cr\u00e8ches\/Cr\u00e8ches_2024\/P1000690-2048x1538.jpg 2048w\" sizes=\"auto, (max-width: 1024px) 100vw, 1024px\" \/><\/a><\/figure>\n\n\n\n<figure class=\"wp-block-image size-large\"><a href=\"https:\/\/ensemble-paroissial-reynies.fr\/wp-content\/uploads\/Cr\u00e8ches\/Cr\u00e8ches_2024\/P1000692-scaled.jpg\"><img loading=\"lazy\" decoding=\"async\" width=\"1024\" height=\"769\" data-id=\"3060\" src=\"https:\/\/ensemble-paroissial-reynies.fr\/wp-content\/uploads\/Cr\u00e8ches\/Cr\u00e8ches_2024\/P1000692-1024x769.jpg\" alt=\"\" class=\"wp-image-3060\" srcset=\"https:\/\/ensemble-paroissial-reynies.fr\/wp-content\/uploads\/Cr\u00e8ches\/Cr\u00e8ches_2024\/P1000692-1024x769.jpg 1024w, https:\/\/ensemble-paroissial-reynies.fr\/wp-content\/uploads\/Cr\u00e8ches\/Cr\u00e8ches_2024\/P1000692-300x225.jpg 300w, https:\/\/ensemble-paroissial-reynies.fr\/wp-content\/uploads\/Cr\u00e8ches\/Cr\u00e8ches_2024\/P1000692-768x577.jpg 768w, https:\/\/ensemble-paroissial-reynies.fr\/wp-content\/uploads\/Cr\u00e8ches\/Cr\u00e8ches_2024\/P1000692-1536x1153.jpg 1536w, https:\/\/ensemble-paroissial-reynies.fr\/wp-content\/uploads\/Cr\u00e8ches\/Cr\u00e8ches_2024\/P1000692-2048x1538.jpg 2048w\" sizes=\"auto, (max-width: 1024px) 100vw, 1024px\" \/><\/a><\/figure>\n\n\n\n<figure class=\"wp-block-image size-large\"><a href=\"https:\/\/ensemble-paroissial-reynies.fr\/wp-content\/uploads\/Cr\u00e8ches\/Cr\u00e8ches_2024\/P1000691-scaled.jpg\"><img loading=\"lazy\" decoding=\"async\" width=\"1024\" height=\"769\" data-id=\"3059\" src=\"https:\/\/ensemble-paroissial-reynies.fr\/wp-content\/uploads\/Cr\u00e8ches\/Cr\u00e8ches_2024\/P1000691-1024x769.jpg\" alt=\"\" class=\"wp-image-3059\" srcset=\"https:\/\/ensemble-paroissial-reynies.fr\/wp-content\/uploads\/Cr\u00e8ches\/Cr\u00e8ches_2024\/P1000691-1024x769.jpg 1024w, https:\/\/ensemble-paroissial-reynies.fr\/wp-content\/uploads\/Cr\u00e8ches\/Cr\u00e8ches_2024\/P1000691-300x225.jpg 300w, https:\/\/ensemble-paroissial-reynies.fr\/wp-content\/uploads\/Cr\u00e8ches\/Cr\u00e8ches_2024\/P1000691-768x577.jpg 768w, https:\/\/ensemble-paroissial-reynies.fr\/wp-content\/uploads\/Cr\u00e8ches\/Cr\u00e8ches_2024\/P1000691-1536x1153.jpg 1536w, https:\/\/ensemble-paroissial-reynies.fr\/wp-content\/uploads\/Cr\u00e8ches\/Cr\u00e8ches_2024\/P1000691-2048x1538.jpg 2048w\" sizes=\"auto, (max-width: 1024px) 100vw, 1024px\" \/><\/a><\/figure>\n\n\n\n<figure class=\"wp-block-image size-large\"><a href=\"https:\/\/ensemble-paroissial-reynies.fr\/wp-content\/uploads\/Cr\u00e8ches\/Cr\u00e8ches_2024\/P1000693-scaled.jpg\"><img loading=\"lazy\" decoding=\"async\" width=\"1024\" height=\"769\" data-id=\"3061\" src=\"https:\/\/ensemble-paroissial-reynies.fr\/wp-content\/uploads\/Cr\u00e8ches\/Cr\u00e8ches_2024\/P1000693-1024x769.jpg\" alt=\"\" class=\"wp-image-3061\" srcset=\"https:\/\/ensemble-paroissial-reynies.fr\/wp-content\/uploads\/Cr\u00e8ches\/Cr\u00e8ches_2024\/P1000693-1024x769.jpg 1024w, https:\/\/ensemble-paroissial-reynies.fr\/wp-content\/uploads\/Cr\u00e8ches\/Cr\u00e8ches_2024\/P1000693-300x225.jpg 300w, https:\/\/ensemble-paroissial-reynies.fr\/wp-content\/uploads\/Cr\u00e8ches\/Cr\u00e8ches_2024\/P1000693-768x577.jpg 768w, https:\/\/ensemble-paroissial-reynies.fr\/wp-content\/uploads\/Cr\u00e8ches\/Cr\u00e8ches_2024\/P1000693-1536x1153.jpg 1536w, https:\/\/ensemble-paroissial-reynies.fr\/wp-content\/uploads\/Cr\u00e8ches\/Cr\u00e8ches_2024\/P1000693-2048x1538.jpg 2048w\" sizes=\"auto, (max-width: 1024px) 100vw, 1024px\" \/><\/a><\/figure>\n<\/figure>\n\n\n\n<div style=\"height:26px\" aria-hidden=\"true\" class=\"wp-block-spacer\"><\/div>\n\n\n\n<p><em>Prions<\/em><\/p>\n\n\n\n<p>\u00ab Mon Dieu, depuis le temps que je cherchais ton Visage et que je me demandais \u00e0 qui Tu pouvais ressembler !<br>Je suis heureux de d\u00e9couvrir cet enfant nouveau-n\u00e9 couch\u00e9 dans la paille d&rsquo;une cr\u00e8che. Le voil\u00e0 donc ton Visage !<br>C&rsquo;est donc Toi, ce nouveau-n\u00e9 ? Tu ressembles \u00e0 tous les nouveau-n\u00e9s, je ne vois pas la diff\u00e9rence. Pourtant, avant j&rsquo;avais peur de Toi, je me sentais toujours pris en faute ; et maintenant c&rsquo;est Toi, ce petit enfant, qu&rsquo;il ne faut pas effrayer&#8230; Avant, j&rsquo;attendais que Tu te penches sur moi pour venir me tirer de tous mes mauvais pas ; et maintenant c&rsquo;est moi qui suis pench\u00e9 sur Toi comme on se penche sur un petit enfant&#8230;<br>Mon Dieu en Te regardant l\u00e0, sur la paille, dans cette nuit d&rsquo;hiver, j&rsquo;ai perdu la peur, et j&rsquo;ai trouv\u00e9 l&rsquo;Amour ! Amen. \u00bb<\/p>\n\n\n\n<p><em>Et prions saint Abdon et saint Sennen patrons de l\u2019\u00e9glise de Corbarieu<\/em><\/p>\n\n\n\n<div class=\"wp-block-group is-nowrap is-layout-flex wp-container-core-group-is-layout-ad2f72ca wp-block-group-is-layout-flex\">\n<figure class=\"wp-block-image size-large is-resized\"><a href=\"https:\/\/ensemble-paroissial-reynies.fr\/wp-content\/uploads\/eglise_corbarieu\/P1000498m-scaled.jpg\"><img loading=\"lazy\" decoding=\"async\" width=\"299\" height=\"1024\" src=\"https:\/\/ensemble-paroissial-reynies.fr\/wp-content\/uploads\/eglise_corbarieu\/P1000498m-299x1024.jpg\" alt=\"\" class=\"wp-image-2787\" style=\"width:219px;height:auto\" srcset=\"https:\/\/ensemble-paroissial-reynies.fr\/wp-content\/uploads\/eglise_corbarieu\/P1000498m-299x1024.jpg 299w, https:\/\/ensemble-paroissial-reynies.fr\/wp-content\/uploads\/eglise_corbarieu\/P1000498m-88x300.jpg 88w, https:\/\/ensemble-paroissial-reynies.fr\/wp-content\/uploads\/eglise_corbarieu\/P1000498m-768x2631.jpg 768w, https:\/\/ensemble-paroissial-reynies.fr\/wp-content\/uploads\/eglise_corbarieu\/P1000498m-448x1536.jpg 448w, https:\/\/ensemble-paroissial-reynies.fr\/wp-content\/uploads\/eglise_corbarieu\/P1000498m-598x2048.jpg 598w, https:\/\/ensemble-paroissial-reynies.fr\/wp-content\/uploads\/eglise_corbarieu\/P1000498m-scaled.jpg 747w\" sizes=\"auto, (max-width: 299px) 100vw, 299px\" \/><\/a><figcaption class=\"wp-element-caption\">Saint Abdon<\/figcaption><\/figure>\n\n\n\n<p>Saints Fr\u00e8res Abdon et Sennen qui entre vous gardez un amour sans failles, un amour parfait et pur ; Saints qui toujours avez tout de Dieu re\u00e7u et qui jamais n&rsquo;avez agi sans la b\u00e9n\u00e9diction du Seigneur, donnez-moi, je Vous supplie, Votre Aide pour savoir ce qui est bon et juste ; accordez-moi d&rsquo;agir sans p\u00e9cher contre le Ciel et contre les hommes, afin que de la Loi divine je suive les enseignements sans m&rsquo;\u00e9garer.<br>Abdon et Sennen, gu\u00e9rissez mes infirmit\u00e9s et transformez ma faiblesse en force et sagesse ; suppl\u00e9ez \u00e0 mes manquements pour que tout ce que je ferai soit agr\u00e9able au P\u00e8re des Cieux, de qui j&rsquo;attends toutes choses, dans ce Monde et dans le si\u00e8cle \u00e0 venir. AMEN<\/p>\n\n\n\n<figure class=\"wp-block-image size-large is-resized\"><a href=\"https:\/\/ensemble-paroissial-reynies.fr\/wp-content\/uploads\/eglise_corbarieu\/P1000501m-scaled.jpg\"><img loading=\"lazy\" decoding=\"async\" width=\"335\" height=\"1024\" src=\"https:\/\/ensemble-paroissial-reynies.fr\/wp-content\/uploads\/eglise_corbarieu\/P1000501m-335x1024.jpg\" alt=\"\" class=\"wp-image-2790\" style=\"width:244px;height:auto\" srcset=\"https:\/\/ensemble-paroissial-reynies.fr\/wp-content\/uploads\/eglise_corbarieu\/P1000501m-335x1024.jpg 335w, https:\/\/ensemble-paroissial-reynies.fr\/wp-content\/uploads\/eglise_corbarieu\/P1000501m-98x300.jpg 98w, https:\/\/ensemble-paroissial-reynies.fr\/wp-content\/uploads\/eglise_corbarieu\/P1000501m-768x2345.jpg 768w, https:\/\/ensemble-paroissial-reynies.fr\/wp-content\/uploads\/eglise_corbarieu\/P1000501m-503x1536.jpg 503w\" sizes=\"auto, (max-width: 335px) 100vw, 335px\" \/><\/a><figcaption class=\"wp-element-caption\">Saint Sennen<\/figcaption><\/figure>\n<\/div>\n\n\n\n<p><em>Cette petite \u00e9glise calme est bien jolie, visitons l\u00e0<\/em> : <a href=\"https:\/\/ensemble-paroissial-reynies.fr\/?page_id=1330\" target=\"_blank\" rel=\"noreferrer noopener\">https:\/\/ensemble-paroissial-reynies.fr\/?page_id=1330<\/a><\/p>\n<\/details>\n\n\n\n<hr class=\"wp-block-separator has-alpha-channel-opacity\"\/>\n\n\n\n<div class=\"wp-block-group is-nowrap is-layout-flex wp-container-core-group-is-layout-ad2f72ca wp-block-group-is-layout-flex\">\n<figure class=\"wp-block-image size-large is-resized\"><img loading=\"lazy\" decoding=\"async\" width=\"576\" height=\"1024\" src=\"https:\/\/ensemble-paroissial-reynies.fr\/wp-content\/uploads\/eglise_brial\/DSC04929-brial-576x1024.jpg\" alt=\"\" class=\"wp-image-1177\" style=\"width:406px;height:auto\" srcset=\"https:\/\/ensemble-paroissial-reynies.fr\/wp-content\/uploads\/eglise_brial\/DSC04929-brial-576x1024.jpg 576w, https:\/\/ensemble-paroissial-reynies.fr\/wp-content\/uploads\/eglise_brial\/DSC04929-brial-169x300.jpg 169w, https:\/\/ensemble-paroissial-reynies.fr\/wp-content\/uploads\/eglise_brial\/DSC04929-brial-768x1365.jpg 768w, https:\/\/ensemble-paroissial-reynies.fr\/wp-content\/uploads\/eglise_brial\/DSC04929-brial-864x1536.jpg 864w, https:\/\/ensemble-paroissial-reynies.fr\/wp-content\/uploads\/eglise_brial\/DSC04929-brial-rotated.jpg 1080w\" sizes=\"auto, (max-width: 576px) 100vw, 576px\" \/><\/figure>\n\n\n\n<p><strong><em>Pour rejoindre notre prochaine \u00e9tape il faut franchir le Tarn. Reprenons la route d\u00e9partementale D21 en nous dirigeant vers Montauban. Nous passons au-dessus de la rocade de Montauban et au rond-point nous prenons la rocade de Montauban (A20) en direction de Toulouse. On franchit le Tarn et on continue sur l\u2019A20 pour prendre la sortie 67 et nous rendre \u00e0 l\u2019\u00e9glise de Brial.<\/em><\/strong><\/p>\n<\/div>\n\n\n\n<div style=\"height:9px\" aria-hidden=\"true\" class=\"wp-block-spacer\"><\/div>\n\n\n\n<details class=\"wp-block-details is-layout-flow wp-block-details-is-layout-flow\"><summary>Brial &#8211; \u00c9glise Saint-Jean Baptiste<\/summary>\n<div style=\"height:6px\" aria-hidden=\"true\" class=\"wp-block-spacer\"><\/div>\n\n\n\n<div class=\"wp-block-group is-nowrap is-layout-flex wp-container-core-group-is-layout-ad2f72ca wp-block-group-is-layout-flex\">\n<figure class=\"wp-block-image size-large is-resized\"><a href=\"https:\/\/ensemble-paroissial-reynies.fr\/wp-content\/uploads\/Cr\u00e8ches\/Cr\u00e8ches_2024\/P1000759-scaled.jpg\"><img loading=\"lazy\" decoding=\"async\" width=\"1024\" height=\"769\" src=\"https:\/\/ensemble-paroissial-reynies.fr\/wp-content\/uploads\/Cr\u00e8ches\/Cr\u00e8ches_2024\/P1000759-1024x769.jpg\" alt=\"\" class=\"wp-image-3272\" style=\"width:302px;height:auto\" srcset=\"https:\/\/ensemble-paroissial-reynies.fr\/wp-content\/uploads\/Cr\u00e8ches\/Cr\u00e8ches_2024\/P1000759-1024x769.jpg 1024w, https:\/\/ensemble-paroissial-reynies.fr\/wp-content\/uploads\/Cr\u00e8ches\/Cr\u00e8ches_2024\/P1000759-300x225.jpg 300w, https:\/\/ensemble-paroissial-reynies.fr\/wp-content\/uploads\/Cr\u00e8ches\/Cr\u00e8ches_2024\/P1000759-768x577.jpg 768w, https:\/\/ensemble-paroissial-reynies.fr\/wp-content\/uploads\/Cr\u00e8ches\/Cr\u00e8ches_2024\/P1000759-1536x1153.jpg 1536w, https:\/\/ensemble-paroissial-reynies.fr\/wp-content\/uploads\/Cr\u00e8ches\/Cr\u00e8ches_2024\/P1000759-2048x1538.jpg 2048w\" sizes=\"auto, (max-width: 1024px) 100vw, 1024px\" \/><\/a><\/figure>\n\n\n\n<p><em>Chantons<\/em> : Venez Divin Messie (<a href=\"https:\/\/www.youtube.com\/watch?v=obUzfJe_W9c&amp;t=0s\" target=\"_blank\" rel=\"noreferrer noopener\">https:\/\/www.youtube.com\/watch?v=obUzfJe_W9c&amp;t=0s<\/a> )<\/p>\n<\/div>\n\n\n\n<div style=\"height:10px\" aria-hidden=\"true\" class=\"wp-block-spacer\"><\/div>\n\n\n\n<div style=\"height:9px\" aria-hidden=\"true\" class=\"wp-block-spacer\"><\/div>\n\n\n\n<figure class=\"wp-block-gallery has-nested-images columns-5 is-cropped wp-block-gallery-4 is-layout-flex wp-block-gallery-is-layout-flex\">\n<figure class=\"wp-block-image size-large\"><a href=\"https:\/\/ensemble-paroissial-reynies.fr\/wp-content\/uploads\/Cr\u00e8ches\/Cr\u00e8ches_2024\/P1000761-scaled.jpg\"><img loading=\"lazy\" decoding=\"async\" width=\"1024\" height=\"769\" data-id=\"3275\" src=\"https:\/\/ensemble-paroissial-reynies.fr\/wp-content\/uploads\/Cr\u00e8ches\/Cr\u00e8ches_2024\/P1000761-1024x769.jpg\" alt=\"\" class=\"wp-image-3275\" srcset=\"https:\/\/ensemble-paroissial-reynies.fr\/wp-content\/uploads\/Cr\u00e8ches\/Cr\u00e8ches_2024\/P1000761-1024x769.jpg 1024w, https:\/\/ensemble-paroissial-reynies.fr\/wp-content\/uploads\/Cr\u00e8ches\/Cr\u00e8ches_2024\/P1000761-300x225.jpg 300w, https:\/\/ensemble-paroissial-reynies.fr\/wp-content\/uploads\/Cr\u00e8ches\/Cr\u00e8ches_2024\/P1000761-768x577.jpg 768w, https:\/\/ensemble-paroissial-reynies.fr\/wp-content\/uploads\/Cr\u00e8ches\/Cr\u00e8ches_2024\/P1000761-1536x1153.jpg 1536w, https:\/\/ensemble-paroissial-reynies.fr\/wp-content\/uploads\/Cr\u00e8ches\/Cr\u00e8ches_2024\/P1000761-2048x1538.jpg 2048w\" sizes=\"auto, (max-width: 1024px) 100vw, 1024px\" \/><\/a><\/figure>\n\n\n\n<figure class=\"wp-block-image size-large\"><a href=\"https:\/\/ensemble-paroissial-reynies.fr\/wp-content\/uploads\/Cr\u00e8ches\/Cr\u00e8ches_2024\/P1000758-scaled.jpg\"><img loading=\"lazy\" decoding=\"async\" width=\"1024\" height=\"769\" data-id=\"3274\" src=\"https:\/\/ensemble-paroissial-reynies.fr\/wp-content\/uploads\/Cr\u00e8ches\/Cr\u00e8ches_2024\/P1000758-1024x769.jpg\" alt=\"\" class=\"wp-image-3274\" srcset=\"https:\/\/ensemble-paroissial-reynies.fr\/wp-content\/uploads\/Cr\u00e8ches\/Cr\u00e8ches_2024\/P1000758-1024x769.jpg 1024w, https:\/\/ensemble-paroissial-reynies.fr\/wp-content\/uploads\/Cr\u00e8ches\/Cr\u00e8ches_2024\/P1000758-300x225.jpg 300w, https:\/\/ensemble-paroissial-reynies.fr\/wp-content\/uploads\/Cr\u00e8ches\/Cr\u00e8ches_2024\/P1000758-768x577.jpg 768w, https:\/\/ensemble-paroissial-reynies.fr\/wp-content\/uploads\/Cr\u00e8ches\/Cr\u00e8ches_2024\/P1000758-1536x1153.jpg 1536w, https:\/\/ensemble-paroissial-reynies.fr\/wp-content\/uploads\/Cr\u00e8ches\/Cr\u00e8ches_2024\/P1000758-2048x1538.jpg 2048w\" sizes=\"auto, (max-width: 1024px) 100vw, 1024px\" \/><\/a><\/figure>\n\n\n\n<figure class=\"wp-block-image size-large\"><a href=\"https:\/\/ensemble-paroissial-reynies.fr\/wp-content\/uploads\/Cr\u00e8ches\/Cr\u00e8ches_2024\/P1000762m-scaled.jpg\"><img loading=\"lazy\" decoding=\"async\" width=\"1024\" height=\"918\" data-id=\"3277\" src=\"https:\/\/ensemble-paroissial-reynies.fr\/wp-content\/uploads\/Cr\u00e8ches\/Cr\u00e8ches_2024\/P1000762m-1024x918.jpg\" alt=\"\" class=\"wp-image-3277\" srcset=\"https:\/\/ensemble-paroissial-reynies.fr\/wp-content\/uploads\/Cr\u00e8ches\/Cr\u00e8ches_2024\/P1000762m-1024x918.jpg 1024w, https:\/\/ensemble-paroissial-reynies.fr\/wp-content\/uploads\/Cr\u00e8ches\/Cr\u00e8ches_2024\/P1000762m-300x269.jpg 300w, https:\/\/ensemble-paroissial-reynies.fr\/wp-content\/uploads\/Cr\u00e8ches\/Cr\u00e8ches_2024\/P1000762m-768x688.jpg 768w, https:\/\/ensemble-paroissial-reynies.fr\/wp-content\/uploads\/Cr\u00e8ches\/Cr\u00e8ches_2024\/P1000762m-1536x1376.jpg 1536w, https:\/\/ensemble-paroissial-reynies.fr\/wp-content\/uploads\/Cr\u00e8ches\/Cr\u00e8ches_2024\/P1000762m-2048x1835.jpg 2048w\" sizes=\"auto, (max-width: 1024px) 100vw, 1024px\" \/><\/a><\/figure>\n\n\n\n<figure class=\"wp-block-image size-large\"><a href=\"https:\/\/ensemble-paroissial-reynies.fr\/wp-content\/uploads\/Cr\u00e8ches\/Cr\u00e8ches_2024\/P1000756-scaled.jpg\"><img loading=\"lazy\" decoding=\"async\" width=\"1024\" height=\"769\" data-id=\"3276\" src=\"https:\/\/ensemble-paroissial-reynies.fr\/wp-content\/uploads\/Cr\u00e8ches\/Cr\u00e8ches_2024\/P1000756-1024x769.jpg\" alt=\"\" class=\"wp-image-3276\" srcset=\"https:\/\/ensemble-paroissial-reynies.fr\/wp-content\/uploads\/Cr\u00e8ches\/Cr\u00e8ches_2024\/P1000756-1024x769.jpg 1024w, https:\/\/ensemble-paroissial-reynies.fr\/wp-content\/uploads\/Cr\u00e8ches\/Cr\u00e8ches_2024\/P1000756-300x225.jpg 300w, https:\/\/ensemble-paroissial-reynies.fr\/wp-content\/uploads\/Cr\u00e8ches\/Cr\u00e8ches_2024\/P1000756-768x577.jpg 768w, https:\/\/ensemble-paroissial-reynies.fr\/wp-content\/uploads\/Cr\u00e8ches\/Cr\u00e8ches_2024\/P1000756-1536x1153.jpg 1536w, https:\/\/ensemble-paroissial-reynies.fr\/wp-content\/uploads\/Cr\u00e8ches\/Cr\u00e8ches_2024\/P1000756-2048x1538.jpg 2048w\" sizes=\"auto, (max-width: 1024px) 100vw, 1024px\" \/><\/a><\/figure>\n\n\n\n<figure class=\"wp-block-image size-large\"><a href=\"https:\/\/ensemble-paroissial-reynies.fr\/wp-content\/uploads\/Cr\u00e8ches\/Cr\u00e8ches_2024\/P1000757-scaled.jpg\"><img loading=\"lazy\" decoding=\"async\" width=\"1024\" height=\"769\" data-id=\"3278\" src=\"https:\/\/ensemble-paroissial-reynies.fr\/wp-content\/uploads\/Cr\u00e8ches\/Cr\u00e8ches_2024\/P1000757-1024x769.jpg\" alt=\"\" class=\"wp-image-3278\" srcset=\"https:\/\/ensemble-paroissial-reynies.fr\/wp-content\/uploads\/Cr\u00e8ches\/Cr\u00e8ches_2024\/P1000757-1024x769.jpg 1024w, https:\/\/ensemble-paroissial-reynies.fr\/wp-content\/uploads\/Cr\u00e8ches\/Cr\u00e8ches_2024\/P1000757-300x225.jpg 300w, https:\/\/ensemble-paroissial-reynies.fr\/wp-content\/uploads\/Cr\u00e8ches\/Cr\u00e8ches_2024\/P1000757-768x577.jpg 768w, https:\/\/ensemble-paroissial-reynies.fr\/wp-content\/uploads\/Cr\u00e8ches\/Cr\u00e8ches_2024\/P1000757-1536x1153.jpg 1536w, https:\/\/ensemble-paroissial-reynies.fr\/wp-content\/uploads\/Cr\u00e8ches\/Cr\u00e8ches_2024\/P1000757-2048x1538.jpg 2048w\" sizes=\"auto, (max-width: 1024px) 100vw, 1024px\" \/><\/a><\/figure>\n<\/figure>\n\n\n\n<div style=\"height:23px\" aria-hidden=\"true\" class=\"wp-block-spacer\"><\/div>\n\n\n\n<p><em>Prions<\/em><\/p>\n\n\n\n<p>Notre Dieu, Trinit\u00e9 d\u2019amour, par la force communautaire de ton intimit\u00e9 divine fais couler en nous le fleuve de l\u2019amour fraternel.<br>Donne-nous cet amour qui se refl\u00e9tait dans les gestes de J\u00e9sus, dans sa famille de Nazareth et dans la premi\u00e8re communaut\u00e9 chr\u00e9tienne.<br>Accorde aux chr\u00e9tiens que nous sommes de vivre l\u2019\u00c9vangile et de pouvoir d\u00e9couvrir le Christ en tout \u00eatre humain, pour le voir crucifi\u00e9 dans les angoisses des abandonn\u00e9s et des oubli\u00e9s de ce monde et ressuscit\u00e9 en tout fr\u00e8re qui se rel\u00e8ve.<br>Viens, Esprit Saint, montre-nous ta beaut\u00e9 refl\u00e9t\u00e9e en tous les peuples de la terre, pour d\u00e9couvrir qu\u2019ils sont tous importants, que tous sont n\u00e9cessaires, qu\u2019ils sont des visages diff\u00e9rents de la m\u00eame humanit\u00e9 que tu aimes. Amen !<\/p>\n\n\n\n<p><em>Prions saint Jean-Baptiste patron de l\u2019\u00e9glise de Brial<\/em><\/p>\n\n\n\n<div class=\"wp-block-group is-nowrap is-layout-flex wp-container-core-group-is-layout-ad2f72ca wp-block-group-is-layout-flex\">\n<figure class=\"wp-block-image size-large is-resized\"><a href=\"https:\/\/ensemble-paroissial-reynies.fr\/wp-content\/uploads\/eglise_brial\/P1000788m-scaled.jpg\"><img loading=\"lazy\" decoding=\"async\" width=\"349\" height=\"1024\" src=\"https:\/\/ensemble-paroissial-reynies.fr\/wp-content\/uploads\/eglise_brial\/P1000788m-349x1024.jpg\" alt=\"\" class=\"wp-image-3267\" style=\"width:130px;height:auto\" srcset=\"https:\/\/ensemble-paroissial-reynies.fr\/wp-content\/uploads\/eglise_brial\/P1000788m-349x1024.jpg 349w, https:\/\/ensemble-paroissial-reynies.fr\/wp-content\/uploads\/eglise_brial\/P1000788m-102x300.jpg 102w, https:\/\/ensemble-paroissial-reynies.fr\/wp-content\/uploads\/eglise_brial\/P1000788m-768x2256.jpg 768w, https:\/\/ensemble-paroissial-reynies.fr\/wp-content\/uploads\/eglise_brial\/P1000788m-523x1536.jpg 523w, https:\/\/ensemble-paroissial-reynies.fr\/wp-content\/uploads\/eglise_brial\/P1000788m-697x2048.jpg 697w, https:\/\/ensemble-paroissial-reynies.fr\/wp-content\/uploads\/eglise_brial\/P1000788m-scaled.jpg 872w\" sizes=\"auto, (max-width: 349px) 100vw, 349px\" \/><\/a><\/figure>\n\n\n\n<p>\u00d4 bienheureux Jean,<br>toi qui as baptis\u00e9 le Fils de Dieu, tu \u00e9tais rempli de l\u2019Esprit Saint avant m\u00eame d\u2019\u00eatre enfant\u00e9 et tu reconnaissais Dieu avant que le monde ne l\u2019ait connu.<br>Tu as reconnu la M\u00e8re de ton Dieu avant que ta m\u00e8re l\u2019ait salu\u00e9e.<br>Ami de Dieu, interc\u00e8de pour nous. Amen.<\/p>\n<\/div>\n\n\n\n<p><em>Nous pouvons regarder plus en d\u00e9tails l\u2019int\u00e9rieur de l\u2019\u00e9glise : <a href=\"https:\/\/ensemble-paroissial-reynies.fr\/?page_id=1202\" target=\"_blank\" rel=\"noreferrer noopener\">https:\/\/ensemble-paroissial-reynies.fr\/?page_id=1202<\/a><\/em> <em> , et, dans la chapelle de la Vierge, pourquoi ne pas adresser une pri\u00e8re \u00e0 l\u2019Enfant J\u00e9sus de Prague\u00a0:<\/em><\/p>\n\n\n\n<div class=\"wp-block-group is-nowrap is-layout-flex wp-container-core-group-is-layout-ad2f72ca wp-block-group-is-layout-flex\">\n<figure class=\"wp-block-image size-large is-resized\"><a href=\"https:\/\/ensemble-paroissial-reynies.fr\/wp-content\/uploads\/eglise_brial\/P1000781m-scaled.jpg\"><img loading=\"lazy\" decoding=\"async\" width=\"411\" height=\"1024\" src=\"https:\/\/ensemble-paroissial-reynies.fr\/wp-content\/uploads\/eglise_brial\/P1000781m-411x1024.jpg\" alt=\"\" class=\"wp-image-3260\" style=\"width:289px;height:auto\" srcset=\"https:\/\/ensemble-paroissial-reynies.fr\/wp-content\/uploads\/eglise_brial\/P1000781m-411x1024.jpg 411w, https:\/\/ensemble-paroissial-reynies.fr\/wp-content\/uploads\/eglise_brial\/P1000781m-120x300.jpg 120w, https:\/\/ensemble-paroissial-reynies.fr\/wp-content\/uploads\/eglise_brial\/P1000781m-768x1912.jpg 768w, https:\/\/ensemble-paroissial-reynies.fr\/wp-content\/uploads\/eglise_brial\/P1000781m-617x1536.jpg 617w, https:\/\/ensemble-paroissial-reynies.fr\/wp-content\/uploads\/eglise_brial\/P1000781m-823x2048.jpg 823w, https:\/\/ensemble-paroissial-reynies.fr\/wp-content\/uploads\/eglise_brial\/P1000781m-scaled.jpg 1028w\" sizes=\"auto, (max-width: 411px) 100vw, 411px\" \/><\/a><\/figure>\n\n\n\n<p>O Saint Enfant J\u00e9sus qui r\u00e9pand tes gr\u00e2ces sur ceux qui t\u2019invoquent, regarde nous prostern\u00e9s devant ta sainte image et \u00e9coute notre pri\u00e8re.<br>Nous te recommandons tous les n\u00e9cessiteux qui se confient \u00e0 ton divin C\u0153ur.<br>\u00c9tends sur eux ta main toute puissante et viens au secours de leur indigence.<br>\u00c9tends la main sur les malades pour les gu\u00e9rir et sanctifier leurs peines ; sur les afflig\u00e9s pour les consoler ; sur les p\u00e9cheurs pour les attirer \u00e0 la lumi\u00e8re de ta gr\u00e2ce ; sur ceux qui, accabl\u00e9s par la douleur et la mis\u00e8re, invoquent avec confiance ton aide pleine d\u2019amour.<br>\u00c9tends la main encore sur nous pour nous b\u00e9nir.<br>Accorde, \u00f4 Petit Roi, les tr\u00e9sors de ta mis\u00e9ricorde au monde entier et garde-nous maintenant et toujours dans la gr\u00e2ce de ton amour !<br>Amen.<\/p>\n<\/div>\n<\/details>\n\n\n\n<hr class=\"wp-block-separator has-alpha-channel-opacity\"\/>\n\n\n\n<div class=\"wp-block-group is-nowrap is-layout-flex wp-container-core-group-is-layout-ad2f72ca wp-block-group-is-layout-flex\">\n<figure class=\"wp-block-image size-full is-resized\"><a href=\"https:\/\/ensemble-paroissial-reynies.fr\/wp-content\/uploads\/eglise_bressols\/egbressols-2.jpg\"><img loading=\"lazy\" decoding=\"async\" width=\"800\" height=\"600\" src=\"https:\/\/ensemble-paroissial-reynies.fr\/wp-content\/uploads\/eglise_bressols\/egbressols-2.jpg\" alt=\"\" class=\"wp-image-839\" style=\"width:382px;height:auto\" srcset=\"https:\/\/ensemble-paroissial-reynies.fr\/wp-content\/uploads\/eglise_bressols\/egbressols-2.jpg 800w, https:\/\/ensemble-paroissial-reynies.fr\/wp-content\/uploads\/eglise_bressols\/egbressols-2-300x225.jpg 300w, https:\/\/ensemble-paroissial-reynies.fr\/wp-content\/uploads\/eglise_bressols\/egbressols-2-768x576.jpg 768w\" sizes=\"auto, (max-width: 800px) 100vw, 800px\" \/><\/a><\/figure>\n\n\n\n<p><strong><em>Notre prochaine \u00e9tape nous conduit \u00e0 l\u2019\u00e9glise Notre-Dame de la Nativit\u00e9 dans le bourg de Bressols. Pour cela nous repartons vers l\u2019A20 que nous survolons par le pont et nous prenons la Route de Trixe pour aller jusqu\u2019au bourg de Bressols. Nous pouvons nous garer en face de l&rsquo;\u00e9glise sous la garde de la statue de Marie.<\/em><\/strong><\/p>\n<\/div>\n\n\n\n<div style=\"height:9px\" aria-hidden=\"true\" class=\"wp-block-spacer\"><\/div>\n\n\n\n<details class=\"wp-block-details is-layout-flow wp-block-details-is-layout-flow\"><summary>Bressols &#8211; \u00c9glise Notre-Dame de la Nativit\u00e9<\/summary>\n<div style=\"height:7px\" aria-hidden=\"true\" class=\"wp-block-spacer\"><\/div>\n\n\n\n<div class=\"wp-block-group is-nowrap is-layout-flex wp-container-core-group-is-layout-ad2f72ca wp-block-group-is-layout-flex\">\n<figure class=\"wp-block-image size-large is-resized\"><a href=\"https:\/\/ensemble-paroissial-reynies.fr\/wp-content\/uploads\/eglise_bressols\/P1000651-scaled.jpg\"><img loading=\"lazy\" decoding=\"async\" width=\"1024\" height=\"769\" src=\"https:\/\/ensemble-paroissial-reynies.fr\/wp-content\/uploads\/eglise_bressols\/P1000651-1024x769.jpg\" alt=\"\" class=\"wp-image-3066\" style=\"width:388px;height:auto\" srcset=\"https:\/\/ensemble-paroissial-reynies.fr\/wp-content\/uploads\/eglise_bressols\/P1000651-1024x769.jpg 1024w, https:\/\/ensemble-paroissial-reynies.fr\/wp-content\/uploads\/eglise_bressols\/P1000651-300x225.jpg 300w, https:\/\/ensemble-paroissial-reynies.fr\/wp-content\/uploads\/eglise_bressols\/P1000651-768x577.jpg 768w, https:\/\/ensemble-paroissial-reynies.fr\/wp-content\/uploads\/eglise_bressols\/P1000651-1536x1153.jpg 1536w, https:\/\/ensemble-paroissial-reynies.fr\/wp-content\/uploads\/eglise_bressols\/P1000651-2048x1538.jpg 2048w\" sizes=\"auto, (max-width: 1024px) 100vw, 1024px\" \/><\/a><\/figure>\n\n\n\n<div class=\"wp-block-group is-vertical is-layout-flex wp-container-core-group-is-layout-8cf370e7 wp-block-group-is-layout-flex\">\n<p>Avancons nous dans l&rsquo;\u00e9glise, la cr\u00e8che est dans la premi\u00e8re chapelle \u00e0 droite.<\/p>\n\n\n\n<p><em>Chantons<\/em>\u00a0:\u00a0 Chez nous soyez reine (<a href=\"https:\/\/www.youtube.com\/watch?v=5qn519LJG6w\">https:\/\/ww<\/a><a href=\"https:\/\/www.youtube.com\/watch?v=5qn519LJG6w\" target=\"_blank\" rel=\"noreferrer noopener\">w.youtube.com\/watch?v=5qn519LJG6w<\/a>)<\/p>\n<\/div>\n<\/div>\n\n\n\n<div style=\"height:15px\" aria-hidden=\"true\" class=\"wp-block-spacer\"><\/div>\n\n\n\n<figure class=\"wp-block-gallery has-nested-images columns-3 is-cropped wp-block-gallery-5 is-layout-flex wp-block-gallery-is-layout-flex\">\n<figure class=\"wp-block-image size-large\"><a href=\"https:\/\/ensemble-paroissial-reynies.fr\/wp-content\/uploads\/Cr\u00e8ches\/Cr\u00e8ches_2024\/P1000647-scaled.jpg\"><img loading=\"lazy\" decoding=\"async\" width=\"1024\" height=\"769\" data-id=\"3326\" src=\"https:\/\/ensemble-paroissial-reynies.fr\/wp-content\/uploads\/Cr\u00e8ches\/Cr\u00e8ches_2024\/P1000647-1024x769.jpg\" alt=\"\" class=\"wp-image-3326\" srcset=\"https:\/\/ensemble-paroissial-reynies.fr\/wp-content\/uploads\/Cr\u00e8ches\/Cr\u00e8ches_2024\/P1000647-1024x769.jpg 1024w, https:\/\/ensemble-paroissial-reynies.fr\/wp-content\/uploads\/Cr\u00e8ches\/Cr\u00e8ches_2024\/P1000647-300x225.jpg 300w, https:\/\/ensemble-paroissial-reynies.fr\/wp-content\/uploads\/Cr\u00e8ches\/Cr\u00e8ches_2024\/P1000647-768x577.jpg 768w, https:\/\/ensemble-paroissial-reynies.fr\/wp-content\/uploads\/Cr\u00e8ches\/Cr\u00e8ches_2024\/P1000647-1536x1153.jpg 1536w, https:\/\/ensemble-paroissial-reynies.fr\/wp-content\/uploads\/Cr\u00e8ches\/Cr\u00e8ches_2024\/P1000647-2048x1538.jpg 2048w\" sizes=\"auto, (max-width: 1024px) 100vw, 1024px\" \/><\/a><\/figure>\n\n\n\n<figure class=\"wp-block-image size-large\"><a href=\"https:\/\/ensemble-paroissial-reynies.fr\/wp-content\/uploads\/Cr\u00e8ches\/Cr\u00e8ches_2024\/P1000650-scaled.jpg\"><img loading=\"lazy\" decoding=\"async\" width=\"1024\" height=\"769\" data-id=\"3327\" src=\"https:\/\/ensemble-paroissial-reynies.fr\/wp-content\/uploads\/Cr\u00e8ches\/Cr\u00e8ches_2024\/P1000650-1024x769.jpg\" alt=\"\" class=\"wp-image-3327\" srcset=\"https:\/\/ensemble-paroissial-reynies.fr\/wp-content\/uploads\/Cr\u00e8ches\/Cr\u00e8ches_2024\/P1000650-1024x769.jpg 1024w, https:\/\/ensemble-paroissial-reynies.fr\/wp-content\/uploads\/Cr\u00e8ches\/Cr\u00e8ches_2024\/P1000650-300x225.jpg 300w, https:\/\/ensemble-paroissial-reynies.fr\/wp-content\/uploads\/Cr\u00e8ches\/Cr\u00e8ches_2024\/P1000650-768x577.jpg 768w, https:\/\/ensemble-paroissial-reynies.fr\/wp-content\/uploads\/Cr\u00e8ches\/Cr\u00e8ches_2024\/P1000650-1536x1153.jpg 1536w, https:\/\/ensemble-paroissial-reynies.fr\/wp-content\/uploads\/Cr\u00e8ches\/Cr\u00e8ches_2024\/P1000650-2048x1538.jpg 2048w\" sizes=\"auto, (max-width: 1024px) 100vw, 1024px\" \/><\/a><\/figure>\n\n\n\n<figure class=\"wp-block-image size-large\"><img loading=\"lazy\" decoding=\"async\" width=\"1024\" height=\"769\" data-id=\"3329\" src=\"https:\/\/ensemble-paroissial-reynies.fr\/wp-content\/uploads\/Cr\u00e8ches\/Cr\u00e8ches_2024\/P1000649-1024x769.jpg\" alt=\"\" class=\"wp-image-3329\" srcset=\"https:\/\/ensemble-paroissial-reynies.fr\/wp-content\/uploads\/Cr\u00e8ches\/Cr\u00e8ches_2024\/P1000649-1024x769.jpg 1024w, https:\/\/ensemble-paroissial-reynies.fr\/wp-content\/uploads\/Cr\u00e8ches\/Cr\u00e8ches_2024\/P1000649-300x225.jpg 300w, https:\/\/ensemble-paroissial-reynies.fr\/wp-content\/uploads\/Cr\u00e8ches\/Cr\u00e8ches_2024\/P1000649-768x577.jpg 768w, https:\/\/ensemble-paroissial-reynies.fr\/wp-content\/uploads\/Cr\u00e8ches\/Cr\u00e8ches_2024\/P1000649-1536x1153.jpg 1536w, https:\/\/ensemble-paroissial-reynies.fr\/wp-content\/uploads\/Cr\u00e8ches\/Cr\u00e8ches_2024\/P1000649-2048x1538.jpg 2048w\" sizes=\"auto, (max-width: 1024px) 100vw, 1024px\" \/><\/figure>\n\n\n\n<figure class=\"wp-block-image size-large\"><a href=\"https:\/\/ensemble-paroissial-reynies.fr\/wp-content\/uploads\/Cr\u00e8ches\/Cr\u00e8ches_2024\/P1000686-scaled.jpg\"><img loading=\"lazy\" decoding=\"async\" width=\"1024\" height=\"769\" data-id=\"3328\" src=\"https:\/\/ensemble-paroissial-reynies.fr\/wp-content\/uploads\/Cr\u00e8ches\/Cr\u00e8ches_2024\/P1000686-1024x769.jpg\" alt=\"\" class=\"wp-image-3328\" srcset=\"https:\/\/ensemble-paroissial-reynies.fr\/wp-content\/uploads\/Cr\u00e8ches\/Cr\u00e8ches_2024\/P1000686-1024x769.jpg 1024w, https:\/\/ensemble-paroissial-reynies.fr\/wp-content\/uploads\/Cr\u00e8ches\/Cr\u00e8ches_2024\/P1000686-300x225.jpg 300w, https:\/\/ensemble-paroissial-reynies.fr\/wp-content\/uploads\/Cr\u00e8ches\/Cr\u00e8ches_2024\/P1000686-768x577.jpg 768w, https:\/\/ensemble-paroissial-reynies.fr\/wp-content\/uploads\/Cr\u00e8ches\/Cr\u00e8ches_2024\/P1000686-1536x1153.jpg 1536w, https:\/\/ensemble-paroissial-reynies.fr\/wp-content\/uploads\/Cr\u00e8ches\/Cr\u00e8ches_2024\/P1000686-2048x1538.jpg 2048w\" sizes=\"auto, (max-width: 1024px) 100vw, 1024px\" \/><\/a><\/figure>\n\n\n\n<figure class=\"wp-block-image size-large\"><a href=\"https:\/\/ensemble-paroissial-reynies.fr\/wp-content\/uploads\/Cr\u00e8ches\/Cr\u00e8ches_2024\/P1000687-scaled.jpg\"><img loading=\"lazy\" decoding=\"async\" width=\"1024\" height=\"769\" data-id=\"3325\" src=\"https:\/\/ensemble-paroissial-reynies.fr\/wp-content\/uploads\/Cr\u00e8ches\/Cr\u00e8ches_2024\/P1000687-1024x769.jpg\" alt=\"\" class=\"wp-image-3325\" srcset=\"https:\/\/ensemble-paroissial-reynies.fr\/wp-content\/uploads\/Cr\u00e8ches\/Cr\u00e8ches_2024\/P1000687-1024x769.jpg 1024w, https:\/\/ensemble-paroissial-reynies.fr\/wp-content\/uploads\/Cr\u00e8ches\/Cr\u00e8ches_2024\/P1000687-300x225.jpg 300w, https:\/\/ensemble-paroissial-reynies.fr\/wp-content\/uploads\/Cr\u00e8ches\/Cr\u00e8ches_2024\/P1000687-768x577.jpg 768w, https:\/\/ensemble-paroissial-reynies.fr\/wp-content\/uploads\/Cr\u00e8ches\/Cr\u00e8ches_2024\/P1000687-1536x1153.jpg 1536w, https:\/\/ensemble-paroissial-reynies.fr\/wp-content\/uploads\/Cr\u00e8ches\/Cr\u00e8ches_2024\/P1000687-2048x1538.jpg 2048w\" sizes=\"auto, (max-width: 1024px) 100vw, 1024px\" \/><\/a><\/figure>\n\n\n\n<figure class=\"wp-block-image size-large\"><img loading=\"lazy\" decoding=\"async\" width=\"1024\" height=\"769\" data-id=\"3330\" src=\"https:\/\/ensemble-paroissial-reynies.fr\/wp-content\/uploads\/Cr\u00e8ches\/Cr\u00e8ches_2024\/P1000648-1024x769.jpg\" alt=\"\" class=\"wp-image-3330\" srcset=\"https:\/\/ensemble-paroissial-reynies.fr\/wp-content\/uploads\/Cr\u00e8ches\/Cr\u00e8ches_2024\/P1000648-1024x769.jpg 1024w, https:\/\/ensemble-paroissial-reynies.fr\/wp-content\/uploads\/Cr\u00e8ches\/Cr\u00e8ches_2024\/P1000648-300x225.jpg 300w, https:\/\/ensemble-paroissial-reynies.fr\/wp-content\/uploads\/Cr\u00e8ches\/Cr\u00e8ches_2024\/P1000648-768x577.jpg 768w, https:\/\/ensemble-paroissial-reynies.fr\/wp-content\/uploads\/Cr\u00e8ches\/Cr\u00e8ches_2024\/P1000648-1536x1153.jpg 1536w, https:\/\/ensemble-paroissial-reynies.fr\/wp-content\/uploads\/Cr\u00e8ches\/Cr\u00e8ches_2024\/P1000648-2048x1538.jpg 2048w\" sizes=\"auto, (max-width: 1024px) 100vw, 1024px\" \/><\/figure>\n<\/figure>\n\n\n\n<div style=\"height:12px\" aria-hidden=\"true\" class=\"wp-block-spacer\"><\/div>\n\n\n\n<p><em>Prions<\/em><\/p>\n\n\n\n<p>Apprends moi Marie \u00e0 faire le silence<br>Tant de voix, tant de bruits, en moi, autour de moi.<br>Tant de bruits o\u00f9 s&rsquo;enfuit la pr\u00e9sence de l&rsquo;Au-del\u00e0.<br>Apprends-moi, Marie, \u00e0 faire silence, \u00e0 taire les bruits et \u00e0 me taire, pour qu&rsquo;enfin jaillissent, comme au-dessus du chaos primitif, la voix de Dieu, le vol de l&rsquo;Esprit, et que s&rsquo;\u00e9crive la premi\u00e8re ligne de ma gen\u00e8se et que commence un monde neuf.<br>En moi d&rsquo;abord, un monde de gr\u00e2ce o\u00f9 je ressemble \u00e0 Dieu.<br>Un monde de paix, sans envie, sans ambition.<br>Un monde d&rsquo;amour, \u00e0 l&rsquo;image de l&rsquo;\u00e9treinte \u00e9ternelle du P\u00e8re, du Fils et de l&rsquo;Esprit.<br>Apprends-moi, Marie, le courage de dire oui.<br>Apprends-moi \u00e0 croire, comme toi, que les projets de Dieu sont infiniment plus beaux que mes projets, que la Parole de Dieu est infiniment plus solide que ma parole.<br>Aide-moi \u00e0 comprendre qu&rsquo;en disant oui \u00e0 Dieu, je dis oui \u00e0 moi-m\u00eame, \u00e0 mon moi le plus vrai et le plus radical ; car lui seul me permet de devenir ce que je suis,lui seul peut achever, en me sauvant, ce qu&rsquo;il a commenc\u00e9 en me cr\u00e9ant.&nbsp; Amen. (<em>P\u00e8re Georges MADORE<\/em>)<\/p>\n\n\n\n<p><em>Et prions Notre-Dame de la nativit\u00e9 patronne de l\u2019\u00e9glise de Bressols<\/em><\/p>\n\n\n\n<div class=\"wp-block-group is-nowrap is-layout-flex wp-container-core-group-is-layout-ad2f72ca wp-block-group-is-layout-flex\">\n<figure class=\"wp-block-image size-large is-resized\"><a href=\"https:\/\/ensemble-paroissial-reynies.fr\/wp-content\/uploads\/eglise_bressols\/p1020218-scaled-1.jpg\"><img loading=\"lazy\" decoding=\"async\" width=\"768\" height=\"1024\" src=\"https:\/\/ensemble-paroissial-reynies.fr\/wp-content\/uploads\/eglise_bressols\/p1020218-scaled-1-768x1024.jpg\" alt=\"\" class=\"wp-image-850\" style=\"width:403px;height:auto\" srcset=\"https:\/\/ensemble-paroissial-reynies.fr\/wp-content\/uploads\/eglise_bressols\/p1020218-scaled-1-768x1024.jpg 768w, https:\/\/ensemble-paroissial-reynies.fr\/wp-content\/uploads\/eglise_bressols\/p1020218-scaled-1-225x300.jpg 225w, https:\/\/ensemble-paroissial-reynies.fr\/wp-content\/uploads\/eglise_bressols\/p1020218-scaled-1-1152x1536.jpg 1152w, https:\/\/ensemble-paroissial-reynies.fr\/wp-content\/uploads\/eglise_bressols\/p1020218-scaled-1-1536x2048.jpg 1536w, https:\/\/ensemble-paroissial-reynies.fr\/wp-content\/uploads\/eglise_bressols\/p1020218-scaled-1-600x800.jpg 600w, https:\/\/ensemble-paroissial-reynies.fr\/wp-content\/uploads\/eglise_bressols\/p1020218-scaled-1.jpg 1920w\" sizes=\"auto, (max-width: 768px) 100vw, 768px\" \/><\/a><\/figure>\n\n\n\n<p>Marie, je te dis merci d\u2019avoir su attendre pour nous l\u2019Emmanuel, d\u2019avoir tiss\u00e9 dans tes heures des langes de tendresse, pour accueillir Dieu qui vient.<br>Merci de me dire que j\u2019ai le droit d\u2019attendre, car il viendra mon Seigneur, il viendra na\u00eetre dans ma vie.<br>\u00d4 Marie, j\u2019aime te contempler enceinte. Tu es alors pour moi l\u2019ic\u00f4ne de l\u2019humanit\u00e9 que je voudrais \u00eatre. Tu es toute pleine de Dieu, dans ton c\u0153ur et dans ton corps. Dieu passe en toi comme ton sang passe dans l\u2019Enfant.<br>J\u2019aime te regarder, femme de l\u2019attente, femme habit\u00e9e par le Dieu discret, le Dieu qui s\u2019enveloppe d\u2019humanit\u00e9, qui devient humanit\u00e9. Cette humanit\u00e9 qui le r\u00e9v\u00e9lera aux uns et le cachera aux autres.<br>\u00d4 Marie, je veux m\u2019unir \u00e0 toi pour prier le Dieu humain que tu portes en ton sein maintenant, que tu portes en ton c\u0153ur toujours.Prie avec moi, Marie, que mon humanit\u00e9 ressemble \u00e0 la tienne : qu\u2019elle soit toute pleine de Dieu.<br>Amen !<\/p>\n<\/div>\n\n\n\n<p><em>D\u00e9couvrons plus en d\u00e9tails cette \u00e9glise et son si beau choeur <\/em>: <a href=\"https:\/\/ensemble-paroissial-reynies.fr\/?page_id=1156\" target=\"_blank\" rel=\"noreferrer noopener\">https:\/\/ensemble-paroissial-reynies.fr\/?page_id=1156<\/a><\/p>\n<\/details>\n\n\n\n<hr class=\"wp-block-separator has-alpha-channel-opacity\"\/>\n\n\n\n<p><strong><em>Dirigeons-nous maintenant vers Labastide-Saint-Pierre. Pour cela nous empruntons la D930 et suivons le Tarn jusqu\u2019\u00e0 l\u2019\u00e9glise de Labastide-Saint-Pierre<\/em><\/strong><\/p>\n\n\n\n<div class=\"wp-block-group is-nowrap is-layout-flex wp-container-core-group-is-layout-ad2f72ca wp-block-group-is-layout-flex\">\n<figure class=\"wp-block-image size-large is-resized\"><a href=\"https:\/\/ensemble-paroissial-reynies.fr\/wp-content\/uploads\/eglise_labastide\/20171212_151241-scaled-1.jpg\"><img loading=\"lazy\" decoding=\"async\" width=\"1024\" height=\"576\" src=\"https:\/\/ensemble-paroissial-reynies.fr\/wp-content\/uploads\/eglise_labastide\/20171212_151241-scaled-1-1024x576.jpg\" alt=\"\" class=\"wp-image-863\" style=\"width:261px;height:auto\" srcset=\"https:\/\/ensemble-paroissial-reynies.fr\/wp-content\/uploads\/eglise_labastide\/20171212_151241-scaled-1-1024x576.jpg 1024w, https:\/\/ensemble-paroissial-reynies.fr\/wp-content\/uploads\/eglise_labastide\/20171212_151241-scaled-1-300x169.jpg 300w, https:\/\/ensemble-paroissial-reynies.fr\/wp-content\/uploads\/eglise_labastide\/20171212_151241-scaled-1-768x432.jpg 768w, https:\/\/ensemble-paroissial-reynies.fr\/wp-content\/uploads\/eglise_labastide\/20171212_151241-scaled-1-1536x864.jpg 1536w, https:\/\/ensemble-paroissial-reynies.fr\/wp-content\/uploads\/eglise_labastide\/20171212_151241-scaled-1-2048x1152.jpg 2048w\" sizes=\"auto, (max-width: 1024px) 100vw, 1024px\" \/><\/a><\/figure>\n\n\n\n<p><strong>Nous nous garons sur le parking sur le cot\u00e9 de l&rsquo;\u00e9glise<\/strong><\/p>\n<\/div>\n\n\n\n<div style=\"height:12px\" aria-hidden=\"true\" class=\"wp-block-spacer\"><\/div>\n\n\n\n<details class=\"wp-block-details is-layout-flow wp-block-details-is-layout-flow\"><summary>Labastide-Saint-Pierre &#8211; \u00c9glise Saint-Pierre-aux-Liens<\/summary>\n<div style=\"height:8px\" aria-hidden=\"true\" class=\"wp-block-spacer\"><\/div>\n\n\n\n<div class=\"wp-block-group is-nowrap is-layout-flex wp-container-core-group-is-layout-ad2f72ca wp-block-group-is-layout-flex\">\n<figure class=\"wp-block-image size-large is-resized\"><a href=\"https:\/\/ensemble-paroissial-reynies.fr\/wp-content\/uploads\/Cr\u00e8ches\/Cr\u00e8ches_2024\/P1000646-scaled.jpg\"><img loading=\"lazy\" decoding=\"async\" width=\"1024\" height=\"769\" src=\"https:\/\/ensemble-paroissial-reynies.fr\/wp-content\/uploads\/Cr\u00e8ches\/Cr\u00e8ches_2024\/P1000646-1024x769.jpg\" alt=\"\" class=\"wp-image-3049\" style=\"width:304px;height:auto\" srcset=\"https:\/\/ensemble-paroissial-reynies.fr\/wp-content\/uploads\/Cr\u00e8ches\/Cr\u00e8ches_2024\/P1000646-1024x769.jpg 1024w, https:\/\/ensemble-paroissial-reynies.fr\/wp-content\/uploads\/Cr\u00e8ches\/Cr\u00e8ches_2024\/P1000646-300x225.jpg 300w, https:\/\/ensemble-paroissial-reynies.fr\/wp-content\/uploads\/Cr\u00e8ches\/Cr\u00e8ches_2024\/P1000646-768x577.jpg 768w, https:\/\/ensemble-paroissial-reynies.fr\/wp-content\/uploads\/Cr\u00e8ches\/Cr\u00e8ches_2024\/P1000646-1536x1153.jpg 1536w, https:\/\/ensemble-paroissial-reynies.fr\/wp-content\/uploads\/Cr\u00e8ches\/Cr\u00e8ches_2024\/P1000646-2048x1538.jpg 2048w\" sizes=\"auto, (max-width: 1024px) 100vw, 1024px\" \/><\/a><\/figure>\n\n\n\n<p>Rentrons dans l&rsquo;\u00e9glise et avan\u00e7ons-nous vers l&rsquo;autel, la cr\u00e8che est \u00e0 gauche du choeur.<\/p>\n<\/div>\n\n\n\n<div style=\"height:14px\" aria-hidden=\"true\" class=\"wp-block-spacer\"><\/div>\n\n\n\n<p><em>Chantons<\/em>\u00a0: C\u2019est No\u00ebl tous les jours (<a href=\"https:\/\/www.youtube.com\/watch?v=obUzfJe_W9c&amp;t=3385s\" target=\"_blank\" rel=\"noreferrer noopener\">https:\/\/www.youtube.com\/watch?v=obUzfJe_W9c&amp;t=3385s<\/a> )<\/p>\n\n\n\n<figure class=\"wp-block-gallery has-nested-images columns-5 is-cropped wp-block-gallery-6 is-layout-flex wp-block-gallery-is-layout-flex\">\n<figure class=\"wp-block-image size-large\"><a href=\"https:\/\/ensemble-paroissial-reynies.fr\/wp-content\/uploads\/Cr\u00e8ches\/Cr\u00e8ches_2024\/P1000645-scaled.jpg\"><img loading=\"lazy\" decoding=\"async\" width=\"1024\" height=\"769\" data-id=\"3051\" src=\"https:\/\/ensemble-paroissial-reynies.fr\/wp-content\/uploads\/Cr\u00e8ches\/Cr\u00e8ches_2024\/P1000645-1024x769.jpg\" alt=\"\" class=\"wp-image-3051\" srcset=\"https:\/\/ensemble-paroissial-reynies.fr\/wp-content\/uploads\/Cr\u00e8ches\/Cr\u00e8ches_2024\/P1000645-1024x769.jpg 1024w, https:\/\/ensemble-paroissial-reynies.fr\/wp-content\/uploads\/Cr\u00e8ches\/Cr\u00e8ches_2024\/P1000645-300x225.jpg 300w, https:\/\/ensemble-paroissial-reynies.fr\/wp-content\/uploads\/Cr\u00e8ches\/Cr\u00e8ches_2024\/P1000645-768x577.jpg 768w, https:\/\/ensemble-paroissial-reynies.fr\/wp-content\/uploads\/Cr\u00e8ches\/Cr\u00e8ches_2024\/P1000645-1536x1153.jpg 1536w, https:\/\/ensemble-paroissial-reynies.fr\/wp-content\/uploads\/Cr\u00e8ches\/Cr\u00e8ches_2024\/P1000645-2048x1538.jpg 2048w\" sizes=\"auto, (max-width: 1024px) 100vw, 1024px\" \/><\/a><\/figure>\n\n\n\n<figure class=\"wp-block-image size-large\"><img loading=\"lazy\" decoding=\"async\" width=\"1024\" height=\"769\" data-id=\"3050\" src=\"https:\/\/ensemble-paroissial-reynies.fr\/wp-content\/uploads\/Cr\u00e8ches\/Cr\u00e8ches_2024\/P1000638-1024x769.jpg\" alt=\"\" class=\"wp-image-3050\" srcset=\"https:\/\/ensemble-paroissial-reynies.fr\/wp-content\/uploads\/Cr\u00e8ches\/Cr\u00e8ches_2024\/P1000638-1024x769.jpg 1024w, https:\/\/ensemble-paroissial-reynies.fr\/wp-content\/uploads\/Cr\u00e8ches\/Cr\u00e8ches_2024\/P1000638-300x225.jpg 300w, https:\/\/ensemble-paroissial-reynies.fr\/wp-content\/uploads\/Cr\u00e8ches\/Cr\u00e8ches_2024\/P1000638-768x577.jpg 768w, https:\/\/ensemble-paroissial-reynies.fr\/wp-content\/uploads\/Cr\u00e8ches\/Cr\u00e8ches_2024\/P1000638-1536x1153.jpg 1536w, https:\/\/ensemble-paroissial-reynies.fr\/wp-content\/uploads\/Cr\u00e8ches\/Cr\u00e8ches_2024\/P1000638-2048x1538.jpg 2048w\" sizes=\"auto, (max-width: 1024px) 100vw, 1024px\" \/><\/figure>\n\n\n\n<figure class=\"wp-block-image size-large\"><img loading=\"lazy\" decoding=\"async\" width=\"1024\" height=\"769\" data-id=\"3052\" src=\"https:\/\/ensemble-paroissial-reynies.fr\/wp-content\/uploads\/Cr\u00e8ches\/Cr\u00e8ches_2024\/P1000641-1024x769.jpg\" alt=\"\" class=\"wp-image-3052\" srcset=\"https:\/\/ensemble-paroissial-reynies.fr\/wp-content\/uploads\/Cr\u00e8ches\/Cr\u00e8ches_2024\/P1000641-1024x769.jpg 1024w, https:\/\/ensemble-paroissial-reynies.fr\/wp-content\/uploads\/Cr\u00e8ches\/Cr\u00e8ches_2024\/P1000641-300x225.jpg 300w, https:\/\/ensemble-paroissial-reynies.fr\/wp-content\/uploads\/Cr\u00e8ches\/Cr\u00e8ches_2024\/P1000641-768x577.jpg 768w, https:\/\/ensemble-paroissial-reynies.fr\/wp-content\/uploads\/Cr\u00e8ches\/Cr\u00e8ches_2024\/P1000641-1536x1153.jpg 1536w, https:\/\/ensemble-paroissial-reynies.fr\/wp-content\/uploads\/Cr\u00e8ches\/Cr\u00e8ches_2024\/P1000641-2048x1538.jpg 2048w\" sizes=\"auto, (max-width: 1024px) 100vw, 1024px\" \/><\/figure>\n\n\n\n<figure class=\"wp-block-image size-large\"><a href=\"https:\/\/ensemble-paroissial-reynies.fr\/wp-content\/uploads\/Cr\u00e8ches\/Cr\u00e8ches_2024\/P1000644-scaled.jpg\"><img loading=\"lazy\" decoding=\"async\" width=\"1024\" height=\"769\" data-id=\"3054\" src=\"https:\/\/ensemble-paroissial-reynies.fr\/wp-content\/uploads\/Cr\u00e8ches\/Cr\u00e8ches_2024\/P1000644-1024x769.jpg\" alt=\"\" class=\"wp-image-3054\" srcset=\"https:\/\/ensemble-paroissial-reynies.fr\/wp-content\/uploads\/Cr\u00e8ches\/Cr\u00e8ches_2024\/P1000644-1024x769.jpg 1024w, https:\/\/ensemble-paroissial-reynies.fr\/wp-content\/uploads\/Cr\u00e8ches\/Cr\u00e8ches_2024\/P1000644-300x225.jpg 300w, https:\/\/ensemble-paroissial-reynies.fr\/wp-content\/uploads\/Cr\u00e8ches\/Cr\u00e8ches_2024\/P1000644-768x577.jpg 768w, https:\/\/ensemble-paroissial-reynies.fr\/wp-content\/uploads\/Cr\u00e8ches\/Cr\u00e8ches_2024\/P1000644-1536x1153.jpg 1536w, https:\/\/ensemble-paroissial-reynies.fr\/wp-content\/uploads\/Cr\u00e8ches\/Cr\u00e8ches_2024\/P1000644-2048x1538.jpg 2048w\" sizes=\"auto, (max-width: 1024px) 100vw, 1024px\" \/><\/a><\/figure>\n\n\n\n<figure class=\"wp-block-image size-large\"><a href=\"https:\/\/ensemble-paroissial-reynies.fr\/wp-content\/uploads\/Cr\u00e8ches\/Cr\u00e8ches_2024\/P1000643-scaled.jpg\"><img loading=\"lazy\" decoding=\"async\" width=\"1024\" height=\"769\" data-id=\"3053\" src=\"https:\/\/ensemble-paroissial-reynies.fr\/wp-content\/uploads\/Cr\u00e8ches\/Cr\u00e8ches_2024\/P1000643-1024x769.jpg\" alt=\"\" class=\"wp-image-3053\" srcset=\"https:\/\/ensemble-paroissial-reynies.fr\/wp-content\/uploads\/Cr\u00e8ches\/Cr\u00e8ches_2024\/P1000643-1024x769.jpg 1024w, https:\/\/ensemble-paroissial-reynies.fr\/wp-content\/uploads\/Cr\u00e8ches\/Cr\u00e8ches_2024\/P1000643-300x225.jpg 300w, https:\/\/ensemble-paroissial-reynies.fr\/wp-content\/uploads\/Cr\u00e8ches\/Cr\u00e8ches_2024\/P1000643-768x577.jpg 768w, https:\/\/ensemble-paroissial-reynies.fr\/wp-content\/uploads\/Cr\u00e8ches\/Cr\u00e8ches_2024\/P1000643-1536x1153.jpg 1536w, https:\/\/ensemble-paroissial-reynies.fr\/wp-content\/uploads\/Cr\u00e8ches\/Cr\u00e8ches_2024\/P1000643-2048x1538.jpg 2048w\" sizes=\"auto, (max-width: 1024px) 100vw, 1024px\" \/><\/a><\/figure>\n<\/figure>\n\n\n\n<div style=\"height:7px\" aria-hidden=\"true\" class=\"wp-block-spacer\"><\/div>\n\n\n\n<p><em>Prions<\/em><\/p>\n\n\n\n<p>La nuit ne serait jamais que nuit si le cri d\u2019un tout-petit ne l\u2019avait d\u00e9sar\u00e7onn\u00e9e.<br>Les t\u00e9n\u00e8bres ne seraient jamais que t\u00e9n\u00e8bres si la lumi\u00e8re ne s\u2019\u00e9tait risqu\u00e9e \u00e0 les d\u00e9coudre.<br>Le malheur ne serait jamais que malheur si un visage n\u2019en avait partag\u00e9 la lourdeur.<br>No\u00ebl, une m\u00e9moire qui enfante l\u2019histoire Une promesse ourl\u00e9e \u00e0 la d\u00e9tresse Une parole \u00e0 l\u2019aplomb du monde Pour ouvrir une faille Pour \u00e9clairer la paille Pour inciter aux semailles Dieu en l\u2019humain est toujours possible pour qui accueille sa fragilit\u00e9 comme un berceau !<\/p>\n\n\n\n<p><em>Et prions saint Pierre patron de l\u2019\u00e9glise de Labastide-Saint-Pierre<\/em><\/p>\n\n\n\n<div class=\"wp-block-group is-nowrap is-layout-flex wp-container-core-group-is-layout-ad2f72ca wp-block-group-is-layout-flex\">\n<figure class=\"wp-block-image size-full is-resized\"><img loading=\"lazy\" decoding=\"async\" width=\"494\" height=\"972\" src=\"https:\/\/ensemble-paroissial-reynies.fr\/wp-content\/uploads\/eglise_labastide\/dsc04936r.jpg\" alt=\"\" class=\"wp-image-865\" style=\"width:472px;height:auto\" srcset=\"https:\/\/ensemble-paroissial-reynies.fr\/wp-content\/uploads\/eglise_labastide\/dsc04936r.jpg 494w, https:\/\/ensemble-paroissial-reynies.fr\/wp-content\/uploads\/eglise_labastide\/dsc04936r-152x300.jpg 152w\" sizes=\"auto, (max-width: 494px) 100vw, 494px\" \/><figcaption class=\"wp-element-caption\">Saint-Pierre-aux-Liens                     <\/figcaption><\/figure>\n\n\n\n<div class=\"wp-block-group is-vertical is-layout-flex wp-container-core-group-is-layout-8cf370e7 wp-block-group-is-layout-flex\">\n<p>Saint-Pierre, prince des ap\u00f4tres, votre nom \u00e9tait Simon, J\u00e9sus-Christ, la chang\u00e9 pour Pierre afin que vous puissiez \u00eatre le rocher sur lequel le Seigneur allez construire le Temple de la Foi.<br>Quand le Seigneur a chang\u00e9 votre nom, il vous \u00e0 donner les trois cl\u00e9s des secrets et des pouvoirs dans les cieux et sur la terre, en vous disant: \u00ab&nbsp;Ce que tu lieras sur terre sera li\u00e9 dans les cieux, et ce que tu d\u00e9lieras sur terre sera d\u00e9li\u00e9 dans les cieux.&nbsp;\u00bb<\/p>\n\n\n\n<p>Saint-Pierre, prince des ap\u00f4tres, la premi\u00e8re cl\u00e9 est de fer, elle ouvre et ferme les portes de l&rsquo;existence terrestre, la deuxi\u00e8me cl\u00e9 est d&rsquo;argent, elle ouvre et ferme les portes de la sagesse, la troisi\u00e8me cl\u00e9 est d&rsquo;or, elle ouvre et ferme les portes de la vie \u00e9ternelle.<br>Avec la premi\u00e8re, vous ouvrez l&rsquo;entr\u00e9e pour le bonheur sur terre<br>Avec la seconde, vous ouvrez l&rsquo;entr\u00e9e de la science spirituelle<br>Avec la troisi\u00e8me, vous ouvrez le Paradis.<br>Glorieux ap\u00f4tre martyr, fermez pour moi les chemins du mal et ouvrez moi les chemins du bien. D\u00e9liez-moi sur terre pour que je sois d\u00e9li\u00e9 dans les cieux. Avec votre cl\u00e9 de fer ouvrez moi les portes qui se sont ferm\u00e9s devant moi. Avec votre cl\u00e9 d&rsquo;argent \u00e9clairez mon esprit pour que je vois le bien et que je m&rsquo;\u00e9loigne du mal. Avec votre cl\u00e9 d&rsquo;or d\u00e9verrouillez les entr\u00e9es de la cour c\u00e9leste qu\u2019au moment o\u00f9 le Seigneur m&rsquo;appellera.<br>Glorieux Saint-Pierre, vous qui connaissez tous les secrets du ciel et la terre, \u00e9coutez mon appel et exaucez ma pri\u00e8re. Ainsi soit-il<\/p>\n<\/div>\n<\/div>\n\n\n\n<div style=\"height:14px\" aria-hidden=\"true\" class=\"wp-block-spacer\"><\/div>\n\n\n\n<p><em>D\u00e9couvrons un peu plus l&rsquo;\u00e9glise<\/em> : <a href=\"https:\/\/ensemble-paroissial-reynies.fr\/?page_id=1384\" target=\"_blank\" rel=\"noreferrer noopener\">https:\/\/ensemble-paroissial-reynies.fr\/?page_id=1384<\/a><\/p>\n<\/details>\n\n\n\n<hr class=\"wp-block-separator has-alpha-channel-opacity\"\/>\n\n\n\n<div class=\"wp-block-group is-nowrap is-layout-flex wp-container-core-group-is-layout-ad2f72ca wp-block-group-is-layout-flex\">\n<figure class=\"wp-block-image size-large is-resized\"><a href=\"https:\/\/ensemble-paroissial-reynies.fr\/wp-content\/uploads\/eglise_orgueil\/DSC06659-rotated.jpg\"><img loading=\"lazy\" decoding=\"async\" width=\"768\" height=\"1024\" src=\"https:\/\/ensemble-paroissial-reynies.fr\/wp-content\/uploads\/eglise_orgueil\/DSC06659-768x1024.jpg\" alt=\"\" class=\"wp-image-51\" style=\"width:159px;height:auto\" srcset=\"https:\/\/ensemble-paroissial-reynies.fr\/wp-content\/uploads\/eglise_orgueil\/DSC06659-768x1024.jpg 768w, https:\/\/ensemble-paroissial-reynies.fr\/wp-content\/uploads\/eglise_orgueil\/DSC06659-225x300.jpg 225w, https:\/\/ensemble-paroissial-reynies.fr\/wp-content\/uploads\/eglise_orgueil\/DSC06659-rotated.jpg 960w\" sizes=\"auto, (max-width: 768px) 100vw, 768px\" \/><\/a><\/figure>\n\n\n\n<p><strong><em>La route se termine bient\u00f4t. Rapprochons-nous du pont qui nous ram\u00e8nera de l\u2019autre c\u00f4t\u00e9 du Tarn en nous rendant dans l\u2019\u00e9glise saint Ferr\u00e9ol d\u2019Orgueil.<br>Pour cela depuis Labastide-Saint-Pierre nous prenons la D930 pour arriver dans le bourg d\u2019Orgueil. Juste apr\u00e8s la Mairie de la commune, toute refaite \u00e0 neuf, nous prenons \u00e0 gauche pour aller jusqu\u2019au parking qui est derri\u00e8re l\u2019\u00e9glise.<\/em><\/strong><\/p>\n<\/div>\n\n\n\n<div style=\"height:12px\" aria-hidden=\"true\" class=\"wp-block-spacer\"><\/div>\n\n\n\n<details class=\"wp-block-details is-layout-flow wp-block-details-is-layout-flow\"><summary>Orgueil &#8211; \u00c9glise Saint-Ferr\u00e9ol<\/summary>\n<div style=\"height:7px\" aria-hidden=\"true\" class=\"wp-block-spacer\"><\/div>\n\n\n\n<div class=\"wp-block-group is-nowrap is-layout-flex wp-container-core-group-is-layout-ad2f72ca wp-block-group-is-layout-flex\">\n<figure class=\"wp-block-image size-full is-resized\"><a href=\"https:\/\/ensemble-paroissial-reynies.fr\/wp-content\/uploads\/eglise_orgueil\/cropped-DSC06656.jpg\"><img loading=\"lazy\" decoding=\"async\" width=\"512\" height=\"512\" src=\"https:\/\/ensemble-paroissial-reynies.fr\/wp-content\/uploads\/eglise_orgueil\/cropped-DSC06656.jpg\" alt=\"\" class=\"wp-image-89\" style=\"width:471px;height:auto\" srcset=\"https:\/\/ensemble-paroissial-reynies.fr\/wp-content\/uploads\/eglise_orgueil\/cropped-DSC06656.jpg 512w, https:\/\/ensemble-paroissial-reynies.fr\/wp-content\/uploads\/eglise_orgueil\/cropped-DSC06656-300x300.jpg 300w, https:\/\/ensemble-paroissial-reynies.fr\/wp-content\/uploads\/eglise_orgueil\/cropped-DSC06656-150x150.jpg 150w, https:\/\/ensemble-paroissial-reynies.fr\/wp-content\/uploads\/eglise_orgueil\/cropped-DSC06656-270x270.jpg 270w, https:\/\/ensemble-paroissial-reynies.fr\/wp-content\/uploads\/eglise_orgueil\/cropped-DSC06656-192x192.jpg 192w, https:\/\/ensemble-paroissial-reynies.fr\/wp-content\/uploads\/eglise_orgueil\/cropped-DSC06656-180x180.jpg 180w, https:\/\/ensemble-paroissial-reynies.fr\/wp-content\/uploads\/eglise_orgueil\/cropped-DSC06656-32x32.jpg 32w\" sizes=\"auto, (max-width: 512px) 100vw, 512px\" \/><\/a><\/figure>\n\n\n\n<div class=\"wp-block-group is-vertical is-layout-flex wp-container-core-group-is-layout-8cf370e7 wp-block-group-is-layout-flex\">\n<p>Franchissons la petite porte sur le c\u00f4t\u00e9 de l&rsquo;\u00e9glise, en l&rsquo;ouvrant on d\u00e9couvre un petite cr\u00e8che juste \u00e0 cot\u00e9 de la porte<\/p>\n\n\n\n<figure class=\"wp-block-gallery has-nested-images columns-default is-cropped wp-block-gallery-7 is-layout-flex wp-block-gallery-is-layout-flex\">\n<figure class=\"wp-block-image size-large\"><a href=\"https:\/\/ensemble-paroissial-reynies.fr\/wp-content\/uploads\/Cr\u00e8ches\/Cr\u00e8ches_2024\/P1000626-scaled.jpg\"><img loading=\"lazy\" decoding=\"async\" width=\"1024\" height=\"769\" data-id=\"3009\" src=\"https:\/\/ensemble-paroissial-reynies.fr\/wp-content\/uploads\/Cr\u00e8ches\/Cr\u00e8ches_2024\/P1000626-1024x769.jpg\" alt=\"\" class=\"wp-image-3009\" srcset=\"https:\/\/ensemble-paroissial-reynies.fr\/wp-content\/uploads\/Cr\u00e8ches\/Cr\u00e8ches_2024\/P1000626-1024x769.jpg 1024w, https:\/\/ensemble-paroissial-reynies.fr\/wp-content\/uploads\/Cr\u00e8ches\/Cr\u00e8ches_2024\/P1000626-300x225.jpg 300w, https:\/\/ensemble-paroissial-reynies.fr\/wp-content\/uploads\/Cr\u00e8ches\/Cr\u00e8ches_2024\/P1000626-768x577.jpg 768w, https:\/\/ensemble-paroissial-reynies.fr\/wp-content\/uploads\/Cr\u00e8ches\/Cr\u00e8ches_2024\/P1000626-1536x1153.jpg 1536w, https:\/\/ensemble-paroissial-reynies.fr\/wp-content\/uploads\/Cr\u00e8ches\/Cr\u00e8ches_2024\/P1000626-2048x1538.jpg 2048w\" sizes=\"auto, (max-width: 1024px) 100vw, 1024px\" \/><\/a><\/figure>\n\n\n\n<figure class=\"wp-block-image size-large\"><a href=\"https:\/\/ensemble-paroissial-reynies.fr\/wp-content\/uploads\/Cr\u00e8ches\/Cr\u00e8ches_2024\/P1000627-scaled.jpg\"><img loading=\"lazy\" decoding=\"async\" width=\"1024\" height=\"769\" data-id=\"3006\" src=\"https:\/\/ensemble-paroissial-reynies.fr\/wp-content\/uploads\/Cr\u00e8ches\/Cr\u00e8ches_2024\/P1000627-1024x769.jpg\" alt=\"\" class=\"wp-image-3006\" srcset=\"https:\/\/ensemble-paroissial-reynies.fr\/wp-content\/uploads\/Cr\u00e8ches\/Cr\u00e8ches_2024\/P1000627-1024x769.jpg 1024w, https:\/\/ensemble-paroissial-reynies.fr\/wp-content\/uploads\/Cr\u00e8ches\/Cr\u00e8ches_2024\/P1000627-300x225.jpg 300w, https:\/\/ensemble-paroissial-reynies.fr\/wp-content\/uploads\/Cr\u00e8ches\/Cr\u00e8ches_2024\/P1000627-768x577.jpg 768w, https:\/\/ensemble-paroissial-reynies.fr\/wp-content\/uploads\/Cr\u00e8ches\/Cr\u00e8ches_2024\/P1000627-1536x1153.jpg 1536w, https:\/\/ensemble-paroissial-reynies.fr\/wp-content\/uploads\/Cr\u00e8ches\/Cr\u00e8ches_2024\/P1000627-2048x1538.jpg 2048w\" sizes=\"auto, (max-width: 1024px) 100vw, 1024px\" \/><\/a><\/figure>\n<\/figure>\n\n\n\n<p>mais en nous retournant on voit une autre cr\u00e8che dans le choeur, approchons nous.<\/p>\n<\/div>\n<\/div>\n\n\n\n<div style=\"height:10px\" aria-hidden=\"true\" class=\"wp-block-spacer\"><\/div>\n\n\n\n<figure class=\"wp-block-gallery has-nested-images columns-4 is-cropped wp-block-gallery-8 is-layout-flex wp-block-gallery-is-layout-flex\">\n<figure class=\"wp-block-image size-large\"><a href=\"https:\/\/ensemble-paroissial-reynies.fr\/wp-content\/uploads\/Cr\u00e8ches\/Cr\u00e8ches_2024\/P1000622m-scaled.jpg\"><img loading=\"lazy\" decoding=\"async\" width=\"1024\" height=\"920\" data-id=\"3005\" src=\"https:\/\/ensemble-paroissial-reynies.fr\/wp-content\/uploads\/Cr\u00e8ches\/Cr\u00e8ches_2024\/P1000622m-1024x920.jpg\" alt=\"\" class=\"wp-image-3005\" srcset=\"https:\/\/ensemble-paroissial-reynies.fr\/wp-content\/uploads\/Cr\u00e8ches\/Cr\u00e8ches_2024\/P1000622m-1024x920.jpg 1024w, https:\/\/ensemble-paroissial-reynies.fr\/wp-content\/uploads\/Cr\u00e8ches\/Cr\u00e8ches_2024\/P1000622m-300x269.jpg 300w, https:\/\/ensemble-paroissial-reynies.fr\/wp-content\/uploads\/Cr\u00e8ches\/Cr\u00e8ches_2024\/P1000622m-768x690.jpg 768w, https:\/\/ensemble-paroissial-reynies.fr\/wp-content\/uploads\/Cr\u00e8ches\/Cr\u00e8ches_2024\/P1000622m-1536x1380.jpg 1536w, https:\/\/ensemble-paroissial-reynies.fr\/wp-content\/uploads\/Cr\u00e8ches\/Cr\u00e8ches_2024\/P1000622m-2048x1840.jpg 2048w\" sizes=\"auto, (max-width: 1024px) 100vw, 1024px\" \/><\/a><\/figure>\n\n\n\n<figure class=\"wp-block-image size-large\"><a href=\"https:\/\/ensemble-paroissial-reynies.fr\/wp-content\/uploads\/Cr\u00e8ches\/Cr\u00e8ches_2024\/P1000623-scaled.jpg\"><img loading=\"lazy\" decoding=\"async\" width=\"1024\" height=\"769\" data-id=\"3010\" src=\"https:\/\/ensemble-paroissial-reynies.fr\/wp-content\/uploads\/Cr\u00e8ches\/Cr\u00e8ches_2024\/P1000623-1024x769.jpg\" alt=\"\" class=\"wp-image-3010\" srcset=\"https:\/\/ensemble-paroissial-reynies.fr\/wp-content\/uploads\/Cr\u00e8ches\/Cr\u00e8ches_2024\/P1000623-1024x769.jpg 1024w, https:\/\/ensemble-paroissial-reynies.fr\/wp-content\/uploads\/Cr\u00e8ches\/Cr\u00e8ches_2024\/P1000623-300x225.jpg 300w, https:\/\/ensemble-paroissial-reynies.fr\/wp-content\/uploads\/Cr\u00e8ches\/Cr\u00e8ches_2024\/P1000623-768x577.jpg 768w, https:\/\/ensemble-paroissial-reynies.fr\/wp-content\/uploads\/Cr\u00e8ches\/Cr\u00e8ches_2024\/P1000623-1536x1153.jpg 1536w, https:\/\/ensemble-paroissial-reynies.fr\/wp-content\/uploads\/Cr\u00e8ches\/Cr\u00e8ches_2024\/P1000623-2048x1538.jpg 2048w\" sizes=\"auto, (max-width: 1024px) 100vw, 1024px\" \/><\/a><\/figure>\n\n\n\n<figure class=\"wp-block-image size-large\"><a href=\"https:\/\/ensemble-paroissial-reynies.fr\/wp-content\/uploads\/Cr\u00e8ches\/Cr\u00e8ches_2024\/P1000625-scaled.jpg\"><img loading=\"lazy\" decoding=\"async\" width=\"1024\" height=\"769\" data-id=\"3008\" src=\"https:\/\/ensemble-paroissial-reynies.fr\/wp-content\/uploads\/Cr\u00e8ches\/Cr\u00e8ches_2024\/P1000625-1024x769.jpg\" alt=\"\" class=\"wp-image-3008\" srcset=\"https:\/\/ensemble-paroissial-reynies.fr\/wp-content\/uploads\/Cr\u00e8ches\/Cr\u00e8ches_2024\/P1000625-1024x769.jpg 1024w, https:\/\/ensemble-paroissial-reynies.fr\/wp-content\/uploads\/Cr\u00e8ches\/Cr\u00e8ches_2024\/P1000625-300x225.jpg 300w, https:\/\/ensemble-paroissial-reynies.fr\/wp-content\/uploads\/Cr\u00e8ches\/Cr\u00e8ches_2024\/P1000625-768x577.jpg 768w, https:\/\/ensemble-paroissial-reynies.fr\/wp-content\/uploads\/Cr\u00e8ches\/Cr\u00e8ches_2024\/P1000625-1536x1153.jpg 1536w, https:\/\/ensemble-paroissial-reynies.fr\/wp-content\/uploads\/Cr\u00e8ches\/Cr\u00e8ches_2024\/P1000625-2048x1538.jpg 2048w\" sizes=\"auto, (max-width: 1024px) 100vw, 1024px\" \/><\/a><\/figure>\n\n\n\n<figure class=\"wp-block-image size-large\"><a href=\"https:\/\/ensemble-paroissial-reynies.fr\/wp-content\/uploads\/Cr\u00e8ches\/Cr\u00e8ches_2024\/P1000624-scaled.jpg\"><img loading=\"lazy\" decoding=\"async\" width=\"1024\" height=\"769\" data-id=\"3007\" src=\"https:\/\/ensemble-paroissial-reynies.fr\/wp-content\/uploads\/Cr\u00e8ches\/Cr\u00e8ches_2024\/P1000624-1024x769.jpg\" alt=\"\" class=\"wp-image-3007\" srcset=\"https:\/\/ensemble-paroissial-reynies.fr\/wp-content\/uploads\/Cr\u00e8ches\/Cr\u00e8ches_2024\/P1000624-1024x769.jpg 1024w, https:\/\/ensemble-paroissial-reynies.fr\/wp-content\/uploads\/Cr\u00e8ches\/Cr\u00e8ches_2024\/P1000624-300x225.jpg 300w, https:\/\/ensemble-paroissial-reynies.fr\/wp-content\/uploads\/Cr\u00e8ches\/Cr\u00e8ches_2024\/P1000624-768x577.jpg 768w, https:\/\/ensemble-paroissial-reynies.fr\/wp-content\/uploads\/Cr\u00e8ches\/Cr\u00e8ches_2024\/P1000624-1536x1153.jpg 1536w, https:\/\/ensemble-paroissial-reynies.fr\/wp-content\/uploads\/Cr\u00e8ches\/Cr\u00e8ches_2024\/P1000624-2048x1538.jpg 2048w\" sizes=\"auto, (max-width: 1024px) 100vw, 1024px\" \/><\/a><\/figure>\n<\/figure>\n\n\n\n<div style=\"height:20px\" aria-hidden=\"true\" class=\"wp-block-spacer\"><\/div>\n\n\n\n<p><em>Chantons<\/em>\u00a0: Douce nuit (<a href=\"https:\/\/www.youtube.com\/watch?v=pu55DXQTz0I\" target=\"_blank\" rel=\"noreferrer noopener\">h<\/a><a href=\"https:\/\/www.youtube.com\/watch?v=obUzfJe_W9c\" target=\"_blank\" rel=\"noreferrer noopener\">ttps:\/\/www.youtube.com\/watch?v=obUzfJe_W9c<\/a> )<\/p>\n\n\n\n<p><em>Prions<\/em><\/p>\n\n\n\n<p>\u00d4 J\u00e9sus qui avez pouss\u00e9 l\u2019amour de la pauvret\u00e9 jusqu\u2019\u00e0 vouloir na\u00eetre dans une \u00e9table, n\u2019ayant pour berceau qu\u2019une mis\u00e9rable cr\u00e8che et qu\u2019un peu de paille pour couchette, accordez-moi la gr\u00e2ce d\u2019aimer la pauvret\u00e9 et de m\u00e9priser tous les biens de la terre pour ne plus m\u2019attacher qu\u2019aux biens imp\u00e9rissables du ciel. Faites que je comprenne bien cette parole de votre \u00c9vangile : \u00ab Bienheureux les pauvres en esprit, parce que le royaume des Cieux est \u00e0 eux ! \u00bb<br>\u00d4 Marie ! \u00d4 la plus pauvre des servantes du seigneur, priez pour moi afin que mon c\u0153ur se d\u00e9tache des biens de la terre et qu\u2019\u00e9tant bien vide de toutes les choses de ce monde, il puisse s\u2019enrichir des tr\u00e9sors de la gr\u00e2ce et se remplir de toutes les vertus.<br>Et vous, bienheureux Saint Joseph qui pr\u00e9parez avec amour le berceau de l\u2019enfant J\u00e9sus dans cette pauvre \u00e9table, aidez-moi \u00e0 pr\u00e9parer mon c\u0153ur qui est destin\u00e9 \u00e0 \u00eatre la demeure du divin Enfant et que je suppl\u00e9e ainsi par ma ferveur et mon amour \u00e0 mon d\u00e9nuement et \u00e0 ma pauvret\u00e9.<br>Puiss\u00e9-je \u00e0 l\u2019exemple des bergers, \u00eatre toujours pr\u00eat \u00e0 venir dans cette \u00e9table b\u00e9nie pour y reconna\u00eetre et y adorer Celui que les anges adorent et contemplent dans le Ciel. Puiss\u00e9-je aussi, \u00e0 l\u2019exemple des rois mages, \u00eatre fid\u00e8le \u00e0 la gr\u00e2ce de Dieu, surmonter avec courage les difficult\u00e9s qui s\u2019opposent \u00e0 mon union avec Lui et apporter comme eux au divin Enfant les pr\u00e9sents de mon esprit par la foi, de mon c\u0153ur par l\u2019amour, de mon corps par l\u2019ob\u00e9issance.<br>Et vous, Saint Enfant J\u00e9sus, que j\u2019aime \u00e0 vous voir, \u00e0 vous contempler dans ce pauvre lieu ! Comme vous avez bien fait de na\u00eetre dans cette \u00e9table ! L\u00e0, votre acc\u00e8s est facile, tout le monde a le droit de venir vous visiter et vous le voulez ainsi pour recevoir tout le monde. Si vous naissez ainsi pauvre, c\u2019est pour m\u2019apprendre que le premier pas dans la vie parfaite est la pauvret\u00e9. Je l\u2019embrasse donc avec joie et amour. Cette belle pauvret\u00e9, je veux en faire ma vertu ch\u00e9rie. Ce sera la premi\u00e8re de mes vertus. Puisque c\u2019est par elle que vous venez \u00e0 moi, c\u2019est aussi par elle que je veux aller \u00e0 vous.<\/p>\n\n\n\n<div class=\"wp-block-group is-nowrap is-layout-flex wp-container-core-group-is-layout-ad2f72ca wp-block-group-is-layout-flex\">\n<figure class=\"wp-block-image size-full is-resized\"><a href=\"https:\/\/ensemble-paroissial-reynies.fr\/wp-content\/uploads\/eglise_orgueil\/vitraux\/saint_ferreol.jpg\"><img loading=\"lazy\" decoding=\"async\" width=\"600\" height=\"800\" src=\"https:\/\/ensemble-paroissial-reynies.fr\/wp-content\/uploads\/eglise_orgueil\/vitraux\/saint_ferreol.jpg\" alt=\"\" class=\"wp-image-152\" style=\"width:502px;height:auto\" srcset=\"https:\/\/ensemble-paroissial-reynies.fr\/wp-content\/uploads\/eglise_orgueil\/vitraux\/saint_ferreol.jpg 600w, https:\/\/ensemble-paroissial-reynies.fr\/wp-content\/uploads\/eglise_orgueil\/vitraux\/saint_ferreol-225x300.jpg 225w\" sizes=\"auto, (max-width: 600px) 100vw, 600px\" \/><\/a><figcaption class=\"wp-element-caption\">Saint Ferr\u00e9ol     <\/figcaption><\/figure>\n\n\n\n<div class=\"wp-block-group is-vertical is-layout-flex wp-container-core-group-is-layout-8cf370e7 wp-block-group-is-layout-flex\">\n<p><em>Avec saint Ferr\u00e9ol patron de l\u2019\u00e9glise de Orgueil, qui a eu la force de souffrir \u00e0 cause Christ, prions<\/em><\/p>\n\n\n\n<p>Seigneur J\u00e9sus, merci pour No\u00ebl. Merci de venir vers moi, de venir dans ma vie. Ma vie sans Toi est comme la cr\u00e8che vide. Viens demeurer chez moi. Chaque jour, prends de plus en plus de place dans ma vie.<br>Je sais d\u00e9j\u00e0, Seigneur, que si Tu es au centre de ma vie, tout le reste petit \u00e0 petit se met \u00e0 sa place. Merci de me faire un signe par Ta naissance dans la pauvret\u00e9.<br>Gr\u00e2ce \u00e0 Toi je comprends mieux que mon bonheur n\u2019est pas dans l\u2019\u00ab avoir \u00bb mais dans l\u2019\u00ab\u00eatre \u00bb.<br>Gr\u00e2ce \u00e0 Toi j\u2019apprends jours apr\u00e8s jours \u00e0 ne pas trop encombrer mon c\u0153ur. Toi seul suffis.<br>Je Te donne toute ma vie et la vie de ceux qui me sont chers. Je veux Te rendre gr\u00e2ce pour tout et en toutes circonstances.<br>Apprends-moi \u00e0 Te dire chaque matin :\u00ab J\u00e9sus, j\u2019ai confiance en Toi \u00bb. Fais de-moi Ton disciple. Envoie-moi annoncer Ton \u00c9vangile. Apprends-moi \u00e0 Te servir dans mes fr\u00e8res. Que personne autour de moi ne se sente seul ou malheureux par mon \u00e9go\u00efsme ou mon indiff\u00e9rence.<br>Avec les anges je Te chante aujourd\u2019hui :\u00ab Gloire \u00e0 Dieu au plus haut des cieux et paix sur la terre aux hommes qu\u2019Il aime \u00bb.<br>Amen.<\/p>\n<\/div>\n<\/div>\n\n\n\n<p>Avant de partir pour la derni\u00e8re \u00e9tape de notre route, parcourons l&rsquo;\u00e9glise : <a href=\"https:\/\/ensemble-paroissial-reynies.fr\/?page_id=11\" target=\"_blank\" rel=\"noreferrer noopener\">https:\/\/ensemble-paroissial-reynies.fr\/?page_id=11<\/a> <\/p>\n<\/details>\n\n\n\n<hr class=\"wp-block-separator has-alpha-channel-opacity\"\/>\n\n\n\n<div class=\"wp-block-group is-nowrap is-layout-flex wp-container-core-group-is-layout-ad2f72ca wp-block-group-is-layout-flex\">\n<figure class=\"wp-block-image size-large is-resized\"><a href=\"https:\/\/ensemble-paroissial-reynies.fr\/wp-content\/uploads\/Page_accueil\/dsc03459m-1-scaled-1.jpg\"><img loading=\"lazy\" decoding=\"async\" width=\"1024\" height=\"544\" src=\"https:\/\/ensemble-paroissial-reynies.fr\/wp-content\/uploads\/Page_accueil\/dsc03459m-1-scaled-1-1024x544.jpg\" alt=\"\" class=\"wp-image-612\" style=\"width:414px;height:auto\" srcset=\"https:\/\/ensemble-paroissial-reynies.fr\/wp-content\/uploads\/Page_accueil\/dsc03459m-1-scaled-1-1024x544.jpg 1024w, https:\/\/ensemble-paroissial-reynies.fr\/wp-content\/uploads\/Page_accueil\/dsc03459m-1-scaled-1-300x159.jpg 300w, https:\/\/ensemble-paroissial-reynies.fr\/wp-content\/uploads\/Page_accueil\/dsc03459m-1-scaled-1-768x408.jpg 768w, https:\/\/ensemble-paroissial-reynies.fr\/wp-content\/uploads\/Page_accueil\/dsc03459m-1-scaled-1-1536x817.jpg 1536w, https:\/\/ensemble-paroissial-reynies.fr\/wp-content\/uploads\/Page_accueil\/dsc03459m-1-scaled-1-2048x1089.jpg 2048w\" sizes=\"auto, (max-width: 1024px) 100vw, 1024px\" \/><\/a><\/figure>\n\n\n\n<p><strong><em>Revenons maintenant \u00e0 notre point de d\u00e9part en revenant sur nos pas sur La D930. Au rond-point de Videlfau nous prenons \u00e0 droite pour franchir le Tarn par le pont de Reyni\u00e8s et nous allons nous garer sur le parking derri\u00e8re l&rsquo;\u00e9glise.<br>Ouvrons la porte de l\u2019\u00e9glise Sainte-Anne pour un dernier chant et des derni\u00e8res pri\u00e8res<\/em><\/strong> <strong>devant la cr\u00e8che<\/strong><\/p>\n<\/div>\n\n\n\n<div style=\"height:13px\" aria-hidden=\"true\" class=\"wp-block-spacer\"><\/div>\n\n\n\n<details class=\"wp-block-details is-layout-flow wp-block-details-is-layout-flow\"><summary>Reyni\u00e8s &#8211; \u00c9glise Sainte-Anne<\/summary>\n<div style=\"height:13px\" aria-hidden=\"true\" class=\"wp-block-spacer\"><\/div>\n\n\n\n<div class=\"wp-block-group is-nowrap is-layout-flex wp-container-core-group-is-layout-ad2f72ca wp-block-group-is-layout-flex\">\n<figure class=\"wp-block-image size-large is-resized\"><a href=\"https:\/\/ensemble-paroissial-reynies.fr\/wp-content\/uploads\/Cr\u00e8ches\/Cr\u00e8ches_2024\/P1000628-scaled.jpg\"><img loading=\"lazy\" decoding=\"async\" width=\"1024\" height=\"769\" src=\"https:\/\/ensemble-paroissial-reynies.fr\/wp-content\/uploads\/Cr\u00e8ches\/Cr\u00e8ches_2024\/P1000628-1024x769.jpg\" alt=\"\" class=\"wp-image-3037\" style=\"width:392px;height:auto\" srcset=\"https:\/\/ensemble-paroissial-reynies.fr\/wp-content\/uploads\/Cr\u00e8ches\/Cr\u00e8ches_2024\/P1000628-1024x769.jpg 1024w, https:\/\/ensemble-paroissial-reynies.fr\/wp-content\/uploads\/Cr\u00e8ches\/Cr\u00e8ches_2024\/P1000628-300x225.jpg 300w, https:\/\/ensemble-paroissial-reynies.fr\/wp-content\/uploads\/Cr\u00e8ches\/Cr\u00e8ches_2024\/P1000628-768x577.jpg 768w, https:\/\/ensemble-paroissial-reynies.fr\/wp-content\/uploads\/Cr\u00e8ches\/Cr\u00e8ches_2024\/P1000628-1536x1153.jpg 1536w, https:\/\/ensemble-paroissial-reynies.fr\/wp-content\/uploads\/Cr\u00e8ches\/Cr\u00e8ches_2024\/P1000628-2048x1538.jpg 2048w\" sizes=\"auto, (max-width: 1024px) 100vw, 1024px\" \/><\/a><\/figure>\n\n\n\n<div class=\"wp-block-group is-vertical is-layout-flex wp-container-core-group-is-layout-8cf370e7 wp-block-group-is-layout-flex\">\n<p>Entrons dans l&rsquo;\u00e9glise, avan\u00e7ons nous, la cr\u00e8che est devant l&rsquo;autel<\/p>\n\n\n\n<p><em>Chantons<\/em>\u00a0: Dans l\u2019ombre d\u2019une \u00e9table (<a href=\"https:\/\/www.youtube.com\/watch?v=X1qTNsoFX3I&amp;list=PL1nL8HRRj6UPVWZXz9Za4fF9cyRtK51N0&amp;index=5\" target=\"_blank\" rel=\"noreferrer noopener\">https:\/\/www.youtube.com\/watch?v=X1qTNsoFX3I&amp;list=PL1nL8HRRj6UPVWZXz9Za4fF9cyRtK51N0&amp;index=5<\/a> )<\/p>\n<\/div>\n<\/div>\n\n\n\n<div style=\"height:30px\" aria-hidden=\"true\" class=\"wp-block-spacer\"><\/div>\n\n\n\n<figure class=\"wp-block-gallery has-nested-images columns-default is-cropped wp-block-gallery-9 is-layout-flex wp-block-gallery-is-layout-flex\">\n<figure class=\"wp-block-image size-large\"><a href=\"https:\/\/ensemble-paroissial-reynies.fr\/wp-content\/uploads\/Cr\u00e8ches\/Cr\u00e8ches_2024\/P1000630-scaled.jpg\"><img loading=\"lazy\" decoding=\"async\" width=\"1024\" height=\"769\" data-id=\"3039\" src=\"https:\/\/ensemble-paroissial-reynies.fr\/wp-content\/uploads\/Cr\u00e8ches\/Cr\u00e8ches_2024\/P1000630-1024x769.jpg\" alt=\"\" class=\"wp-image-3039\" srcset=\"https:\/\/ensemble-paroissial-reynies.fr\/wp-content\/uploads\/Cr\u00e8ches\/Cr\u00e8ches_2024\/P1000630-1024x769.jpg 1024w, https:\/\/ensemble-paroissial-reynies.fr\/wp-content\/uploads\/Cr\u00e8ches\/Cr\u00e8ches_2024\/P1000630-300x225.jpg 300w, https:\/\/ensemble-paroissial-reynies.fr\/wp-content\/uploads\/Cr\u00e8ches\/Cr\u00e8ches_2024\/P1000630-768x577.jpg 768w, https:\/\/ensemble-paroissial-reynies.fr\/wp-content\/uploads\/Cr\u00e8ches\/Cr\u00e8ches_2024\/P1000630-1536x1153.jpg 1536w, https:\/\/ensemble-paroissial-reynies.fr\/wp-content\/uploads\/Cr\u00e8ches\/Cr\u00e8ches_2024\/P1000630-2048x1538.jpg 2048w\" sizes=\"auto, (max-width: 1024px) 100vw, 1024px\" \/><\/a><\/figure>\n\n\n\n<figure class=\"wp-block-image size-large\"><a href=\"https:\/\/ensemble-paroissial-reynies.fr\/wp-content\/uploads\/Cr\u00e8ches\/Cr\u00e8ches_2024\/P1000633-scaled.jpg\"><img loading=\"lazy\" decoding=\"async\" width=\"1024\" height=\"769\" data-id=\"3040\" src=\"https:\/\/ensemble-paroissial-reynies.fr\/wp-content\/uploads\/Cr\u00e8ches\/Cr\u00e8ches_2024\/P1000633-1024x769.jpg\" alt=\"\" class=\"wp-image-3040\" srcset=\"https:\/\/ensemble-paroissial-reynies.fr\/wp-content\/uploads\/Cr\u00e8ches\/Cr\u00e8ches_2024\/P1000633-1024x769.jpg 1024w, https:\/\/ensemble-paroissial-reynies.fr\/wp-content\/uploads\/Cr\u00e8ches\/Cr\u00e8ches_2024\/P1000633-300x225.jpg 300w, https:\/\/ensemble-paroissial-reynies.fr\/wp-content\/uploads\/Cr\u00e8ches\/Cr\u00e8ches_2024\/P1000633-768x577.jpg 768w, https:\/\/ensemble-paroissial-reynies.fr\/wp-content\/uploads\/Cr\u00e8ches\/Cr\u00e8ches_2024\/P1000633-1536x1153.jpg 1536w, https:\/\/ensemble-paroissial-reynies.fr\/wp-content\/uploads\/Cr\u00e8ches\/Cr\u00e8ches_2024\/P1000633-2048x1538.jpg 2048w\" sizes=\"auto, (max-width: 1024px) 100vw, 1024px\" \/><\/a><\/figure>\n\n\n\n<figure class=\"wp-block-image size-large\"><a href=\"https:\/\/ensemble-paroissial-reynies.fr\/wp-content\/uploads\/Cr\u00e8ches\/Cr\u00e8ches_2024\/P1000632-scaled.jpg\"><img loading=\"lazy\" decoding=\"async\" width=\"1024\" height=\"769\" data-id=\"3042\" src=\"https:\/\/ensemble-paroissial-reynies.fr\/wp-content\/uploads\/Cr\u00e8ches\/Cr\u00e8ches_2024\/P1000632-1024x769.jpg\" alt=\"\" class=\"wp-image-3042\" srcset=\"https:\/\/ensemble-paroissial-reynies.fr\/wp-content\/uploads\/Cr\u00e8ches\/Cr\u00e8ches_2024\/P1000632-1024x769.jpg 1024w, https:\/\/ensemble-paroissial-reynies.fr\/wp-content\/uploads\/Cr\u00e8ches\/Cr\u00e8ches_2024\/P1000632-300x225.jpg 300w, https:\/\/ensemble-paroissial-reynies.fr\/wp-content\/uploads\/Cr\u00e8ches\/Cr\u00e8ches_2024\/P1000632-768x577.jpg 768w, https:\/\/ensemble-paroissial-reynies.fr\/wp-content\/uploads\/Cr\u00e8ches\/Cr\u00e8ches_2024\/P1000632-1536x1153.jpg 1536w, https:\/\/ensemble-paroissial-reynies.fr\/wp-content\/uploads\/Cr\u00e8ches\/Cr\u00e8ches_2024\/P1000632-2048x1538.jpg 2048w\" sizes=\"auto, (max-width: 1024px) 100vw, 1024px\" \/><\/a><\/figure>\n\n\n\n<figure class=\"wp-block-image size-large\"><a href=\"https:\/\/ensemble-paroissial-reynies.fr\/wp-content\/uploads\/Cr\u00e8ches\/Cr\u00e8ches_2024\/P1000634-scaled.jpg\"><img loading=\"lazy\" decoding=\"async\" width=\"1024\" height=\"769\" data-id=\"3043\" src=\"https:\/\/ensemble-paroissial-reynies.fr\/wp-content\/uploads\/Cr\u00e8ches\/Cr\u00e8ches_2024\/P1000634-1024x769.jpg\" alt=\"\" class=\"wp-image-3043\" srcset=\"https:\/\/ensemble-paroissial-reynies.fr\/wp-content\/uploads\/Cr\u00e8ches\/Cr\u00e8ches_2024\/P1000634-1024x769.jpg 1024w, https:\/\/ensemble-paroissial-reynies.fr\/wp-content\/uploads\/Cr\u00e8ches\/Cr\u00e8ches_2024\/P1000634-300x225.jpg 300w, https:\/\/ensemble-paroissial-reynies.fr\/wp-content\/uploads\/Cr\u00e8ches\/Cr\u00e8ches_2024\/P1000634-768x577.jpg 768w, https:\/\/ensemble-paroissial-reynies.fr\/wp-content\/uploads\/Cr\u00e8ches\/Cr\u00e8ches_2024\/P1000634-1536x1153.jpg 1536w, https:\/\/ensemble-paroissial-reynies.fr\/wp-content\/uploads\/Cr\u00e8ches\/Cr\u00e8ches_2024\/P1000634-2048x1538.jpg 2048w\" sizes=\"auto, (max-width: 1024px) 100vw, 1024px\" \/><\/a><\/figure>\n\n\n\n<figure class=\"wp-block-image size-large\"><a href=\"https:\/\/ensemble-paroissial-reynies.fr\/wp-content\/uploads\/Cr\u00e8ches\/Cr\u00e8ches_2024\/P1000635-scaled.jpg\"><img loading=\"lazy\" decoding=\"async\" width=\"1024\" height=\"769\" data-id=\"3041\" src=\"https:\/\/ensemble-paroissial-reynies.fr\/wp-content\/uploads\/Cr\u00e8ches\/Cr\u00e8ches_2024\/P1000635-1024x769.jpg\" alt=\"\" class=\"wp-image-3041\" srcset=\"https:\/\/ensemble-paroissial-reynies.fr\/wp-content\/uploads\/Cr\u00e8ches\/Cr\u00e8ches_2024\/P1000635-1024x769.jpg 1024w, https:\/\/ensemble-paroissial-reynies.fr\/wp-content\/uploads\/Cr\u00e8ches\/Cr\u00e8ches_2024\/P1000635-300x225.jpg 300w, https:\/\/ensemble-paroissial-reynies.fr\/wp-content\/uploads\/Cr\u00e8ches\/Cr\u00e8ches_2024\/P1000635-768x577.jpg 768w, https:\/\/ensemble-paroissial-reynies.fr\/wp-content\/uploads\/Cr\u00e8ches\/Cr\u00e8ches_2024\/P1000635-1536x1153.jpg 1536w, https:\/\/ensemble-paroissial-reynies.fr\/wp-content\/uploads\/Cr\u00e8ches\/Cr\u00e8ches_2024\/P1000635-2048x1538.jpg 2048w\" sizes=\"auto, (max-width: 1024px) 100vw, 1024px\" \/><\/a><\/figure>\n\n\n\n<figure class=\"wp-block-image size-large\"><a href=\"https:\/\/ensemble-paroissial-reynies.fr\/wp-content\/uploads\/Cr\u00e8ches\/Cr\u00e8ches_2024\/P1000631-scaled.jpg\"><img loading=\"lazy\" decoding=\"async\" width=\"1024\" height=\"769\" data-id=\"3038\" src=\"https:\/\/ensemble-paroissial-reynies.fr\/wp-content\/uploads\/Cr\u00e8ches\/Cr\u00e8ches_2024\/P1000631-1024x769.jpg\" alt=\"\" class=\"wp-image-3038\" srcset=\"https:\/\/ensemble-paroissial-reynies.fr\/wp-content\/uploads\/Cr\u00e8ches\/Cr\u00e8ches_2024\/P1000631-1024x769.jpg 1024w, https:\/\/ensemble-paroissial-reynies.fr\/wp-content\/uploads\/Cr\u00e8ches\/Cr\u00e8ches_2024\/P1000631-300x225.jpg 300w, https:\/\/ensemble-paroissial-reynies.fr\/wp-content\/uploads\/Cr\u00e8ches\/Cr\u00e8ches_2024\/P1000631-768x577.jpg 768w, https:\/\/ensemble-paroissial-reynies.fr\/wp-content\/uploads\/Cr\u00e8ches\/Cr\u00e8ches_2024\/P1000631-1536x1153.jpg 1536w, https:\/\/ensemble-paroissial-reynies.fr\/wp-content\/uploads\/Cr\u00e8ches\/Cr\u00e8ches_2024\/P1000631-2048x1538.jpg 2048w\" sizes=\"auto, (max-width: 1024px) 100vw, 1024px\" \/><\/a><\/figure>\n<\/figure>\n\n\n\n<div style=\"height:26px\" aria-hidden=\"true\" class=\"wp-block-spacer\"><\/div>\n\n\n\n<p><em>Prions<\/em><\/p>\n\n\n\n<p>O J\u00e9sus, vrai Dieu et vrai homme, je t\u2019adore au moment de ton entr\u00e9e dans notre monde.<br>D\u00e8s le premier instant de ta vie, tu rends \u00e0 ton P\u00e8re son regard plein d\u2019amour et tu nous invites \u00e0 faire de m\u00eame. Avec toi, je veux Le louer pour son amour.<br>D\u00e8s cet instant tu aimes Marie, tu la combles de gr\u00e2ces, de lumi\u00e8re et de saintet\u00e9. Elle te r\u00e9pond avec toute la force de son amour de maman.<br>Marie, s\u2019il te pla\u00eet, fais-moi communier au m\u00eame amour que tu portes \u00e0 ton Fils.<br>\u00d4 J\u00e9sus, tu m\u2019aimes depuis toujours, tu veux vivre pour moi et m\u00eame avoir une place dans ma vie. Tu as un grand d\u00e9sir de m\u2019unir \u00e0 toi. Merci pour ce projet d\u2019amour. Pardonne-moi mes r\u00e9sistances \u00e0 t\u2019accueillir, donne-moi gr\u00e2ce et force, pour te laisser vivre en moi.<br>Amen<\/p>\n\n\n\n<p><em>Devant cette cr\u00e8che prions avec les mots enseign\u00e9s par j\u00e9sus<\/em><\/p>\n\n\n\n<p>Notre P\u00e8re, qui es aux cieux, que ton nom soit sanctifi\u00e9, que ton r\u00e8gne vienne, que ta volont\u00e9 soit faite sur la terre comme au ciel. Donne-nous aujourd\u2019hui notre pain de ce jour. Pardonne-nous nos offenses, comme nous pardonnons aussi \u00e0 ceux qui nous ont offens\u00e9s. Et ne nous laisse pas entrer en tentation mais d\u00e9livre-nous du Mal. Amen<\/p>\n\n\n\n<p><em>Sainte Anne nous t\u2019avons pri\u00e9 au d\u00e9but de notre route, nous avons pri\u00e9 devant ta sainte Famille dans chaque \u00e9glise de notre ensemble paroissial. Nous te remercions pour nous avoir accompagn\u00e9 sur ce chemin, nous te remercions de nous avoir donn\u00e9 Marie la m\u00e8re de notre Sauveur, Marie que nous allons prier\u00a0:<\/em><\/p>\n\n\n\n<div class=\"wp-block-group is-nowrap is-layout-flex wp-container-core-group-is-layout-ad2f72ca wp-block-group-is-layout-flex\">\n<figure class=\"wp-block-image size-large is-resized\"><a href=\"https:\/\/ensemble-paroissial-reynies.fr\/wp-content\/uploads\/eglise_reynies\/IMG_20190211_202022-scaled.jpg\"><img loading=\"lazy\" decoding=\"async\" width=\"768\" height=\"1024\" src=\"https:\/\/ensemble-paroissial-reynies.fr\/wp-content\/uploads\/eglise_reynies\/IMG_20190211_202022-scaled-768x1024.jpg\" alt=\"\" class=\"wp-image-1719\" style=\"width:355px;height:auto\" srcset=\"https:\/\/ensemble-paroissial-reynies.fr\/wp-content\/uploads\/eglise_reynies\/IMG_20190211_202022-scaled-768x1024.jpg 768w, https:\/\/ensemble-paroissial-reynies.fr\/wp-content\/uploads\/eglise_reynies\/IMG_20190211_202022-scaled-225x300.jpg 225w, https:\/\/ensemble-paroissial-reynies.fr\/wp-content\/uploads\/eglise_reynies\/IMG_20190211_202022-scaled-1152x1536.jpg 1152w, https:\/\/ensemble-paroissial-reynies.fr\/wp-content\/uploads\/eglise_reynies\/IMG_20190211_202022-scaled-1536x2048.jpg 1536w, https:\/\/ensemble-paroissial-reynies.fr\/wp-content\/uploads\/eglise_reynies\/IMG_20190211_202022-scaled.jpg 1920w\" sizes=\"auto, (max-width: 768px) 100vw, 768px\" \/><\/a><\/figure>\n\n\n\n<p>Je vous salue Marie pleine de gr\u00e2ces, le Seigneur est avec vous, vous \u00eates b\u00e9nie entre toutes les femmes et J\u00e9sus le fruit de nos entrailles est b\u00e9ni. Sainte marie M\u00e8re de Dieu priez pour nous pauvres p\u00eacheurs maintenant et \u00e0 l\u2019heure de notre mort, ainsi-soit-il<\/p>\n<\/div>\n<\/details>\n\n\n\n<hr class=\"wp-block-separator has-alpha-channel-opacity\"\/>\n\n\n\n<p><strong>Cette route virtuelle est termin\u00e9e, mais rien ne vous emp\u00eache de la refaire car elle est sera toujours disponible. Et bien s\u00fbr n&rsquo;h\u00e9sitez pas \u00e0 vous rendre dans chacune de ces \u00e9glises dont nous avons ouvert la porte virtuellement pour vous recueillir dans le silence et la paix aupr\u00e8s du Seigneur. Au moins une fois par mois une Messe y est c\u00e9l\u00e9br\u00e9e, une occasion pour venir les d\u00e9couvrir.<\/strong><\/p>\n\n\n\n<hr class=\"wp-block-separator has-alpha-channel-opacity\"\/>\n","protected":false},"excerpt":{"rendered":"<p>Traditionnellement, le 1re ou le 2e week-end de janvier il est organis\u00e9 une route des cr\u00e8ches, nous nous retrouvons pour parcourir les routes de l&rsquo;ensemble paroissial en nous arr\u00eatant dans chaque \u00e9glise pour prier devant la cr\u00e8che. Cette ann\u00e9e cette route ne pouvait \u00eatre organis\u00e9e et nous vous proposons une route virtuelle. Ainsi vous pouvez &#8230; <a title=\"Route (virtuelle) des cr\u00e8ches &#8211; Janvier 2025\" class=\"read-more\" href=\"https:\/\/ensemble-paroissial-reynies.fr\/?p=3282\" aria-label=\"En savoir plus sur Route (virtuelle) des cr\u00e8ches &#8211; Janvier 2025\">Lire la suite<\/a><\/p>\n","protected":false},"author":4,"featured_media":3281,"comment_status":"closed","ping_status":"closed","sticky":false,"template":"","format":"standard","meta":{"_eb_attr":"","pgc_sgb_lightbox_settings":"","footnotes":""},"categories":[46,42],"tags":[],"class_list":["post-3282","post","type-post","status-publish","format-standard","has-post-thumbnail","hentry","category-46","category-archives"],"yoast_head":"<!-- This site is optimized with the Yoast SEO plugin v27.5 - https:\/\/yoast.com\/product\/yoast-seo-wordpress\/ -->\n<title>Route (virtuelle) des cr\u00e8ches - Janvier 2025 - Ensemble paroissial de Reyni\u00e8s<\/title>\n<meta name=\"description\" content=\"Ensemble paroissial de Reyni\u00e8s - Ensemble paroissial de Reyni\u00e8s Archives\" \/>\n<meta name=\"robots\" content=\"index, follow, max-snippet:-1, max-image-preview:large, max-video-preview:-1\" \/>\n<link rel=\"canonical\" href=\"https:\/\/ensemble-paroissial-reynies.fr\/?p=3282\" \/>\n<meta property=\"og:locale\" content=\"fr_FR\" \/>\n<meta property=\"og:type\" content=\"article\" \/>\n<meta property=\"og:title\" content=\"Route (virtuelle) des cr\u00e8ches - Janvier 2025 - Ensemble paroissial de Reyni\u00e8s\" \/>\n<meta property=\"og:description\" content=\"Ensemble paroissial de Reyni\u00e8s - Ensemble paroissial de Reyni\u00e8s Archives\" \/>\n<meta property=\"og:url\" content=\"https:\/\/ensemble-paroissial-reynies.fr\/?p=3282\" \/>\n<meta property=\"og:site_name\" content=\"Ensemble paroissial de Reyni\u00e8s\" \/>\n<meta property=\"article:published_time\" content=\"2025-01-05T17:22:33+00:00\" \/>\n<meta property=\"article:modified_time\" content=\"2025-03-02T10:18:18+00:00\" \/>\n<meta property=\"og:image\" content=\"https:\/\/ensemble-paroissial-reynies.fr\/wp-content\/uploads\/Cr\u00e8ches\/Cr\u00e8ches_2024\/rte_creches_012025.jpg\" \/>\n\t<meta property=\"og:image:width\" content=\"85\" \/>\n\t<meta property=\"og:image:height\" content=\"120\" \/>\n\t<meta property=\"og:image:type\" content=\"image\/jpeg\" \/>\n<meta name=\"author\" content=\"EPReynies\" \/>\n<meta name=\"twitter:card\" content=\"summary_large_image\" \/>\n<meta name=\"twitter:label1\" content=\"\u00c9crit par\" \/>\n\t<meta name=\"twitter:data1\" content=\"EPReynies\" \/>\n\t<meta name=\"twitter:label2\" content=\"Dur\u00e9e de lecture estim\u00e9e\" \/>\n\t<meta name=\"twitter:data2\" content=\"40 minutes\" \/>\n<script type=\"application\/ld+json\" class=\"yoast-schema-graph\">{\"@context\":\"https:\\\/\\\/schema.org\",\"@graph\":[{\"@type\":\"Article\",\"@id\":\"https:\\\/\\\/ensemble-paroissial-reynies.fr\\\/?p=3282#article\",\"isPartOf\":{\"@id\":\"https:\\\/\\\/ensemble-paroissial-reynies.fr\\\/?p=3282\"},\"author\":{\"name\":\"EPReynies\",\"@id\":\"https:\\\/\\\/ensemble-paroissial-reynies.fr\\\/#\\\/schema\\\/person\\\/46c7e7974e9f828d02f6be5ac1666b37\"},\"headline\":\"Route (virtuelle) des cr\u00e8ches &#8211; Janvier 2025\",\"datePublished\":\"2025-01-05T17:22:33+00:00\",\"dateModified\":\"2025-03-02T10:18:18+00:00\",\"mainEntityOfPage\":{\"@id\":\"https:\\\/\\\/ensemble-paroissial-reynies.fr\\\/?p=3282\"},\"wordCount\":5182,\"publisher\":{\"@id\":\"https:\\\/\\\/ensemble-paroissial-reynies.fr\\\/#organization\"},\"image\":{\"@id\":\"https:\\\/\\\/ensemble-paroissial-reynies.fr\\\/?p=3282#primaryimage\"},\"thumbnailUrl\":\"https:\\\/\\\/ensemble-paroissial-reynies.fr\\\/wp-content\\\/uploads\\\/Cr\u00e8ches\\\/Cr\u00e8ches_2024\\\/rte_creches_012025.jpg\",\"articleSection\":[\"2025\",\"Archives\"],\"inLanguage\":\"fr-FR\"},{\"@type\":\"WebPage\",\"@id\":\"https:\\\/\\\/ensemble-paroissial-reynies.fr\\\/?p=3282\",\"url\":\"https:\\\/\\\/ensemble-paroissial-reynies.fr\\\/?p=3282\",\"name\":\"Route (virtuelle) des cr\u00e8ches - Janvier 2025 - Ensemble paroissial de Reyni\u00e8s\",\"isPartOf\":{\"@id\":\"https:\\\/\\\/ensemble-paroissial-reynies.fr\\\/#website\"},\"primaryImageOfPage\":{\"@id\":\"https:\\\/\\\/ensemble-paroissial-reynies.fr\\\/?p=3282#primaryimage\"},\"image\":{\"@id\":\"https:\\\/\\\/ensemble-paroissial-reynies.fr\\\/?p=3282#primaryimage\"},\"thumbnailUrl\":\"https:\\\/\\\/ensemble-paroissial-reynies.fr\\\/wp-content\\\/uploads\\\/Cr\u00e8ches\\\/Cr\u00e8ches_2024\\\/rte_creches_012025.jpg\",\"datePublished\":\"2025-01-05T17:22:33+00:00\",\"dateModified\":\"2025-03-02T10:18:18+00:00\",\"description\":\"Ensemble paroissial de Reyni\u00e8s - Ensemble paroissial de Reyni\u00e8s Archives\",\"breadcrumb\":{\"@id\":\"https:\\\/\\\/ensemble-paroissial-reynies.fr\\\/?p=3282#breadcrumb\"},\"inLanguage\":\"fr-FR\",\"potentialAction\":[{\"@type\":\"ReadAction\",\"target\":[\"https:\\\/\\\/ensemble-paroissial-reynies.fr\\\/?p=3282\"]}]},{\"@type\":\"ImageObject\",\"inLanguage\":\"fr-FR\",\"@id\":\"https:\\\/\\\/ensemble-paroissial-reynies.fr\\\/?p=3282#primaryimage\",\"url\":\"https:\\\/\\\/ensemble-paroissial-reynies.fr\\\/wp-content\\\/uploads\\\/Cr\u00e8ches\\\/Cr\u00e8ches_2024\\\/rte_creches_012025.jpg\",\"contentUrl\":\"https:\\\/\\\/ensemble-paroissial-reynies.fr\\\/wp-content\\\/uploads\\\/Cr\u00e8ches\\\/Cr\u00e8ches_2024\\\/rte_creches_012025.jpg\",\"width\":85,\"height\":120},{\"@type\":\"BreadcrumbList\",\"@id\":\"https:\\\/\\\/ensemble-paroissial-reynies.fr\\\/?p=3282#breadcrumb\",\"itemListElement\":[{\"@type\":\"ListItem\",\"position\":1,\"name\":\"Home\",\"item\":\"https:\\\/\\\/ensemble-paroissial-reynies.fr\\\/\"},{\"@type\":\"ListItem\",\"position\":2,\"name\":\"Route (virtuelle) des cr\u00e8ches &#8211; Janvier 2025\"}]},{\"@type\":\"WebSite\",\"@id\":\"https:\\\/\\\/ensemble-paroissial-reynies.fr\\\/#website\",\"url\":\"https:\\\/\\\/ensemble-paroissial-reynies.fr\\\/\",\"name\":\"Ensemble paroissial de Reyni\u00e8s\",\"description\":\"\",\"publisher\":{\"@id\":\"https:\\\/\\\/ensemble-paroissial-reynies.fr\\\/#organization\"},\"alternateName\":\"EPReyni\u00e8s\",\"potentialAction\":[{\"@type\":\"SearchAction\",\"target\":{\"@type\":\"EntryPoint\",\"urlTemplate\":\"https:\\\/\\\/ensemble-paroissial-reynies.fr\\\/?s={search_term_string}\"},\"query-input\":{\"@type\":\"PropertyValueSpecification\",\"valueRequired\":true,\"valueName\":\"search_term_string\"}}],\"inLanguage\":\"fr-FR\"},{\"@type\":\"Organization\",\"@id\":\"https:\\\/\\\/ensemble-paroissial-reynies.fr\\\/#organization\",\"name\":\"Ensemble paroissial de Reyni\u00e8s\",\"alternateName\":\"EPReyni\u00e8s\",\"url\":\"https:\\\/\\\/ensemble-paroissial-reynies.fr\\\/\",\"logo\":{\"@type\":\"ImageObject\",\"inLanguage\":\"fr-FR\",\"@id\":\"https:\\\/\\\/ensemble-paroissial-reynies.fr\\\/#\\\/schema\\\/logo\\\/image\\\/\",\"url\":\"https:\\\/\\\/ensemble-paroissial-reynies.fr\\\/wp-content\\\/uploads\\\/paroisse\\\/nouveau-logo-catechisme-paroisse-07-2023.jpg\",\"contentUrl\":\"https:\\\/\\\/ensemble-paroissial-reynies.fr\\\/wp-content\\\/uploads\\\/paroisse\\\/nouveau-logo-catechisme-paroisse-07-2023.jpg\",\"width\":666,\"height\":698,\"caption\":\"Ensemble paroissial de Reyni\u00e8s\"},\"image\":{\"@id\":\"https:\\\/\\\/ensemble-paroissial-reynies.fr\\\/#\\\/schema\\\/logo\\\/image\\\/\"}},{\"@type\":\"Person\",\"@id\":\"https:\\\/\\\/ensemble-paroissial-reynies.fr\\\/#\\\/schema\\\/person\\\/46c7e7974e9f828d02f6be5ac1666b37\",\"name\":\"EPReynies\",\"image\":{\"@type\":\"ImageObject\",\"inLanguage\":\"fr-FR\",\"@id\":\"https:\\\/\\\/secure.gravatar.com\\\/avatar\\\/6dcd7e2b49dcfc27cdc55e7d20c9706f198fa864c3c3d0c24d623e816b42e382?s=96&d=mm&r=g\",\"url\":\"https:\\\/\\\/secure.gravatar.com\\\/avatar\\\/6dcd7e2b49dcfc27cdc55e7d20c9706f198fa864c3c3d0c24d623e816b42e382?s=96&d=mm&r=g\",\"contentUrl\":\"https:\\\/\\\/secure.gravatar.com\\\/avatar\\\/6dcd7e2b49dcfc27cdc55e7d20c9706f198fa864c3c3d0c24d623e816b42e382?s=96&d=mm&r=g\",\"caption\":\"EPReynies\"},\"url\":\"https:\\\/\\\/ensemble-paroissial-reynies.fr\\\/?author=4\"}]}<\/script>\n<!-- \/ Yoast SEO plugin. -->","yoast_head_json":{"title":"Route (virtuelle) des cr\u00e8ches - Janvier 2025 - Ensemble paroissial de Reyni\u00e8s","description":"Ensemble paroissial de Reyni\u00e8s - Ensemble paroissial de Reyni\u00e8s Archives","robots":{"index":"index","follow":"follow","max-snippet":"max-snippet:-1","max-image-preview":"max-image-preview:large","max-video-preview":"max-video-preview:-1"},"canonical":"https:\/\/ensemble-paroissial-reynies.fr\/?p=3282","og_locale":"fr_FR","og_type":"article","og_title":"Route (virtuelle) des cr\u00e8ches - Janvier 2025 - Ensemble paroissial de Reyni\u00e8s","og_description":"Ensemble paroissial de Reyni\u00e8s - Ensemble paroissial de Reyni\u00e8s Archives","og_url":"https:\/\/ensemble-paroissial-reynies.fr\/?p=3282","og_site_name":"Ensemble paroissial de Reyni\u00e8s","article_published_time":"2025-01-05T17:22:33+00:00","article_modified_time":"2025-03-02T10:18:18+00:00","og_image":[{"width":85,"height":120,"url":"https:\/\/ensemble-paroissial-reynies.fr\/wp-content\/uploads\/Cr\u00e8ches\/Cr\u00e8ches_2024\/rte_creches_012025.jpg","type":"image\/jpeg"}],"author":"EPReynies","twitter_card":"summary_large_image","twitter_misc":{"\u00c9crit par":"EPReynies","Dur\u00e9e de lecture estim\u00e9e":"40 minutes"},"schema":{"@context":"https:\/\/schema.org","@graph":[{"@type":"Article","@id":"https:\/\/ensemble-paroissial-reynies.fr\/?p=3282#article","isPartOf":{"@id":"https:\/\/ensemble-paroissial-reynies.fr\/?p=3282"},"author":{"name":"EPReynies","@id":"https:\/\/ensemble-paroissial-reynies.fr\/#\/schema\/person\/46c7e7974e9f828d02f6be5ac1666b37"},"headline":"Route (virtuelle) des cr\u00e8ches &#8211; Janvier 2025","datePublished":"2025-01-05T17:22:33+00:00","dateModified":"2025-03-02T10:18:18+00:00","mainEntityOfPage":{"@id":"https:\/\/ensemble-paroissial-reynies.fr\/?p=3282"},"wordCount":5182,"publisher":{"@id":"https:\/\/ensemble-paroissial-reynies.fr\/#organization"},"image":{"@id":"https:\/\/ensemble-paroissial-reynies.fr\/?p=3282#primaryimage"},"thumbnailUrl":"https:\/\/ensemble-paroissial-reynies.fr\/wp-content\/uploads\/Cr\u00e8ches\/Cr\u00e8ches_2024\/rte_creches_012025.jpg","articleSection":["2025","Archives"],"inLanguage":"fr-FR"},{"@type":"WebPage","@id":"https:\/\/ensemble-paroissial-reynies.fr\/?p=3282","url":"https:\/\/ensemble-paroissial-reynies.fr\/?p=3282","name":"Route (virtuelle) des cr\u00e8ches - Janvier 2025 - Ensemble paroissial de Reyni\u00e8s","isPartOf":{"@id":"https:\/\/ensemble-paroissial-reynies.fr\/#website"},"primaryImageOfPage":{"@id":"https:\/\/ensemble-paroissial-reynies.fr\/?p=3282#primaryimage"},"image":{"@id":"https:\/\/ensemble-paroissial-reynies.fr\/?p=3282#primaryimage"},"thumbnailUrl":"https:\/\/ensemble-paroissial-reynies.fr\/wp-content\/uploads\/Cr\u00e8ches\/Cr\u00e8ches_2024\/rte_creches_012025.jpg","datePublished":"2025-01-05T17:22:33+00:00","dateModified":"2025-03-02T10:18:18+00:00","description":"Ensemble paroissial de Reyni\u00e8s - Ensemble paroissial de Reyni\u00e8s Archives","breadcrumb":{"@id":"https:\/\/ensemble-paroissial-reynies.fr\/?p=3282#breadcrumb"},"inLanguage":"fr-FR","potentialAction":[{"@type":"ReadAction","target":["https:\/\/ensemble-paroissial-reynies.fr\/?p=3282"]}]},{"@type":"ImageObject","inLanguage":"fr-FR","@id":"https:\/\/ensemble-paroissial-reynies.fr\/?p=3282#primaryimage","url":"https:\/\/ensemble-paroissial-reynies.fr\/wp-content\/uploads\/Cr\u00e8ches\/Cr\u00e8ches_2024\/rte_creches_012025.jpg","contentUrl":"https:\/\/ensemble-paroissial-reynies.fr\/wp-content\/uploads\/Cr\u00e8ches\/Cr\u00e8ches_2024\/rte_creches_012025.jpg","width":85,"height":120},{"@type":"BreadcrumbList","@id":"https:\/\/ensemble-paroissial-reynies.fr\/?p=3282#breadcrumb","itemListElement":[{"@type":"ListItem","position":1,"name":"Home","item":"https:\/\/ensemble-paroissial-reynies.fr\/"},{"@type":"ListItem","position":2,"name":"Route (virtuelle) des cr\u00e8ches &#8211; Janvier 2025"}]},{"@type":"WebSite","@id":"https:\/\/ensemble-paroissial-reynies.fr\/#website","url":"https:\/\/ensemble-paroissial-reynies.fr\/","name":"Ensemble paroissial de Reyni\u00e8s","description":"","publisher":{"@id":"https:\/\/ensemble-paroissial-reynies.fr\/#organization"},"alternateName":"EPReyni\u00e8s","potentialAction":[{"@type":"SearchAction","target":{"@type":"EntryPoint","urlTemplate":"https:\/\/ensemble-paroissial-reynies.fr\/?s={search_term_string}"},"query-input":{"@type":"PropertyValueSpecification","valueRequired":true,"valueName":"search_term_string"}}],"inLanguage":"fr-FR"},{"@type":"Organization","@id":"https:\/\/ensemble-paroissial-reynies.fr\/#organization","name":"Ensemble paroissial de Reyni\u00e8s","alternateName":"EPReyni\u00e8s","url":"https:\/\/ensemble-paroissial-reynies.fr\/","logo":{"@type":"ImageObject","inLanguage":"fr-FR","@id":"https:\/\/ensemble-paroissial-reynies.fr\/#\/schema\/logo\/image\/","url":"https:\/\/ensemble-paroissial-reynies.fr\/wp-content\/uploads\/paroisse\/nouveau-logo-catechisme-paroisse-07-2023.jpg","contentUrl":"https:\/\/ensemble-paroissial-reynies.fr\/wp-content\/uploads\/paroisse\/nouveau-logo-catechisme-paroisse-07-2023.jpg","width":666,"height":698,"caption":"Ensemble paroissial de Reyni\u00e8s"},"image":{"@id":"https:\/\/ensemble-paroissial-reynies.fr\/#\/schema\/logo\/image\/"}},{"@type":"Person","@id":"https:\/\/ensemble-paroissial-reynies.fr\/#\/schema\/person\/46c7e7974e9f828d02f6be5ac1666b37","name":"EPReynies","image":{"@type":"ImageObject","inLanguage":"fr-FR","@id":"https:\/\/secure.gravatar.com\/avatar\/6dcd7e2b49dcfc27cdc55e7d20c9706f198fa864c3c3d0c24d623e816b42e382?s=96&d=mm&r=g","url":"https:\/\/secure.gravatar.com\/avatar\/6dcd7e2b49dcfc27cdc55e7d20c9706f198fa864c3c3d0c24d623e816b42e382?s=96&d=mm&r=g","contentUrl":"https:\/\/secure.gravatar.com\/avatar\/6dcd7e2b49dcfc27cdc55e7d20c9706f198fa864c3c3d0c24d623e816b42e382?s=96&d=mm&r=g","caption":"EPReynies"},"url":"https:\/\/ensemble-paroissial-reynies.fr\/?author=4"}]}},"featured_image_src":"https:\/\/ensemble-paroissial-reynies.fr\/wp-content\/uploads\/Cr\u00e8ches\/Cr\u00e8ches_2024\/rte_creches_012025.jpg","featured_image_src_square":"https:\/\/ensemble-paroissial-reynies.fr\/wp-content\/uploads\/Cr\u00e8ches\/Cr\u00e8ches_2024\/rte_creches_012025.jpg","author_info":{"display_name":"EPReynies","author_link":"https:\/\/ensemble-paroissial-reynies.fr\/?author=4"},"_links":{"self":[{"href":"https:\/\/ensemble-paroissial-reynies.fr\/index.php?rest_route=\/wp\/v2\/posts\/3282","targetHints":{"allow":["GET"]}}],"collection":[{"href":"https:\/\/ensemble-paroissial-reynies.fr\/index.php?rest_route=\/wp\/v2\/posts"}],"about":[{"href":"https:\/\/ensemble-paroissial-reynies.fr\/index.php?rest_route=\/wp\/v2\/types\/post"}],"author":[{"embeddable":true,"href":"https:\/\/ensemble-paroissial-reynies.fr\/index.php?rest_route=\/wp\/v2\/users\/4"}],"replies":[{"embeddable":true,"href":"https:\/\/ensemble-paroissial-reynies.fr\/index.php?rest_route=%2Fwp%2Fv2%2Fcomments&post=3282"}],"version-history":[{"count":0,"href":"https:\/\/ensemble-paroissial-reynies.fr\/index.php?rest_route=\/wp\/v2\/posts\/3282\/revisions"}],"wp:featuredmedia":[{"embeddable":true,"href":"https:\/\/ensemble-paroissial-reynies.fr\/index.php?rest_route=\/wp\/v2\/media\/3281"}],"wp:attachment":[{"href":"https:\/\/ensemble-paroissial-reynies.fr\/index.php?rest_route=%2Fwp%2Fv2%2Fmedia&parent=3282"}],"wp:term":[{"taxonomy":"category","embeddable":true,"href":"https:\/\/ensemble-paroissial-reynies.fr\/index.php?rest_route=%2Fwp%2Fv2%2Fcategories&post=3282"},{"taxonomy":"post_tag","embeddable":true,"href":"https:\/\/ensemble-paroissial-reynies.fr\/index.php?rest_route=%2Fwp%2Fv2%2Ftags&post=3282"}],"curies":[{"name":"wp","href":"https:\/\/api.w.org\/{rel}","templated":true}]}}