{"id":2387,"date":"2024-01-09T00:03:00","date_gmt":"2024-01-08T23:03:00","guid":{"rendered":"https:\/\/ensemble-paroissial-reynies.fr\/?p=2387"},"modified":"2025-09-25T11:47:19","modified_gmt":"2025-09-25T09:47:19","slug":"routes-des-creches-7-janvier-2024","status":"publish","type":"post","link":"https:\/\/ensemble-paroissial-reynies.fr\/?p=2387","title":{"rendered":"Routes des cr\u00e8ches &#8211; 7 janvier 2024"},"content":{"rendered":"\n<p><\/p>\n\n\n<div class=\"wp-block-image\">\n<figure class=\"alignright size-large is-resized\"><a href=\"https:\/\/ensemble-paroissial-reynies.fr\/wp-content\/uploads\/Route_des_cr\u00e8ches\/07-01-2024\/draft-affiche-1.jpg\"><img loading=\"lazy\" decoding=\"async\" width=\"724\" height=\"1024\" src=\"https:\/\/ensemble-paroissial-reynies.fr\/wp-content\/uploads\/Route_des_cr\u00e8ches\/07-01-2024\/draft-affiche-1-724x1024.jpg\" alt=\"\" class=\"wp-image-1864\" style=\"aspect-ratio:0.7074074074074074;width:185px;height:auto\" srcset=\"https:\/\/ensemble-paroissial-reynies.fr\/wp-content\/uploads\/Route_des_cr\u00e8ches\/07-01-2024\/draft-affiche-1-724x1024.jpg 724w, https:\/\/ensemble-paroissial-reynies.fr\/wp-content\/uploads\/Route_des_cr\u00e8ches\/07-01-2024\/draft-affiche-1-212x300.jpg 212w, https:\/\/ensemble-paroissial-reynies.fr\/wp-content\/uploads\/Route_des_cr\u00e8ches\/07-01-2024\/draft-affiche-1-768x1086.jpg 768w, https:\/\/ensemble-paroissial-reynies.fr\/wp-content\/uploads\/Route_des_cr\u00e8ches\/07-01-2024\/draft-affiche-1-1086x1536.jpg 1086w, https:\/\/ensemble-paroissial-reynies.fr\/wp-content\/uploads\/Route_des_cr\u00e8ches\/07-01-2024\/draft-affiche-1.jpg 1240w\" sizes=\"auto, (max-width: 724px) 100vw, 724px\" \/><\/a><\/figure>\n<\/div>\n\n\n<p style=\"font-size:18px\"><strong>Le dimanche 7 janvier les paroissiens \u00e9taient invit\u00e9s \u00e0 rejoindre la Route des Cr\u00e8ches<\/strong>. Ces cr\u00e8ches, du moins leurs personnages et leurs d\u00e9corations, ont toutes des histoires : certains des santons sont anciens, certains ont \u00e9t\u00e9 r\u00e9par\u00e9s avec des solutions ing\u00e9nieuses, d&rsquo;autres sont des dons faits par des paroissiens, dans certaines cr\u00e8ches des d\u00e9corations rappellent une personne particuli\u00e8re de la paroisse &#8230; Elles ne sont pas toujours install\u00e9es chaque ann\u00e9e au m\u00eame endroit dans l&rsquo;\u00e9glise et les d\u00e9corations, l&rsquo;environnement ou le th\u00e8me changent. Cette semaine nous rentrons dans le temps ordinaire et elles vont \u00eatre d\u00e9sinstall\u00e9es, les personnages vont \u00eatre rang\u00e9s avec pr\u00e9caution et vont attendre patiemment le mois de d\u00e9cembre pour r\u00e9apparaitre mais il restera toujours les albums photos pour les revoir quand on veut.<\/p>\n\n\n\n<p>Un petit groupe emmen\u00e9 par le P\u00e8re Herman Boro, cur\u00e9 de l&rsquo;Ensemble Paroissial, et le P\u00e8re Jean Claude Sa\u00efdou, vicaire, est parti \u00e0 14h00 de Reyni\u00e8s o\u00f9 le rendez vous \u00e9tait donn\u00e9.<br>Le circuit nous a emmen\u00e9 \u00e0 Villebrumier dans <a href=\"https:\/\/ensemble-paroissial-reynies.fr\/?page_id=1690\" title=\"Villebrumier \u2013 \u00c9glise Saint Th\u00e9odard\">l&rsquo;\u00e9glise saint Th\u00e9odard<\/a>, puis nous avons escalad\u00e9 les coteaux pour rejoindre <a href=\"https:\/\/www.diocese-montauban.fr\/grand-montauban\/paroisses\/reynies\/les-eglises-et-chapelles\/varennes-eglise-sainte-germaine\/\">l&rsquo;\u00e9glise sainte Ge<\/a><a href=\"https:\/\/ensemble-paroissial-reynies.fr\/?page_id=1609\" title=\"Varennes \u2013 \u00c9glise Sainte Germaine\">r<\/a><a href=\"https:\/\/www.diocese-montauban.fr\/grand-montauban\/paroisses\/reynies\/les-eglises-et-chapelles\/varennes-eglise-sainte-germaine\/\">maine<\/a> \u00e0 Varennes, de l\u00e0 nous sommes descendus dans la vall\u00e9e du Tescou pour rejoindre <a href=\"https:\/\/ensemble-paroissial-reynies.fr\/?page_id=1590\" target=\"_blank\" rel=\"noopener\" title=\"Saint-Nauphary \u2013 \u00c9glise Saint Barnab\u00e9\">l&rsquo;\u00e9glise saint Barnab\u00e9<\/a> \u00e0 Saint-Nauphary. Ensuite un trajet un peu plus long, car il faut suivre la vall\u00e9e du Tescou jusqu&rsquo;\u00e0 Montauban et prendre la rocade, nous a emmen\u00e9 \u00e0 Brial dans <a href=\"https:\/\/ensemble-paroissial-reynies.fr\/?page_id=1069\" title=\"Brial \u2013 \u00c9glise Saint Jean-Baptiste\">l&rsquo;\u00e9glise saint Jean-Baptiste<\/a>, de l\u00e0 nous avons rejoint <a href=\"https:\/\/ensemble-paroissial-reynies.fr\/?page_id=973\" title=\"Bressols \u2013 \u00c9glise Notre-Dame de la nativit\u00e9\">l&rsquo;\u00e9glise Notre-Dame de la Nativit\u00e9<\/a> \u00e0 Bressols tout proche. <br>Ensuite nous avons fil\u00e9 sur la d\u00e9partementale pour rejoindre <a href=\"https:\/\/ensemble-paroissial-reynies.fr\/?page_id=1353\" title=\"Labastide-Saint-Pierre \u2013 \u00c9glise saint Pierre-aux-liens\">l&rsquo;\u00e9glise saint Pierre-aux-liens<\/a> \u00e0 Labastide-Saint-Pierre et encha\u00een\u00e9 dans la bonne humeur avec <a href=\"https:\/\/ensemble-paroissial-reynies.fr\/?page_id=218\" title=\"Orgueil \u2013 \u00c9glise saint Ferr\u00e9ol\">l&rsquo;\u00e9glise saint Ferr\u00e9ol<\/a> \u00e0 Orgueil avant-derni\u00e8re \u00e9tape du circuit. Il restait a redescendre dans la vall\u00e9e du Tarn pour aller \u00e0 Reyni\u00e8s dans<a href=\"https:\/\/www.diocese-montauban.fr\/grand-montauban\/paroisses\/reynies\/les-eglises-et-chapelles\/reynies-eglise-sainte-anne\/\" target=\"_blank\" rel=\"noreferrer noopener\"> l&rsquo;\u00e9glise sai<\/a><a href=\"https:\/\/ensemble-paroissial-reynies.fr\/?page_id=1444\" title=\"Reyni\u00e8s \u2013 \u00c9glise Sainte Anne\">n<\/a><a href=\"https:\/\/www.diocese-montauban.fr\/grand-montauban\/paroisses\/reynies\/les-eglises-et-chapelles\/reynies-eglise-sainte-anne\/\" target=\"_blank\" rel=\"noreferrer noopener\">te Anne<\/a> pour une derni\u00e8re pri\u00e8re commune. <br>Devant chaque cr\u00e8che, toutes diff\u00e9rentes, simples et admirables, install\u00e9es avec go\u00fbt et attentions, nous avons pri\u00e9 et chant\u00e9. Cette route fut aussi l&rsquo;occasion pour certains de d\u00e9couvrir des \u00e9glises qu&rsquo;ils ne connaissaient pas.<br>Apr\u00e8s la derni\u00e8re \u00e9glise du circuit, une boisson chaude et une part de galette des rois, ont \u00e9t\u00e9 propos\u00e9s dans la salle du cat\u00e9chisme de l&rsquo;\u00e9glise de Reyni\u00e8s. Un moment convivial d&rsquo;\u00e9changes entre tous.<\/p>\n\n\n\n<p>Merci aux personnes qui ont pr\u00e9par\u00e9 le moment de pri\u00e8re dans chaque \u00e9glise et nous ont accueillis. Merci \u00e0 ceux qui avaient pr\u00e9par\u00e9 la collation de fin de route. Et bien sur merci aux participants et \u00e0 nos deux pr\u00eatres pour ce moment pass\u00e9 ensemble.<\/p>\n\n\n\n<p><em>Ci-dessous quelques photos prises dans chaque \u00e9glise.<\/em> <strong>Pour voir des photos des cr\u00e8ches<\/strong> cliquez <a href=\"https:\/\/ensemble-paroissial-reynies.fr\/?page_id=1773\/#cr\u00e8ches-\u00e9glises-2023\" title=\"Souvenirs\">ICI<\/a><\/p>\n\n\n\n<figure class=\"wp-block-gallery has-nested-images columns-5 is-cropped wp-block-gallery-1 is-layout-flex wp-block-gallery-is-layout-flex\">\n<figure class=\"wp-block-image size-large\"><a href=\"https:\/\/ensemble-paroissial-reynies.fr\/wp-content\/uploads\/Route_des_cr\u00e8ches\/07-01-2024\/draft-affiche-2.jpg\"><img loading=\"lazy\" decoding=\"async\" width=\"724\" height=\"1024\" data-id=\"1865\" src=\"https:\/\/ensemble-paroissial-reynies.fr\/wp-content\/uploads\/Route_des_cr\u00e8ches\/07-01-2024\/draft-affiche-2-724x1024.jpg\" alt=\"\" class=\"wp-image-1865\" srcset=\"https:\/\/ensemble-paroissial-reynies.fr\/wp-content\/uploads\/Route_des_cr\u00e8ches\/07-01-2024\/draft-affiche-2-724x1024.jpg 724w, https:\/\/ensemble-paroissial-reynies.fr\/wp-content\/uploads\/Route_des_cr\u00e8ches\/07-01-2024\/draft-affiche-2-212x300.jpg 212w, https:\/\/ensemble-paroissial-reynies.fr\/wp-content\/uploads\/Route_des_cr\u00e8ches\/07-01-2024\/draft-affiche-2-768x1086.jpg 768w, https:\/\/ensemble-paroissial-reynies.fr\/wp-content\/uploads\/Route_des_cr\u00e8ches\/07-01-2024\/draft-affiche-2-1086x1536.jpg 1086w, https:\/\/ensemble-paroissial-reynies.fr\/wp-content\/uploads\/Route_des_cr\u00e8ches\/07-01-2024\/draft-affiche-2.jpg 1240w\" sizes=\"auto, (max-width: 724px) 100vw, 724px\" \/><\/a><figcaption class=\"wp-element-caption\">Route des cr\u00e8ches 01-2024<\/figcaption><\/figure>\n\n\n\n<figure class=\"wp-block-image size-large\"><a href=\"https:\/\/ensemble-paroissial-reynies.fr\/wp-content\/uploads\/Route_des_cr\u00e8ches\/07-01-2024\/villebrumier1-scaled-1.jpg\"><img loading=\"lazy\" decoding=\"async\" width=\"1024\" height=\"768\" data-id=\"1881\" src=\"https:\/\/ensemble-paroissial-reynies.fr\/wp-content\/uploads\/Route_des_cr\u00e8ches\/07-01-2024\/villebrumier1-scaled-1-1024x768.jpg\" alt=\"\" class=\"wp-image-1881\" srcset=\"https:\/\/ensemble-paroissial-reynies.fr\/wp-content\/uploads\/Route_des_cr\u00e8ches\/07-01-2024\/villebrumier1-scaled-1-1024x768.jpg 1024w, https:\/\/ensemble-paroissial-reynies.fr\/wp-content\/uploads\/Route_des_cr\u00e8ches\/07-01-2024\/villebrumier1-scaled-1-300x225.jpg 300w, https:\/\/ensemble-paroissial-reynies.fr\/wp-content\/uploads\/Route_des_cr\u00e8ches\/07-01-2024\/villebrumier1-scaled-1-768x576.jpg 768w, https:\/\/ensemble-paroissial-reynies.fr\/wp-content\/uploads\/Route_des_cr\u00e8ches\/07-01-2024\/villebrumier1-scaled-1-1536x1152.jpg 1536w, https:\/\/ensemble-paroissial-reynies.fr\/wp-content\/uploads\/Route_des_cr\u00e8ches\/07-01-2024\/villebrumier1-scaled-1-2048x1536.jpg 2048w\" sizes=\"auto, (max-width: 1024px) 100vw, 1024px\" \/><\/a><figcaption class=\"wp-element-caption\">Villebrumier                <\/figcaption><\/figure>\n\n\n\n<figure class=\"wp-block-image size-large\"><a href=\"https:\/\/ensemble-paroissial-reynies.fr\/wp-content\/uploads\/Route_des_cr\u00e8ches\/07-01-2024\/villebrumier7-1-scaled-1.jpg\"><img loading=\"lazy\" decoding=\"async\" width=\"1024\" height=\"768\" data-id=\"1857\" src=\"https:\/\/ensemble-paroissial-reynies.fr\/wp-content\/uploads\/Route_des_cr\u00e8ches\/07-01-2024\/villebrumier7-1-scaled-1-1024x768.jpg\" alt=\"\" class=\"wp-image-1857\" srcset=\"https:\/\/ensemble-paroissial-reynies.fr\/wp-content\/uploads\/Route_des_cr\u00e8ches\/07-01-2024\/villebrumier7-1-scaled-1-1024x768.jpg 1024w, https:\/\/ensemble-paroissial-reynies.fr\/wp-content\/uploads\/Route_des_cr\u00e8ches\/07-01-2024\/villebrumier7-1-scaled-1-300x225.jpg 300w, https:\/\/ensemble-paroissial-reynies.fr\/wp-content\/uploads\/Route_des_cr\u00e8ches\/07-01-2024\/villebrumier7-1-scaled-1-768x576.jpg 768w, https:\/\/ensemble-paroissial-reynies.fr\/wp-content\/uploads\/Route_des_cr\u00e8ches\/07-01-2024\/villebrumier7-1-scaled-1-1536x1152.jpg 1536w, https:\/\/ensemble-paroissial-reynies.fr\/wp-content\/uploads\/Route_des_cr\u00e8ches\/07-01-2024\/villebrumier7-1-scaled-1-2048x1536.jpg 2048w\" sizes=\"auto, (max-width: 1024px) 100vw, 1024px\" \/><\/a><figcaption class=\"wp-element-caption\">Villebrumier<\/figcaption><\/figure>\n\n\n\n<figure class=\"wp-block-image size-large\"><a href=\"https:\/\/ensemble-paroissial-reynies.fr\/wp-content\/uploads\/Route_des_cr\u00e8ches\/07-01-2024\/villebrumier2-scaled-1.jpg\"><img loading=\"lazy\" decoding=\"async\" width=\"1024\" height=\"768\" data-id=\"1882\" src=\"https:\/\/ensemble-paroissial-reynies.fr\/wp-content\/uploads\/Route_des_cr\u00e8ches\/07-01-2024\/villebrumier2-scaled-1-1024x768.jpg\" alt=\"\" class=\"wp-image-1882\" srcset=\"https:\/\/ensemble-paroissial-reynies.fr\/wp-content\/uploads\/Route_des_cr\u00e8ches\/07-01-2024\/villebrumier2-scaled-1-1024x768.jpg 1024w, https:\/\/ensemble-paroissial-reynies.fr\/wp-content\/uploads\/Route_des_cr\u00e8ches\/07-01-2024\/villebrumier2-scaled-1-300x225.jpg 300w, https:\/\/ensemble-paroissial-reynies.fr\/wp-content\/uploads\/Route_des_cr\u00e8ches\/07-01-2024\/villebrumier2-scaled-1-768x576.jpg 768w, https:\/\/ensemble-paroissial-reynies.fr\/wp-content\/uploads\/Route_des_cr\u00e8ches\/07-01-2024\/villebrumier2-scaled-1-1536x1152.jpg 1536w, https:\/\/ensemble-paroissial-reynies.fr\/wp-content\/uploads\/Route_des_cr\u00e8ches\/07-01-2024\/villebrumier2-scaled-1-2048x1536.jpg 2048w\" sizes=\"auto, (max-width: 1024px) 100vw, 1024px\" \/><\/a><figcaption class=\"wp-element-caption\"> Villebrumier                              <\/figcaption><\/figure>\n\n\n\n<figure class=\"wp-block-image size-large\"><a href=\"https:\/\/ensemble-paroissial-reynies.fr\/wp-content\/uploads\/Route_des_cr\u00e8ches\/07-01-2024\/varennes2-scaled-1.jpg\"><img loading=\"lazy\" decoding=\"async\" width=\"1024\" height=\"768\" data-id=\"1880\" src=\"https:\/\/ensemble-paroissial-reynies.fr\/wp-content\/uploads\/Route_des_cr\u00e8ches\/07-01-2024\/varennes2-scaled-1-1024x768.jpg\" alt=\"\" class=\"wp-image-1880\" srcset=\"https:\/\/ensemble-paroissial-reynies.fr\/wp-content\/uploads\/Route_des_cr\u00e8ches\/07-01-2024\/varennes2-scaled-1-1024x768.jpg 1024w, https:\/\/ensemble-paroissial-reynies.fr\/wp-content\/uploads\/Route_des_cr\u00e8ches\/07-01-2024\/varennes2-scaled-1-300x225.jpg 300w, https:\/\/ensemble-paroissial-reynies.fr\/wp-content\/uploads\/Route_des_cr\u00e8ches\/07-01-2024\/varennes2-scaled-1-768x576.jpg 768w, https:\/\/ensemble-paroissial-reynies.fr\/wp-content\/uploads\/Route_des_cr\u00e8ches\/07-01-2024\/varennes2-scaled-1-1536x1152.jpg 1536w, https:\/\/ensemble-paroissial-reynies.fr\/wp-content\/uploads\/Route_des_cr\u00e8ches\/07-01-2024\/varennes2-scaled-1-2048x1536.jpg 2048w\" sizes=\"auto, (max-width: 1024px) 100vw, 1024px\" \/><\/a><figcaption class=\"wp-element-caption\">Varennes            <\/figcaption><\/figure>\n\n\n\n<figure class=\"wp-block-image size-large\"><a href=\"https:\/\/ensemble-paroissial-reynies.fr\/wp-content\/uploads\/Route_des_cr\u00e8ches\/07-01-2024\/varennes4-1-scaled-1.jpg\"><img loading=\"lazy\" decoding=\"async\" width=\"1024\" height=\"768\" data-id=\"1879\" src=\"https:\/\/ensemble-paroissial-reynies.fr\/wp-content\/uploads\/Route_des_cr\u00e8ches\/07-01-2024\/varennes4-1-scaled-1-1024x768.jpg\" alt=\"\" class=\"wp-image-1879\" srcset=\"https:\/\/ensemble-paroissial-reynies.fr\/wp-content\/uploads\/Route_des_cr\u00e8ches\/07-01-2024\/varennes4-1-scaled-1-1024x768.jpg 1024w, https:\/\/ensemble-paroissial-reynies.fr\/wp-content\/uploads\/Route_des_cr\u00e8ches\/07-01-2024\/varennes4-1-scaled-1-300x225.jpg 300w, https:\/\/ensemble-paroissial-reynies.fr\/wp-content\/uploads\/Route_des_cr\u00e8ches\/07-01-2024\/varennes4-1-scaled-1-768x576.jpg 768w, https:\/\/ensemble-paroissial-reynies.fr\/wp-content\/uploads\/Route_des_cr\u00e8ches\/07-01-2024\/varennes4-1-scaled-1-1536x1152.jpg 1536w, https:\/\/ensemble-paroissial-reynies.fr\/wp-content\/uploads\/Route_des_cr\u00e8ches\/07-01-2024\/varennes4-1-scaled-1-2048x1536.jpg 2048w\" sizes=\"auto, (max-width: 1024px) 100vw, 1024px\" \/><\/a><figcaption class=\"wp-element-caption\">Varennes         <\/figcaption><\/figure>\n\n\n\n<figure class=\"wp-block-image size-large\"><a href=\"https:\/\/ensemble-paroissial-reynies.fr\/wp-content\/uploads\/Route_des_cr\u00e8ches\/07-01-2024\/varennes1-scaled-1.jpg\"><img loading=\"lazy\" decoding=\"async\" width=\"1024\" height=\"768\" data-id=\"1878\" src=\"https:\/\/ensemble-paroissial-reynies.fr\/wp-content\/uploads\/Route_des_cr\u00e8ches\/07-01-2024\/varennes1-scaled-1-1024x768.jpg\" alt=\"\" class=\"wp-image-1878\" srcset=\"https:\/\/ensemble-paroissial-reynies.fr\/wp-content\/uploads\/Route_des_cr\u00e8ches\/07-01-2024\/varennes1-scaled-1-1024x768.jpg 1024w, https:\/\/ensemble-paroissial-reynies.fr\/wp-content\/uploads\/Route_des_cr\u00e8ches\/07-01-2024\/varennes1-scaled-1-300x225.jpg 300w, https:\/\/ensemble-paroissial-reynies.fr\/wp-content\/uploads\/Route_des_cr\u00e8ches\/07-01-2024\/varennes1-scaled-1-768x576.jpg 768w, https:\/\/ensemble-paroissial-reynies.fr\/wp-content\/uploads\/Route_des_cr\u00e8ches\/07-01-2024\/varennes1-scaled-1-1536x1152.jpg 1536w, https:\/\/ensemble-paroissial-reynies.fr\/wp-content\/uploads\/Route_des_cr\u00e8ches\/07-01-2024\/varennes1-scaled-1-2048x1536.jpg 2048w\" sizes=\"auto, (max-width: 1024px) 100vw, 1024px\" \/><\/a><figcaption class=\"wp-element-caption\">Varennes<\/figcaption><\/figure>\n\n\n\n<figure class=\"wp-block-image size-large\"><a href=\"https:\/\/ensemble-paroissial-reynies.fr\/wp-content\/uploads\/Route_des_cr\u00e8ches\/07-01-2024\/saint-nauphary2-scaled-1.jpg\"><img loading=\"lazy\" decoding=\"async\" width=\"1024\" height=\"768\" data-id=\"1877\" src=\"https:\/\/ensemble-paroissial-reynies.fr\/wp-content\/uploads\/Route_des_cr\u00e8ches\/07-01-2024\/saint-nauphary2-scaled-1-1024x768.jpg\" alt=\"\" class=\"wp-image-1877\" srcset=\"https:\/\/ensemble-paroissial-reynies.fr\/wp-content\/uploads\/Route_des_cr\u00e8ches\/07-01-2024\/saint-nauphary2-scaled-1-1024x768.jpg 1024w, https:\/\/ensemble-paroissial-reynies.fr\/wp-content\/uploads\/Route_des_cr\u00e8ches\/07-01-2024\/saint-nauphary2-scaled-1-300x225.jpg 300w, https:\/\/ensemble-paroissial-reynies.fr\/wp-content\/uploads\/Route_des_cr\u00e8ches\/07-01-2024\/saint-nauphary2-scaled-1-768x576.jpg 768w, https:\/\/ensemble-paroissial-reynies.fr\/wp-content\/uploads\/Route_des_cr\u00e8ches\/07-01-2024\/saint-nauphary2-scaled-1-1536x1152.jpg 1536w, https:\/\/ensemble-paroissial-reynies.fr\/wp-content\/uploads\/Route_des_cr\u00e8ches\/07-01-2024\/saint-nauphary2-scaled-1-2048x1536.jpg 2048w\" sizes=\"auto, (max-width: 1024px) 100vw, 1024px\" \/><\/a><figcaption class=\"wp-element-caption\">Saint-Nauphary      <\/figcaption><\/figure>\n\n\n\n<figure class=\"wp-block-image size-large\"><a href=\"https:\/\/ensemble-paroissial-reynies.fr\/wp-content\/uploads\/Route_des_cr\u00e8ches\/07-01-2024\/saint-nauphary3-scaled-1.jpg\"><img loading=\"lazy\" decoding=\"async\" width=\"1024\" height=\"768\" data-id=\"1876\" src=\"https:\/\/ensemble-paroissial-reynies.fr\/wp-content\/uploads\/Route_des_cr\u00e8ches\/07-01-2024\/saint-nauphary3-scaled-1-1024x768.jpg\" alt=\"\" class=\"wp-image-1876\" srcset=\"https:\/\/ensemble-paroissial-reynies.fr\/wp-content\/uploads\/Route_des_cr\u00e8ches\/07-01-2024\/saint-nauphary3-scaled-1-1024x768.jpg 1024w, https:\/\/ensemble-paroissial-reynies.fr\/wp-content\/uploads\/Route_des_cr\u00e8ches\/07-01-2024\/saint-nauphary3-scaled-1-300x225.jpg 300w, https:\/\/ensemble-paroissial-reynies.fr\/wp-content\/uploads\/Route_des_cr\u00e8ches\/07-01-2024\/saint-nauphary3-scaled-1-768x576.jpg 768w, https:\/\/ensemble-paroissial-reynies.fr\/wp-content\/uploads\/Route_des_cr\u00e8ches\/07-01-2024\/saint-nauphary3-scaled-1-1536x1152.jpg 1536w, https:\/\/ensemble-paroissial-reynies.fr\/wp-content\/uploads\/Route_des_cr\u00e8ches\/07-01-2024\/saint-nauphary3-scaled-1-2048x1536.jpg 2048w\" sizes=\"auto, (max-width: 1024px) 100vw, 1024px\" \/><\/a><figcaption class=\"wp-element-caption\">Saint-Nauphary         <\/figcaption><\/figure>\n\n\n\n<figure class=\"wp-block-image size-large\"><a href=\"https:\/\/ensemble-paroissial-reynies.fr\/wp-content\/uploads\/Route_des_cr\u00e8ches\/07-01-2024\/saint-nauphary1-1-scaled-1.jpg\"><img loading=\"lazy\" decoding=\"async\" width=\"1024\" height=\"768\" data-id=\"1874\" src=\"https:\/\/ensemble-paroissial-reynies.fr\/wp-content\/uploads\/Route_des_cr\u00e8ches\/07-01-2024\/saint-nauphary1-1-scaled-1-1024x768.jpg\" alt=\"\" class=\"wp-image-1874\" srcset=\"https:\/\/ensemble-paroissial-reynies.fr\/wp-content\/uploads\/Route_des_cr\u00e8ches\/07-01-2024\/saint-nauphary1-1-scaled-1-1024x768.jpg 1024w, https:\/\/ensemble-paroissial-reynies.fr\/wp-content\/uploads\/Route_des_cr\u00e8ches\/07-01-2024\/saint-nauphary1-1-scaled-1-300x225.jpg 300w, https:\/\/ensemble-paroissial-reynies.fr\/wp-content\/uploads\/Route_des_cr\u00e8ches\/07-01-2024\/saint-nauphary1-1-scaled-1-768x576.jpg 768w, https:\/\/ensemble-paroissial-reynies.fr\/wp-content\/uploads\/Route_des_cr\u00e8ches\/07-01-2024\/saint-nauphary1-1-scaled-1-1536x1152.jpg 1536w, https:\/\/ensemble-paroissial-reynies.fr\/wp-content\/uploads\/Route_des_cr\u00e8ches\/07-01-2024\/saint-nauphary1-1-scaled-1-2048x1536.jpg 2048w\" sizes=\"auto, (max-width: 1024px) 100vw, 1024px\" \/><\/a><figcaption class=\"wp-element-caption\">Saint-Nauphary  <\/figcaption><\/figure>\n\n\n\n<figure class=\"wp-block-image size-large\"><a href=\"https:\/\/ensemble-paroissial-reynies.fr\/wp-content\/uploads\/Route_des_cr\u00e8ches\/07-01-2024\/brial3-scaled-1.jpg\"><img loading=\"lazy\" decoding=\"async\" width=\"1024\" height=\"768\" data-id=\"1863\" src=\"https:\/\/ensemble-paroissial-reynies.fr\/wp-content\/uploads\/Route_des_cr\u00e8ches\/07-01-2024\/brial3-scaled-1-1024x768.jpg\" alt=\"\" class=\"wp-image-1863\" srcset=\"https:\/\/ensemble-paroissial-reynies.fr\/wp-content\/uploads\/Route_des_cr\u00e8ches\/07-01-2024\/brial3-scaled-1-1024x768.jpg 1024w, https:\/\/ensemble-paroissial-reynies.fr\/wp-content\/uploads\/Route_des_cr\u00e8ches\/07-01-2024\/brial3-scaled-1-300x225.jpg 300w, https:\/\/ensemble-paroissial-reynies.fr\/wp-content\/uploads\/Route_des_cr\u00e8ches\/07-01-2024\/brial3-scaled-1-768x576.jpg 768w, https:\/\/ensemble-paroissial-reynies.fr\/wp-content\/uploads\/Route_des_cr\u00e8ches\/07-01-2024\/brial3-scaled-1-1536x1152.jpg 1536w, https:\/\/ensemble-paroissial-reynies.fr\/wp-content\/uploads\/Route_des_cr\u00e8ches\/07-01-2024\/brial3-scaled-1-2048x1536.jpg 2048w\" sizes=\"auto, (max-width: 1024px) 100vw, 1024px\" \/><\/a><figcaption class=\"wp-element-caption\">Brial            <\/figcaption><\/figure>\n\n\n\n<figure class=\"wp-block-image size-large\"><a href=\"https:\/\/ensemble-paroissial-reynies.fr\/wp-content\/uploads\/Route_des_cr\u00e8ches\/07-01-2024\/brial1-scaled-1.jpg\"><img loading=\"lazy\" decoding=\"async\" width=\"1024\" height=\"768\" data-id=\"1860\" src=\"https:\/\/ensemble-paroissial-reynies.fr\/wp-content\/uploads\/Route_des_cr\u00e8ches\/07-01-2024\/brial1-scaled-1-1024x768.jpg\" alt=\"\" class=\"wp-image-1860\" srcset=\"https:\/\/ensemble-paroissial-reynies.fr\/wp-content\/uploads\/Route_des_cr\u00e8ches\/07-01-2024\/brial1-scaled-1-1024x768.jpg 1024w, https:\/\/ensemble-paroissial-reynies.fr\/wp-content\/uploads\/Route_des_cr\u00e8ches\/07-01-2024\/brial1-scaled-1-300x225.jpg 300w, https:\/\/ensemble-paroissial-reynies.fr\/wp-content\/uploads\/Route_des_cr\u00e8ches\/07-01-2024\/brial1-scaled-1-768x576.jpg 768w, https:\/\/ensemble-paroissial-reynies.fr\/wp-content\/uploads\/Route_des_cr\u00e8ches\/07-01-2024\/brial1-scaled-1-1536x1152.jpg 1536w, https:\/\/ensemble-paroissial-reynies.fr\/wp-content\/uploads\/Route_des_cr\u00e8ches\/07-01-2024\/brial1-scaled-1-2048x1536.jpg 2048w\" sizes=\"auto, (max-width: 1024px) 100vw, 1024px\" \/><\/a><figcaption class=\"wp-element-caption\">Brial  <\/figcaption><\/figure>\n\n\n\n<figure class=\"wp-block-image size-large\"><a href=\"https:\/\/ensemble-paroissial-reynies.fr\/wp-content\/uploads\/Route_des_cr\u00e8ches\/07-01-2024\/brial7-scaled-1.jpg\"><img loading=\"lazy\" decoding=\"async\" width=\"1024\" height=\"768\" data-id=\"1862\" src=\"https:\/\/ensemble-paroissial-reynies.fr\/wp-content\/uploads\/Route_des_cr\u00e8ches\/07-01-2024\/brial7-scaled-1-1024x768.jpg\" alt=\"\" class=\"wp-image-1862\" srcset=\"https:\/\/ensemble-paroissial-reynies.fr\/wp-content\/uploads\/Route_des_cr\u00e8ches\/07-01-2024\/brial7-scaled-1-1024x768.jpg 1024w, https:\/\/ensemble-paroissial-reynies.fr\/wp-content\/uploads\/Route_des_cr\u00e8ches\/07-01-2024\/brial7-scaled-1-300x225.jpg 300w, https:\/\/ensemble-paroissial-reynies.fr\/wp-content\/uploads\/Route_des_cr\u00e8ches\/07-01-2024\/brial7-scaled-1-768x576.jpg 768w, https:\/\/ensemble-paroissial-reynies.fr\/wp-content\/uploads\/Route_des_cr\u00e8ches\/07-01-2024\/brial7-scaled-1-1536x1152.jpg 1536w, https:\/\/ensemble-paroissial-reynies.fr\/wp-content\/uploads\/Route_des_cr\u00e8ches\/07-01-2024\/brial7-scaled-1-2048x1536.jpg 2048w\" sizes=\"auto, (max-width: 1024px) 100vw, 1024px\" \/><\/a><figcaption class=\"wp-element-caption\">Brial      <\/figcaption><\/figure>\n\n\n\n<figure class=\"wp-block-image size-large\"><a href=\"https:\/\/ensemble-paroissial-reynies.fr\/wp-content\/uploads\/Route_des_cr\u00e8ches\/07-01-2024\/bressols5-scaled-1.jpg\"><img loading=\"lazy\" decoding=\"async\" width=\"1024\" height=\"768\" data-id=\"1858\" src=\"https:\/\/ensemble-paroissial-reynies.fr\/wp-content\/uploads\/Route_des_cr\u00e8ches\/07-01-2024\/bressols5-scaled-1-1024x768.jpg\" alt=\"\" class=\"wp-image-1858\" srcset=\"https:\/\/ensemble-paroissial-reynies.fr\/wp-content\/uploads\/Route_des_cr\u00e8ches\/07-01-2024\/bressols5-scaled-1-1024x768.jpg 1024w, https:\/\/ensemble-paroissial-reynies.fr\/wp-content\/uploads\/Route_des_cr\u00e8ches\/07-01-2024\/bressols5-scaled-1-300x225.jpg 300w, https:\/\/ensemble-paroissial-reynies.fr\/wp-content\/uploads\/Route_des_cr\u00e8ches\/07-01-2024\/bressols5-scaled-1-768x576.jpg 768w, https:\/\/ensemble-paroissial-reynies.fr\/wp-content\/uploads\/Route_des_cr\u00e8ches\/07-01-2024\/bressols5-scaled-1-1536x1152.jpg 1536w, https:\/\/ensemble-paroissial-reynies.fr\/wp-content\/uploads\/Route_des_cr\u00e8ches\/07-01-2024\/bressols5-scaled-1-2048x1536.jpg 2048w\" sizes=\"auto, (max-width: 1024px) 100vw, 1024px\" \/><\/a><figcaption class=\"wp-element-caption\">Bressols<\/figcaption><\/figure>\n\n\n\n<figure class=\"wp-block-image size-large\"><a href=\"https:\/\/ensemble-paroissial-reynies.fr\/wp-content\/uploads\/Route_des_cr\u00e8ches\/07-01-2024\/bressols6-scaled-1.jpg\"><img loading=\"lazy\" decoding=\"async\" width=\"1024\" height=\"768\" data-id=\"1859\" src=\"https:\/\/ensemble-paroissial-reynies.fr\/wp-content\/uploads\/Route_des_cr\u00e8ches\/07-01-2024\/bressols6-scaled-1-1024x768.jpg\" alt=\"\" class=\"wp-image-1859\" srcset=\"https:\/\/ensemble-paroissial-reynies.fr\/wp-content\/uploads\/Route_des_cr\u00e8ches\/07-01-2024\/bressols6-scaled-1-1024x768.jpg 1024w, https:\/\/ensemble-paroissial-reynies.fr\/wp-content\/uploads\/Route_des_cr\u00e8ches\/07-01-2024\/bressols6-scaled-1-300x225.jpg 300w, https:\/\/ensemble-paroissial-reynies.fr\/wp-content\/uploads\/Route_des_cr\u00e8ches\/07-01-2024\/bressols6-scaled-1-768x576.jpg 768w, https:\/\/ensemble-paroissial-reynies.fr\/wp-content\/uploads\/Route_des_cr\u00e8ches\/07-01-2024\/bressols6-scaled-1-1536x1152.jpg 1536w, https:\/\/ensemble-paroissial-reynies.fr\/wp-content\/uploads\/Route_des_cr\u00e8ches\/07-01-2024\/bressols6-scaled-1-2048x1536.jpg 2048w\" sizes=\"auto, (max-width: 1024px) 100vw, 1024px\" \/><\/a><figcaption class=\"wp-element-caption\">Bressols<\/figcaption><\/figure>\n\n\n\n<figure class=\"wp-block-image size-large\"><a href=\"https:\/\/ensemble-paroissial-reynies.fr\/wp-content\/uploads\/Route_des_cr\u00e8ches\/07-01-2024\/bressols9-scaled-1.jpg\"><img loading=\"lazy\" decoding=\"async\" width=\"1024\" height=\"768\" data-id=\"1861\" src=\"https:\/\/ensemble-paroissial-reynies.fr\/wp-content\/uploads\/Route_des_cr\u00e8ches\/07-01-2024\/bressols9-scaled-1-1024x768.jpg\" alt=\"\" class=\"wp-image-1861\" srcset=\"https:\/\/ensemble-paroissial-reynies.fr\/wp-content\/uploads\/Route_des_cr\u00e8ches\/07-01-2024\/bressols9-scaled-1-1024x768.jpg 1024w, https:\/\/ensemble-paroissial-reynies.fr\/wp-content\/uploads\/Route_des_cr\u00e8ches\/07-01-2024\/bressols9-scaled-1-300x225.jpg 300w, https:\/\/ensemble-paroissial-reynies.fr\/wp-content\/uploads\/Route_des_cr\u00e8ches\/07-01-2024\/bressols9-scaled-1-768x576.jpg 768w, https:\/\/ensemble-paroissial-reynies.fr\/wp-content\/uploads\/Route_des_cr\u00e8ches\/07-01-2024\/bressols9-scaled-1-1536x1152.jpg 1536w, https:\/\/ensemble-paroissial-reynies.fr\/wp-content\/uploads\/Route_des_cr\u00e8ches\/07-01-2024\/bressols9-scaled-1-2048x1536.jpg 2048w\" sizes=\"auto, (max-width: 1024px) 100vw, 1024px\" \/><\/a><figcaption class=\"wp-element-caption\">Bressols           <\/figcaption><\/figure>\n\n\n\n<figure class=\"wp-block-image size-large\"><a href=\"https:\/\/ensemble-paroissial-reynies.fr\/wp-content\/uploads\/Route_des_cr\u00e8ches\/07-01-2024\/labastide8-scaled-1.jpg\"><img loading=\"lazy\" decoding=\"async\" width=\"1024\" height=\"768\" data-id=\"1868\" src=\"https:\/\/ensemble-paroissial-reynies.fr\/wp-content\/uploads\/Route_des_cr\u00e8ches\/07-01-2024\/labastide8-scaled-1-1024x768.jpg\" alt=\"\" class=\"wp-image-1868\" srcset=\"https:\/\/ensemble-paroissial-reynies.fr\/wp-content\/uploads\/Route_des_cr\u00e8ches\/07-01-2024\/labastide8-scaled-1-1024x768.jpg 1024w, https:\/\/ensemble-paroissial-reynies.fr\/wp-content\/uploads\/Route_des_cr\u00e8ches\/07-01-2024\/labastide8-scaled-1-300x225.jpg 300w, https:\/\/ensemble-paroissial-reynies.fr\/wp-content\/uploads\/Route_des_cr\u00e8ches\/07-01-2024\/labastide8-scaled-1-768x576.jpg 768w, https:\/\/ensemble-paroissial-reynies.fr\/wp-content\/uploads\/Route_des_cr\u00e8ches\/07-01-2024\/labastide8-scaled-1-1536x1152.jpg 1536w, https:\/\/ensemble-paroissial-reynies.fr\/wp-content\/uploads\/Route_des_cr\u00e8ches\/07-01-2024\/labastide8-scaled-1-2048x1536.jpg 2048w\" sizes=\"auto, (max-width: 1024px) 100vw, 1024px\" \/><\/a><figcaption class=\"wp-element-caption\">Labastide-Saint-Pierre<\/figcaption><\/figure>\n\n\n\n<figure class=\"wp-block-image size-large\"><a href=\"https:\/\/ensemble-paroissial-reynies.fr\/wp-content\/uploads\/Route_des_cr\u00e8ches\/07-01-2024\/labastide3-scaled-1.jpg\"><img loading=\"lazy\" decoding=\"async\" width=\"1024\" height=\"768\" data-id=\"1867\" src=\"https:\/\/ensemble-paroissial-reynies.fr\/wp-content\/uploads\/Route_des_cr\u00e8ches\/07-01-2024\/labastide3-scaled-1-1024x768.jpg\" alt=\"\" class=\"wp-image-1867\" srcset=\"https:\/\/ensemble-paroissial-reynies.fr\/wp-content\/uploads\/Route_des_cr\u00e8ches\/07-01-2024\/labastide3-scaled-1-1024x768.jpg 1024w, https:\/\/ensemble-paroissial-reynies.fr\/wp-content\/uploads\/Route_des_cr\u00e8ches\/07-01-2024\/labastide3-scaled-1-300x225.jpg 300w, https:\/\/ensemble-paroissial-reynies.fr\/wp-content\/uploads\/Route_des_cr\u00e8ches\/07-01-2024\/labastide3-scaled-1-768x576.jpg 768w, https:\/\/ensemble-paroissial-reynies.fr\/wp-content\/uploads\/Route_des_cr\u00e8ches\/07-01-2024\/labastide3-scaled-1-1536x1152.jpg 1536w, https:\/\/ensemble-paroissial-reynies.fr\/wp-content\/uploads\/Route_des_cr\u00e8ches\/07-01-2024\/labastide3-scaled-1-2048x1536.jpg 2048w\" sizes=\"auto, (max-width: 1024px) 100vw, 1024px\" \/><\/a><figcaption class=\"wp-element-caption\">Labastide-Saint-Pierre<\/figcaption><\/figure>\n\n\n\n<figure class=\"wp-block-image size-large\"><a href=\"https:\/\/ensemble-paroissial-reynies.fr\/wp-content\/uploads\/Route_des_cr\u00e8ches\/07-01-2024\/labastide2-scaled-1.jpg\"><img loading=\"lazy\" decoding=\"async\" width=\"1024\" height=\"768\" data-id=\"1866\" src=\"https:\/\/ensemble-paroissial-reynies.fr\/wp-content\/uploads\/Route_des_cr\u00e8ches\/07-01-2024\/labastide2-scaled-1-1024x768.jpg\" alt=\"\" class=\"wp-image-1866\" srcset=\"https:\/\/ensemble-paroissial-reynies.fr\/wp-content\/uploads\/Route_des_cr\u00e8ches\/07-01-2024\/labastide2-scaled-1-1024x768.jpg 1024w, https:\/\/ensemble-paroissial-reynies.fr\/wp-content\/uploads\/Route_des_cr\u00e8ches\/07-01-2024\/labastide2-scaled-1-300x225.jpg 300w, https:\/\/ensemble-paroissial-reynies.fr\/wp-content\/uploads\/Route_des_cr\u00e8ches\/07-01-2024\/labastide2-scaled-1-768x576.jpg 768w, https:\/\/ensemble-paroissial-reynies.fr\/wp-content\/uploads\/Route_des_cr\u00e8ches\/07-01-2024\/labastide2-scaled-1-1536x1152.jpg 1536w, https:\/\/ensemble-paroissial-reynies.fr\/wp-content\/uploads\/Route_des_cr\u00e8ches\/07-01-2024\/labastide2-scaled-1-2048x1536.jpg 2048w\" sizes=\"auto, (max-width: 1024px) 100vw, 1024px\" \/><\/a><figcaption class=\"wp-element-caption\">Labastide-Saint-Pierre     <\/figcaption><\/figure>\n\n\n\n<figure class=\"wp-block-image size-large\"><a href=\"https:\/\/ensemble-paroissial-reynies.fr\/wp-content\/uploads\/Route_des_cr\u00e8ches\/07-01-2024\/orgueil3-scaled-1.jpg\"><img loading=\"lazy\" decoding=\"async\" width=\"1024\" height=\"768\" data-id=\"1870\" src=\"https:\/\/ensemble-paroissial-reynies.fr\/wp-content\/uploads\/Route_des_cr\u00e8ches\/07-01-2024\/orgueil3-scaled-1-1024x768.jpg\" alt=\"\" class=\"wp-image-1870\" srcset=\"https:\/\/ensemble-paroissial-reynies.fr\/wp-content\/uploads\/Route_des_cr\u00e8ches\/07-01-2024\/orgueil3-scaled-1-1024x768.jpg 1024w, https:\/\/ensemble-paroissial-reynies.fr\/wp-content\/uploads\/Route_des_cr\u00e8ches\/07-01-2024\/orgueil3-scaled-1-300x225.jpg 300w, https:\/\/ensemble-paroissial-reynies.fr\/wp-content\/uploads\/Route_des_cr\u00e8ches\/07-01-2024\/orgueil3-scaled-1-768x576.jpg 768w, https:\/\/ensemble-paroissial-reynies.fr\/wp-content\/uploads\/Route_des_cr\u00e8ches\/07-01-2024\/orgueil3-scaled-1-1536x1152.jpg 1536w, https:\/\/ensemble-paroissial-reynies.fr\/wp-content\/uploads\/Route_des_cr\u00e8ches\/07-01-2024\/orgueil3-scaled-1-2048x1536.jpg 2048w\" sizes=\"auto, (max-width: 1024px) 100vw, 1024px\" \/><\/a><figcaption class=\"wp-element-caption\">Orgueil<\/figcaption><\/figure>\n\n\n\n<figure class=\"wp-block-image size-large\"><a href=\"https:\/\/ensemble-paroissial-reynies.fr\/wp-content\/uploads\/Route_des_cr\u00e8ches\/07-01-2024\/orgueil1-scaled-1.jpg\"><img loading=\"lazy\" decoding=\"async\" width=\"1024\" height=\"768\" data-id=\"1869\" src=\"https:\/\/ensemble-paroissial-reynies.fr\/wp-content\/uploads\/Route_des_cr\u00e8ches\/07-01-2024\/orgueil1-scaled-1-1024x768.jpg\" alt=\"\" class=\"wp-image-1869\" srcset=\"https:\/\/ensemble-paroissial-reynies.fr\/wp-content\/uploads\/Route_des_cr\u00e8ches\/07-01-2024\/orgueil1-scaled-1-1024x768.jpg 1024w, https:\/\/ensemble-paroissial-reynies.fr\/wp-content\/uploads\/Route_des_cr\u00e8ches\/07-01-2024\/orgueil1-scaled-1-300x225.jpg 300w, https:\/\/ensemble-paroissial-reynies.fr\/wp-content\/uploads\/Route_des_cr\u00e8ches\/07-01-2024\/orgueil1-scaled-1-768x576.jpg 768w, https:\/\/ensemble-paroissial-reynies.fr\/wp-content\/uploads\/Route_des_cr\u00e8ches\/07-01-2024\/orgueil1-scaled-1-1536x1152.jpg 1536w, https:\/\/ensemble-paroissial-reynies.fr\/wp-content\/uploads\/Route_des_cr\u00e8ches\/07-01-2024\/orgueil1-scaled-1-2048x1536.jpg 2048w\" sizes=\"auto, (max-width: 1024px) 100vw, 1024px\" \/><\/a><figcaption class=\"wp-element-caption\">Orgueil<\/figcaption><\/figure>\n\n\n\n<figure class=\"wp-block-image size-large\"><a href=\"https:\/\/ensemble-paroissial-reynies.fr\/wp-content\/uploads\/Route_des_cr\u00e8ches\/07-01-2024\/reynies7-scaled-1.jpg\"><img loading=\"lazy\" decoding=\"async\" width=\"1024\" height=\"768\" data-id=\"1872\" src=\"https:\/\/ensemble-paroissial-reynies.fr\/wp-content\/uploads\/Route_des_cr\u00e8ches\/07-01-2024\/reynies7-scaled-1-1024x768.jpg\" alt=\"\" class=\"wp-image-1872\" srcset=\"https:\/\/ensemble-paroissial-reynies.fr\/wp-content\/uploads\/Route_des_cr\u00e8ches\/07-01-2024\/reynies7-scaled-1-1024x768.jpg 1024w, https:\/\/ensemble-paroissial-reynies.fr\/wp-content\/uploads\/Route_des_cr\u00e8ches\/07-01-2024\/reynies7-scaled-1-300x225.jpg 300w, https:\/\/ensemble-paroissial-reynies.fr\/wp-content\/uploads\/Route_des_cr\u00e8ches\/07-01-2024\/reynies7-scaled-1-768x576.jpg 768w, https:\/\/ensemble-paroissial-reynies.fr\/wp-content\/uploads\/Route_des_cr\u00e8ches\/07-01-2024\/reynies7-scaled-1-1536x1152.jpg 1536w, https:\/\/ensemble-paroissial-reynies.fr\/wp-content\/uploads\/Route_des_cr\u00e8ches\/07-01-2024\/reynies7-scaled-1-2048x1536.jpg 2048w\" sizes=\"auto, (max-width: 1024px) 100vw, 1024px\" \/><\/a><figcaption class=\"wp-element-caption\">Reyni\u00e8s                <\/figcaption><\/figure>\n\n\n\n<figure class=\"wp-block-image size-large\"><a href=\"https:\/\/ensemble-paroissial-reynies.fr\/wp-content\/uploads\/Route_des_cr\u00e8ches\/07-01-2024\/reynies9-scaled-1.jpg\"><img loading=\"lazy\" decoding=\"async\" width=\"1024\" height=\"768\" data-id=\"1875\" src=\"https:\/\/ensemble-paroissial-reynies.fr\/wp-content\/uploads\/Route_des_cr\u00e8ches\/07-01-2024\/reynies9-scaled-1-1024x768.jpg\" alt=\"\" class=\"wp-image-1875\" srcset=\"https:\/\/ensemble-paroissial-reynies.fr\/wp-content\/uploads\/Route_des_cr\u00e8ches\/07-01-2024\/reynies9-scaled-1-1024x768.jpg 1024w, https:\/\/ensemble-paroissial-reynies.fr\/wp-content\/uploads\/Route_des_cr\u00e8ches\/07-01-2024\/reynies9-scaled-1-300x225.jpg 300w, https:\/\/ensemble-paroissial-reynies.fr\/wp-content\/uploads\/Route_des_cr\u00e8ches\/07-01-2024\/reynies9-scaled-1-768x576.jpg 768w, https:\/\/ensemble-paroissial-reynies.fr\/wp-content\/uploads\/Route_des_cr\u00e8ches\/07-01-2024\/reynies9-scaled-1-1536x1152.jpg 1536w, https:\/\/ensemble-paroissial-reynies.fr\/wp-content\/uploads\/Route_des_cr\u00e8ches\/07-01-2024\/reynies9-scaled-1-2048x1536.jpg 2048w\" sizes=\"auto, (max-width: 1024px) 100vw, 1024px\" \/><\/a><figcaption class=\"wp-element-caption\">Reyni\u00e8s   <\/figcaption><\/figure>\n\n\n\n<figure class=\"wp-block-image size-large\"><a href=\"https:\/\/ensemble-paroissial-reynies.fr\/wp-content\/uploads\/Route_des_cr\u00e8ches\/07-01-2024\/reynies9b-scaled-1.jpg\"><img loading=\"lazy\" decoding=\"async\" width=\"1024\" height=\"768\" data-id=\"1873\" src=\"https:\/\/ensemble-paroissial-reynies.fr\/wp-content\/uploads\/Route_des_cr\u00e8ches\/07-01-2024\/reynies9b-scaled-1-1024x768.jpg\" alt=\"\" class=\"wp-image-1873\" srcset=\"https:\/\/ensemble-paroissial-reynies.fr\/wp-content\/uploads\/Route_des_cr\u00e8ches\/07-01-2024\/reynies9b-scaled-1-1024x768.jpg 1024w, https:\/\/ensemble-paroissial-reynies.fr\/wp-content\/uploads\/Route_des_cr\u00e8ches\/07-01-2024\/reynies9b-scaled-1-300x225.jpg 300w, https:\/\/ensemble-paroissial-reynies.fr\/wp-content\/uploads\/Route_des_cr\u00e8ches\/07-01-2024\/reynies9b-scaled-1-768x576.jpg 768w, https:\/\/ensemble-paroissial-reynies.fr\/wp-content\/uploads\/Route_des_cr\u00e8ches\/07-01-2024\/reynies9b-scaled-1-1536x1152.jpg 1536w, https:\/\/ensemble-paroissial-reynies.fr\/wp-content\/uploads\/Route_des_cr\u00e8ches\/07-01-2024\/reynies9b-scaled-1-2048x1536.jpg 2048w\" sizes=\"auto, (max-width: 1024px) 100vw, 1024px\" \/><\/a><figcaption class=\"wp-element-caption\">Reyni\u00e8s<\/figcaption><\/figure>\n\n\n\n<figure class=\"wp-block-image size-large\"><a href=\"https:\/\/ensemble-paroissial-reynies.fr\/wp-content\/uploads\/Route_des_cr\u00e8ches\/07-01-2024\/reynies9a-scaled-1.jpg\"><img loading=\"lazy\" decoding=\"async\" width=\"1024\" height=\"768\" data-id=\"1871\" src=\"https:\/\/ensemble-paroissial-reynies.fr\/wp-content\/uploads\/Route_des_cr\u00e8ches\/07-01-2024\/reynies9a-scaled-1-1024x768.jpg\" alt=\"\" class=\"wp-image-1871\" srcset=\"https:\/\/ensemble-paroissial-reynies.fr\/wp-content\/uploads\/Route_des_cr\u00e8ches\/07-01-2024\/reynies9a-scaled-1-1024x768.jpg 1024w, https:\/\/ensemble-paroissial-reynies.fr\/wp-content\/uploads\/Route_des_cr\u00e8ches\/07-01-2024\/reynies9a-scaled-1-300x225.jpg 300w, https:\/\/ensemble-paroissial-reynies.fr\/wp-content\/uploads\/Route_des_cr\u00e8ches\/07-01-2024\/reynies9a-scaled-1-768x576.jpg 768w, https:\/\/ensemble-paroissial-reynies.fr\/wp-content\/uploads\/Route_des_cr\u00e8ches\/07-01-2024\/reynies9a-scaled-1-1536x1152.jpg 1536w, https:\/\/ensemble-paroissial-reynies.fr\/wp-content\/uploads\/Route_des_cr\u00e8ches\/07-01-2024\/reynies9a-scaled-1-2048x1536.jpg 2048w\" sizes=\"auto, (max-width: 1024px) 100vw, 1024px\" \/><\/a><figcaption class=\"wp-element-caption\">Reyni\u00e8s               <\/figcaption><\/figure>\n<\/figure>\n","protected":false},"excerpt":{"rendered":"<p>Le dimanche 7 janvier les paroissiens \u00e9taient invit\u00e9s \u00e0 rejoindre la Route des Cr\u00e8ches. Ces cr\u00e8ches, du moins leurs personnages et leurs d\u00e9corations, ont toutes des histoires : certains des santons sont anciens, certains ont \u00e9t\u00e9 r\u00e9par\u00e9s avec des solutions ing\u00e9nieuses, d&rsquo;autres sont des dons faits par des paroissiens, dans certaines cr\u00e8ches des d\u00e9corations rappellent &#8230; <a title=\"Routes des cr\u00e8ches &#8211; 7 janvier 2024\" class=\"read-more\" href=\"https:\/\/ensemble-paroissial-reynies.fr\/?p=2387\" aria-label=\"En savoir plus sur Routes des cr\u00e8ches &#8211; 7 janvier 2024\">Lire la suite<\/a><\/p>\n","protected":false},"author":1,"featured_media":0,"comment_status":"closed","ping_status":"closed","sticky":false,"template":"","format":"standard","meta":{"_eb_attr":"","pgc_sgb_lightbox_settings":"","footnotes":""},"categories":[43,42],"tags":[],"class_list":["post-2387","post","type-post","status-publish","format-standard","hentry","category-43","category-archives"],"yoast_head":"<!-- This site is optimized with the Yoast SEO plugin v27.5 - https:\/\/yoast.com\/product\/yoast-seo-wordpress\/ -->\n<title>Routes des cr\u00e8ches - 7 janvier 2024 - Ensemble paroissial de Reyni\u00e8s<\/title>\n<meta name=\"description\" content=\"Ensemble paroissial de Reyni\u00e8s - Ensemble paroissial de Reyni\u00e8s Archives\" \/>\n<meta name=\"robots\" content=\"index, follow, max-snippet:-1, max-image-preview:large, max-video-preview:-1\" \/>\n<link rel=\"canonical\" href=\"https:\/\/ensemble-paroissial-reynies.fr\/?p=2387\" \/>\n<meta property=\"og:locale\" content=\"fr_FR\" \/>\n<meta property=\"og:type\" content=\"article\" \/>\n<meta property=\"og:title\" content=\"Routes des cr\u00e8ches - 7 janvier 2024 - Ensemble paroissial de Reyni\u00e8s\" \/>\n<meta property=\"og:description\" content=\"Ensemble paroissial de Reyni\u00e8s - Ensemble paroissial de Reyni\u00e8s Archives\" \/>\n<meta property=\"og:url\" content=\"https:\/\/ensemble-paroissial-reynies.fr\/?p=2387\" \/>\n<meta property=\"og:site_name\" content=\"Ensemble paroissial de Reyni\u00e8s\" \/>\n<meta property=\"article:published_time\" content=\"2024-01-08T23:03:00+00:00\" \/>\n<meta property=\"article:modified_time\" content=\"2025-09-25T09:47:19+00:00\" \/>\n<meta name=\"author\" content=\"admin\" \/>\n<meta name=\"twitter:card\" content=\"summary_large_image\" \/>\n<meta name=\"twitter:label1\" content=\"\u00c9crit par\" \/>\n\t<meta name=\"twitter:data1\" content=\"admin\" \/>\n\t<meta name=\"twitter:label2\" content=\"Dur\u00e9e de lecture estim\u00e9e\" \/>\n\t<meta name=\"twitter:data2\" content=\"8 minutes\" \/>\n<script type=\"application\/ld+json\" class=\"yoast-schema-graph\">{\"@context\":\"https:\\\/\\\/schema.org\",\"@graph\":[{\"@type\":\"Article\",\"@id\":\"https:\\\/\\\/ensemble-paroissial-reynies.fr\\\/?p=2387#article\",\"isPartOf\":{\"@id\":\"https:\\\/\\\/ensemble-paroissial-reynies.fr\\\/?p=2387\"},\"author\":{\"name\":\"admin\",\"@id\":\"https:\\\/\\\/ensemble-paroissial-reynies.fr\\\/#\\\/schema\\\/person\\\/6354cd6e8cd1a7518117ee705e35ecd4\"},\"headline\":\"Routes des cr\u00e8ches &#8211; 7 janvier 2024\",\"datePublished\":\"2024-01-08T23:03:00+00:00\",\"dateModified\":\"2025-09-25T09:47:19+00:00\",\"mainEntityOfPage\":{\"@id\":\"https:\\\/\\\/ensemble-paroissial-reynies.fr\\\/?p=2387\"},\"wordCount\":517,\"publisher\":{\"@id\":\"https:\\\/\\\/ensemble-paroissial-reynies.fr\\\/#organization\"},\"articleSection\":[\"2024\",\"Archives\"],\"inLanguage\":\"fr-FR\"},{\"@type\":\"WebPage\",\"@id\":\"https:\\\/\\\/ensemble-paroissial-reynies.fr\\\/?p=2387\",\"url\":\"https:\\\/\\\/ensemble-paroissial-reynies.fr\\\/?p=2387\",\"name\":\"Routes des cr\u00e8ches - 7 janvier 2024 - Ensemble paroissial de Reyni\u00e8s\",\"isPartOf\":{\"@id\":\"https:\\\/\\\/ensemble-paroissial-reynies.fr\\\/#website\"},\"datePublished\":\"2024-01-08T23:03:00+00:00\",\"dateModified\":\"2025-09-25T09:47:19+00:00\",\"description\":\"Ensemble paroissial de Reyni\u00e8s - Ensemble paroissial de Reyni\u00e8s Archives\",\"breadcrumb\":{\"@id\":\"https:\\\/\\\/ensemble-paroissial-reynies.fr\\\/?p=2387#breadcrumb\"},\"inLanguage\":\"fr-FR\",\"potentialAction\":[{\"@type\":\"ReadAction\",\"target\":[\"https:\\\/\\\/ensemble-paroissial-reynies.fr\\\/?p=2387\"]}]},{\"@type\":\"BreadcrumbList\",\"@id\":\"https:\\\/\\\/ensemble-paroissial-reynies.fr\\\/?p=2387#breadcrumb\",\"itemListElement\":[{\"@type\":\"ListItem\",\"position\":1,\"name\":\"Home\",\"item\":\"https:\\\/\\\/ensemble-paroissial-reynies.fr\\\/\"},{\"@type\":\"ListItem\",\"position\":2,\"name\":\"Routes des cr\u00e8ches &#8211; 7 janvier 2024\"}]},{\"@type\":\"WebSite\",\"@id\":\"https:\\\/\\\/ensemble-paroissial-reynies.fr\\\/#website\",\"url\":\"https:\\\/\\\/ensemble-paroissial-reynies.fr\\\/\",\"name\":\"Ensemble paroissial de Reyni\u00e8s\",\"description\":\"\",\"publisher\":{\"@id\":\"https:\\\/\\\/ensemble-paroissial-reynies.fr\\\/#organization\"},\"alternateName\":\"EPReyni\u00e8s\",\"potentialAction\":[{\"@type\":\"SearchAction\",\"target\":{\"@type\":\"EntryPoint\",\"urlTemplate\":\"https:\\\/\\\/ensemble-paroissial-reynies.fr\\\/?s={search_term_string}\"},\"query-input\":{\"@type\":\"PropertyValueSpecification\",\"valueRequired\":true,\"valueName\":\"search_term_string\"}}],\"inLanguage\":\"fr-FR\"},{\"@type\":\"Organization\",\"@id\":\"https:\\\/\\\/ensemble-paroissial-reynies.fr\\\/#organization\",\"name\":\"Ensemble paroissial de Reyni\u00e8s\",\"alternateName\":\"EPReyni\u00e8s\",\"url\":\"https:\\\/\\\/ensemble-paroissial-reynies.fr\\\/\",\"logo\":{\"@type\":\"ImageObject\",\"inLanguage\":\"fr-FR\",\"@id\":\"https:\\\/\\\/ensemble-paroissial-reynies.fr\\\/#\\\/schema\\\/logo\\\/image\\\/\",\"url\":\"https:\\\/\\\/ensemble-paroissial-reynies.fr\\\/wp-content\\\/uploads\\\/paroisse\\\/nouveau-logo-catechisme-paroisse-07-2023.jpg\",\"contentUrl\":\"https:\\\/\\\/ensemble-paroissial-reynies.fr\\\/wp-content\\\/uploads\\\/paroisse\\\/nouveau-logo-catechisme-paroisse-07-2023.jpg\",\"width\":666,\"height\":698,\"caption\":\"Ensemble paroissial de Reyni\u00e8s\"},\"image\":{\"@id\":\"https:\\\/\\\/ensemble-paroissial-reynies.fr\\\/#\\\/schema\\\/logo\\\/image\\\/\"}},{\"@type\":\"Person\",\"@id\":\"https:\\\/\\\/ensemble-paroissial-reynies.fr\\\/#\\\/schema\\\/person\\\/6354cd6e8cd1a7518117ee705e35ecd4\",\"name\":\"admin\",\"image\":{\"@type\":\"ImageObject\",\"inLanguage\":\"fr-FR\",\"@id\":\"https:\\\/\\\/secure.gravatar.com\\\/avatar\\\/f3823b8100a2c1c14fb4ef84e9796f5c5cc50e439868014f68c9a7e8eee53737?s=96&d=mm&r=g\",\"url\":\"https:\\\/\\\/secure.gravatar.com\\\/avatar\\\/f3823b8100a2c1c14fb4ef84e9796f5c5cc50e439868014f68c9a7e8eee53737?s=96&d=mm&r=g\",\"contentUrl\":\"https:\\\/\\\/secure.gravatar.com\\\/avatar\\\/f3823b8100a2c1c14fb4ef84e9796f5c5cc50e439868014f68c9a7e8eee53737?s=96&d=mm&r=g\",\"caption\":\"admin\"},\"sameAs\":[\"https:\\\/\\\/ensemble-paroissial-reynies.fr\"],\"url\":\"https:\\\/\\\/ensemble-paroissial-reynies.fr\\\/?author=1\"}]}<\/script>\n<!-- \/ Yoast SEO plugin. -->","yoast_head_json":{"title":"Routes des cr\u00e8ches - 7 janvier 2024 - Ensemble paroissial de Reyni\u00e8s","description":"Ensemble paroissial de Reyni\u00e8s - Ensemble paroissial de Reyni\u00e8s Archives","robots":{"index":"index","follow":"follow","max-snippet":"max-snippet:-1","max-image-preview":"max-image-preview:large","max-video-preview":"max-video-preview:-1"},"canonical":"https:\/\/ensemble-paroissial-reynies.fr\/?p=2387","og_locale":"fr_FR","og_type":"article","og_title":"Routes des cr\u00e8ches - 7 janvier 2024 - Ensemble paroissial de Reyni\u00e8s","og_description":"Ensemble paroissial de Reyni\u00e8s - Ensemble paroissial de Reyni\u00e8s Archives","og_url":"https:\/\/ensemble-paroissial-reynies.fr\/?p=2387","og_site_name":"Ensemble paroissial de Reyni\u00e8s","article_published_time":"2024-01-08T23:03:00+00:00","article_modified_time":"2025-09-25T09:47:19+00:00","author":"admin","twitter_card":"summary_large_image","twitter_misc":{"\u00c9crit par":"admin","Dur\u00e9e de lecture estim\u00e9e":"8 minutes"},"schema":{"@context":"https:\/\/schema.org","@graph":[{"@type":"Article","@id":"https:\/\/ensemble-paroissial-reynies.fr\/?p=2387#article","isPartOf":{"@id":"https:\/\/ensemble-paroissial-reynies.fr\/?p=2387"},"author":{"name":"admin","@id":"https:\/\/ensemble-paroissial-reynies.fr\/#\/schema\/person\/6354cd6e8cd1a7518117ee705e35ecd4"},"headline":"Routes des cr\u00e8ches &#8211; 7 janvier 2024","datePublished":"2024-01-08T23:03:00+00:00","dateModified":"2025-09-25T09:47:19+00:00","mainEntityOfPage":{"@id":"https:\/\/ensemble-paroissial-reynies.fr\/?p=2387"},"wordCount":517,"publisher":{"@id":"https:\/\/ensemble-paroissial-reynies.fr\/#organization"},"articleSection":["2024","Archives"],"inLanguage":"fr-FR"},{"@type":"WebPage","@id":"https:\/\/ensemble-paroissial-reynies.fr\/?p=2387","url":"https:\/\/ensemble-paroissial-reynies.fr\/?p=2387","name":"Routes des cr\u00e8ches - 7 janvier 2024 - Ensemble paroissial de Reyni\u00e8s","isPartOf":{"@id":"https:\/\/ensemble-paroissial-reynies.fr\/#website"},"datePublished":"2024-01-08T23:03:00+00:00","dateModified":"2025-09-25T09:47:19+00:00","description":"Ensemble paroissial de Reyni\u00e8s - Ensemble paroissial de Reyni\u00e8s Archives","breadcrumb":{"@id":"https:\/\/ensemble-paroissial-reynies.fr\/?p=2387#breadcrumb"},"inLanguage":"fr-FR","potentialAction":[{"@type":"ReadAction","target":["https:\/\/ensemble-paroissial-reynies.fr\/?p=2387"]}]},{"@type":"BreadcrumbList","@id":"https:\/\/ensemble-paroissial-reynies.fr\/?p=2387#breadcrumb","itemListElement":[{"@type":"ListItem","position":1,"name":"Home","item":"https:\/\/ensemble-paroissial-reynies.fr\/"},{"@type":"ListItem","position":2,"name":"Routes des cr\u00e8ches &#8211; 7 janvier 2024"}]},{"@type":"WebSite","@id":"https:\/\/ensemble-paroissial-reynies.fr\/#website","url":"https:\/\/ensemble-paroissial-reynies.fr\/","name":"Ensemble paroissial de Reyni\u00e8s","description":"","publisher":{"@id":"https:\/\/ensemble-paroissial-reynies.fr\/#organization"},"alternateName":"EPReyni\u00e8s","potentialAction":[{"@type":"SearchAction","target":{"@type":"EntryPoint","urlTemplate":"https:\/\/ensemble-paroissial-reynies.fr\/?s={search_term_string}"},"query-input":{"@type":"PropertyValueSpecification","valueRequired":true,"valueName":"search_term_string"}}],"inLanguage":"fr-FR"},{"@type":"Organization","@id":"https:\/\/ensemble-paroissial-reynies.fr\/#organization","name":"Ensemble paroissial de Reyni\u00e8s","alternateName":"EPReyni\u00e8s","url":"https:\/\/ensemble-paroissial-reynies.fr\/","logo":{"@type":"ImageObject","inLanguage":"fr-FR","@id":"https:\/\/ensemble-paroissial-reynies.fr\/#\/schema\/logo\/image\/","url":"https:\/\/ensemble-paroissial-reynies.fr\/wp-content\/uploads\/paroisse\/nouveau-logo-catechisme-paroisse-07-2023.jpg","contentUrl":"https:\/\/ensemble-paroissial-reynies.fr\/wp-content\/uploads\/paroisse\/nouveau-logo-catechisme-paroisse-07-2023.jpg","width":666,"height":698,"caption":"Ensemble paroissial de Reyni\u00e8s"},"image":{"@id":"https:\/\/ensemble-paroissial-reynies.fr\/#\/schema\/logo\/image\/"}},{"@type":"Person","@id":"https:\/\/ensemble-paroissial-reynies.fr\/#\/schema\/person\/6354cd6e8cd1a7518117ee705e35ecd4","name":"admin","image":{"@type":"ImageObject","inLanguage":"fr-FR","@id":"https:\/\/secure.gravatar.com\/avatar\/f3823b8100a2c1c14fb4ef84e9796f5c5cc50e439868014f68c9a7e8eee53737?s=96&d=mm&r=g","url":"https:\/\/secure.gravatar.com\/avatar\/f3823b8100a2c1c14fb4ef84e9796f5c5cc50e439868014f68c9a7e8eee53737?s=96&d=mm&r=g","contentUrl":"https:\/\/secure.gravatar.com\/avatar\/f3823b8100a2c1c14fb4ef84e9796f5c5cc50e439868014f68c9a7e8eee53737?s=96&d=mm&r=g","caption":"admin"},"sameAs":["https:\/\/ensemble-paroissial-reynies.fr"],"url":"https:\/\/ensemble-paroissial-reynies.fr\/?author=1"}]}},"featured_image_src":null,"featured_image_src_square":null,"author_info":{"display_name":"admin","author_link":"https:\/\/ensemble-paroissial-reynies.fr\/?author=1"},"_links":{"self":[{"href":"https:\/\/ensemble-paroissial-reynies.fr\/index.php?rest_route=\/wp\/v2\/posts\/2387","targetHints":{"allow":["GET"]}}],"collection":[{"href":"https:\/\/ensemble-paroissial-reynies.fr\/index.php?rest_route=\/wp\/v2\/posts"}],"about":[{"href":"https:\/\/ensemble-paroissial-reynies.fr\/index.php?rest_route=\/wp\/v2\/types\/post"}],"author":[{"embeddable":true,"href":"https:\/\/ensemble-paroissial-reynies.fr\/index.php?rest_route=\/wp\/v2\/users\/1"}],"replies":[{"embeddable":true,"href":"https:\/\/ensemble-paroissial-reynies.fr\/index.php?rest_route=%2Fwp%2Fv2%2Fcomments&post=2387"}],"version-history":[{"count":0,"href":"https:\/\/ensemble-paroissial-reynies.fr\/index.php?rest_route=\/wp\/v2\/posts\/2387\/revisions"}],"wp:attachment":[{"href":"https:\/\/ensemble-paroissial-reynies.fr\/index.php?rest_route=%2Fwp%2Fv2%2Fmedia&parent=2387"}],"wp:term":[{"taxonomy":"category","embeddable":true,"href":"https:\/\/ensemble-paroissial-reynies.fr\/index.php?rest_route=%2Fwp%2Fv2%2Fcategories&post=2387"},{"taxonomy":"post_tag","embeddable":true,"href":"https:\/\/ensemble-paroissial-reynies.fr\/index.php?rest_route=%2Fwp%2Fv2%2Ftags&post=2387"}],"curies":[{"name":"wp","href":"https:\/\/api.w.org\/{rel}","templated":true}]}}