{"id":2286,"date":"2026-01-16T13:01:52","date_gmt":"2026-01-16T12:01:52","guid":{"rendered":"https:\/\/ensemble-paroissial-reynies.fr\/?p=2286"},"modified":"2026-01-16T13:01:54","modified_gmt":"2026-01-16T12:01:54","slug":"cafe-kt-du-dimanche","status":"publish","type":"post","link":"https:\/\/ensemble-paroissial-reynies.fr\/?p=2286","title":{"rendered":"Caf\u00e9 KT du dimanche"},"content":{"rendered":"\n<p class=\"has-medium-font-size\"><strong>Et si on (RE) commen\u00e7ait\u2026. En tant qu\u2019adulte&nbsp;!<\/strong><br>On se pose souvent la question de Dieu, mais on est bien souvent ignorant sur les contenus de notre religion.<br>Transmis aux enfants d\u00e8s le plus jeune \u00e2ge, la connaissance de la foi s\u2019\u00e9tiole souvent au fil des ann\u00e9es. Par manque d&rsquo;enseignement religieux, les adultes ne peuvent pas toujours r\u00e9pondre aux questions des plus jeunes.<br>O\u00f9 chercher des r\u00e9ponses quand on n&rsquo;est pas familier de la bible et encore moins th\u00e9ologien ?<\/p>\n\n\n\n<div class=\"wp-block-group is-nowrap is-layout-flex wp-container-core-group-is-layout-ad2f72ca wp-block-group-is-layout-flex\">\n<figure class=\"wp-block-image size-large is-resized\"><img loading=\"lazy\" decoding=\"async\" width=\"1024\" height=\"576\" src=\"https:\/\/ensemble-paroissial-reynies.fr\/wp-content\/uploads\/images\/tasse-cafe-1024x576.jpg\" alt=\"\" class=\"wp-image-2298\" style=\"width:247px;height:auto\" srcset=\"https:\/\/ensemble-paroissial-reynies.fr\/wp-content\/uploads\/images\/tasse-cafe-1024x576.jpg 1024w, https:\/\/ensemble-paroissial-reynies.fr\/wp-content\/uploads\/images\/tasse-cafe-300x169.jpg 300w, https:\/\/ensemble-paroissial-reynies.fr\/wp-content\/uploads\/images\/tasse-cafe-768x432.jpg 768w, https:\/\/ensemble-paroissial-reynies.fr\/wp-content\/uploads\/images\/tasse-cafe-1536x864.jpg 1536w, https:\/\/ensemble-paroissial-reynies.fr\/wp-content\/uploads\/images\/tasse-cafe-2048x1152.jpg 2048w\" sizes=\"auto, (max-width: 1024px) 100vw, 1024px\" \/><\/figure>\n\n\n\n<p class=\"has-medium-font-size\"><strong>Sensible \u00e0 cette probl\u00e9matique, notre paroisse vous propose le \u00ab&nbsp;caf\u00e9 KT du dimanche&nbsp;\u00bb<\/strong><br>L\u2019id\u00e9e est de :<\/p>\n<\/div>\n\n\n\n<ul class=\"wp-block-list\">\n<li>(Re)d\u00e9couvrir Dieu dans notre existence \u00e0 travers des \u201ct\u00e9moignages\u201d de la Bible (Ancien Testament, Nouveau Testament)<\/li>\n\n\n\n<li>De d\u00e9couvrir l\u2019originalit\u00e9 de notre religion : \u201c l\u2019originalit\u00e9 du christianisme quand on le compare \u00e0 d\u2019autres religions, c\u2019est que le Dieu des chr\u00e9tiens \u00e0 un moment donn\u00e9 de l\u2019histoire humaine a pris un visage celui de J\u00e9sus Christ.\u201d(extrait du livre de Michel Quesnel).<\/li>\n<\/ul>\n\n\n\n<p class=\"has-medium-font-size\"><strong>Le \u00ab\u00a0caf\u00e9 KT du dimanche\u00a0\u00bb a lieu \u00e0 la maison paroissiale \u00e0 9H30, il est suivi de la messe \u00e0 11H00 \u00e0 Reyni\u00e8s<\/strong> <\/p>\n\n\n\n<p>Pour plus d&rsquo;information contactez la paroisse : <a href=\"https:\/\/ensemble-paroissial-reynies.fr\/?page_id=10\">page Contact<\/a><\/p>\n","protected":false},"excerpt":{"rendered":"<p>Et si on (RE) commen\u00e7ait\u2026. En tant qu\u2019adulte&nbsp;!On se pose souvent la question de Dieu, mais on est bien souvent ignorant sur les contenus de notre religion.Transmis aux enfants d\u00e8s le plus jeune \u00e2ge, la connaissance de la foi s\u2019\u00e9tiole souvent au fil des ann\u00e9es. Par manque d&rsquo;enseignement religieux, les adultes ne peuvent pas toujours &#8230; <a title=\"Caf\u00e9 KT du dimanche\" class=\"read-more\" href=\"https:\/\/ensemble-paroissial-reynies.fr\/?p=2286\" aria-label=\"En savoir plus sur Caf\u00e9 KT du dimanche\">Lire la suite<\/a><\/p>\n","protected":false},"author":1,"featured_media":2577,"comment_status":"closed","ping_status":"closed","sticky":false,"template":"","format":"standard","meta":{"_eb_attr":"","pgc_sgb_lightbox_settings":"","footnotes":""},"categories":[22],"tags":[],"class_list":["post-2286","post","type-post","status-publish","format-standard","has-post-thumbnail","hentry","category-kt"],"yoast_head":"<!-- This site is optimized with the Yoast SEO plugin v27.5 - https:\/\/yoast.com\/product\/yoast-seo-wordpress\/ -->\n<title>Caf\u00e9 KT du dimanche - Ensemble paroissial de Reyni\u00e8s<\/title>\n<meta name=\"description\" content=\"Ensemble paroissial de Reyni\u00e8s - Ensemble paroissial de Reyni\u00e8s KT\" \/>\n<meta name=\"robots\" content=\"index, follow, max-snippet:-1, max-image-preview:large, max-video-preview:-1\" \/>\n<link rel=\"canonical\" href=\"https:\/\/ensemble-paroissial-reynies.fr\/?p=2286\" \/>\n<meta property=\"og:locale\" content=\"fr_FR\" \/>\n<meta property=\"og:type\" content=\"article\" \/>\n<meta property=\"og:title\" content=\"Caf\u00e9 KT du dimanche - Ensemble paroissial de Reyni\u00e8s\" \/>\n<meta property=\"og:description\" content=\"Ensemble paroissial de Reyni\u00e8s - Ensemble paroissial de Reyni\u00e8s KT\" \/>\n<meta property=\"og:url\" content=\"https:\/\/ensemble-paroissial-reynies.fr\/?p=2286\" \/>\n<meta property=\"og:site_name\" content=\"Ensemble paroissial de Reyni\u00e8s\" \/>\n<meta property=\"article:published_time\" content=\"2026-01-16T12:01:52+00:00\" \/>\n<meta property=\"article:modified_time\" content=\"2026-01-16T12:01:54+00:00\" \/>\n<meta property=\"og:image\" content=\"https:\/\/ensemble-paroissial-reynies.fr\/wp-content\/uploads\/images\/icones\/tasse-cafei.jpg\" \/>\n\t<meta property=\"og:image:width\" content=\"150\" \/>\n\t<meta property=\"og:image:height\" content=\"84\" \/>\n\t<meta property=\"og:image:type\" content=\"image\/jpeg\" \/>\n<meta name=\"author\" content=\"admin\" \/>\n<meta name=\"twitter:card\" content=\"summary_large_image\" \/>\n<meta name=\"twitter:label1\" content=\"\u00c9crit par\" \/>\n\t<meta name=\"twitter:data1\" content=\"admin\" \/>\n\t<meta name=\"twitter:label2\" content=\"Dur\u00e9e de lecture estim\u00e9e\" \/>\n\t<meta name=\"twitter:data2\" content=\"2 minutes\" \/>\n<script type=\"application\/ld+json\" class=\"yoast-schema-graph\">{\"@context\":\"https:\\\/\\\/schema.org\",\"@graph\":[{\"@type\":\"Article\",\"@id\":\"https:\\\/\\\/ensemble-paroissial-reynies.fr\\\/?p=2286#article\",\"isPartOf\":{\"@id\":\"https:\\\/\\\/ensemble-paroissial-reynies.fr\\\/?p=2286\"},\"author\":{\"name\":\"admin\",\"@id\":\"https:\\\/\\\/ensemble-paroissial-reynies.fr\\\/#\\\/schema\\\/person\\\/6354cd6e8cd1a7518117ee705e35ecd4\"},\"headline\":\"Caf\u00e9 KT du dimanche\",\"datePublished\":\"2026-01-16T12:01:52+00:00\",\"dateModified\":\"2026-01-16T12:01:54+00:00\",\"mainEntityOfPage\":{\"@id\":\"https:\\\/\\\/ensemble-paroissial-reynies.fr\\\/?p=2286\"},\"wordCount\":210,\"publisher\":{\"@id\":\"https:\\\/\\\/ensemble-paroissial-reynies.fr\\\/#organization\"},\"image\":{\"@id\":\"https:\\\/\\\/ensemble-paroissial-reynies.fr\\\/?p=2286#primaryimage\"},\"thumbnailUrl\":\"https:\\\/\\\/ensemble-paroissial-reynies.fr\\\/wp-content\\\/uploads\\\/images\\\/icones\\\/tasse-cafei.jpg\",\"articleSection\":[\"KT\"],\"inLanguage\":\"fr-FR\"},{\"@type\":\"WebPage\",\"@id\":\"https:\\\/\\\/ensemble-paroissial-reynies.fr\\\/?p=2286\",\"url\":\"https:\\\/\\\/ensemble-paroissial-reynies.fr\\\/?p=2286\",\"name\":\"Caf\u00e9 KT du dimanche - Ensemble paroissial de Reyni\u00e8s\",\"isPartOf\":{\"@id\":\"https:\\\/\\\/ensemble-paroissial-reynies.fr\\\/#website\"},\"primaryImageOfPage\":{\"@id\":\"https:\\\/\\\/ensemble-paroissial-reynies.fr\\\/?p=2286#primaryimage\"},\"image\":{\"@id\":\"https:\\\/\\\/ensemble-paroissial-reynies.fr\\\/?p=2286#primaryimage\"},\"thumbnailUrl\":\"https:\\\/\\\/ensemble-paroissial-reynies.fr\\\/wp-content\\\/uploads\\\/images\\\/icones\\\/tasse-cafei.jpg\",\"datePublished\":\"2026-01-16T12:01:52+00:00\",\"dateModified\":\"2026-01-16T12:01:54+00:00\",\"description\":\"Ensemble paroissial de Reyni\u00e8s - Ensemble paroissial de Reyni\u00e8s KT\",\"breadcrumb\":{\"@id\":\"https:\\\/\\\/ensemble-paroissial-reynies.fr\\\/?p=2286#breadcrumb\"},\"inLanguage\":\"fr-FR\",\"potentialAction\":[{\"@type\":\"ReadAction\",\"target\":[\"https:\\\/\\\/ensemble-paroissial-reynies.fr\\\/?p=2286\"]}]},{\"@type\":\"ImageObject\",\"inLanguage\":\"fr-FR\",\"@id\":\"https:\\\/\\\/ensemble-paroissial-reynies.fr\\\/?p=2286#primaryimage\",\"url\":\"https:\\\/\\\/ensemble-paroissial-reynies.fr\\\/wp-content\\\/uploads\\\/images\\\/icones\\\/tasse-cafei.jpg\",\"contentUrl\":\"https:\\\/\\\/ensemble-paroissial-reynies.fr\\\/wp-content\\\/uploads\\\/images\\\/icones\\\/tasse-cafei.jpg\",\"width\":150,\"height\":84},{\"@type\":\"BreadcrumbList\",\"@id\":\"https:\\\/\\\/ensemble-paroissial-reynies.fr\\\/?p=2286#breadcrumb\",\"itemListElement\":[{\"@type\":\"ListItem\",\"position\":1,\"name\":\"Home\",\"item\":\"https:\\\/\\\/ensemble-paroissial-reynies.fr\\\/\"},{\"@type\":\"ListItem\",\"position\":2,\"name\":\"Caf\u00e9 KT du dimanche\"}]},{\"@type\":\"WebSite\",\"@id\":\"https:\\\/\\\/ensemble-paroissial-reynies.fr\\\/#website\",\"url\":\"https:\\\/\\\/ensemble-paroissial-reynies.fr\\\/\",\"name\":\"Ensemble paroissial de Reyni\u00e8s\",\"description\":\"\",\"publisher\":{\"@id\":\"https:\\\/\\\/ensemble-paroissial-reynies.fr\\\/#organization\"},\"alternateName\":\"EPReyni\u00e8s\",\"potentialAction\":[{\"@type\":\"SearchAction\",\"target\":{\"@type\":\"EntryPoint\",\"urlTemplate\":\"https:\\\/\\\/ensemble-paroissial-reynies.fr\\\/?s={search_term_string}\"},\"query-input\":{\"@type\":\"PropertyValueSpecification\",\"valueRequired\":true,\"valueName\":\"search_term_string\"}}],\"inLanguage\":\"fr-FR\"},{\"@type\":\"Organization\",\"@id\":\"https:\\\/\\\/ensemble-paroissial-reynies.fr\\\/#organization\",\"name\":\"Ensemble paroissial de Reyni\u00e8s\",\"alternateName\":\"EPReyni\u00e8s\",\"url\":\"https:\\\/\\\/ensemble-paroissial-reynies.fr\\\/\",\"logo\":{\"@type\":\"ImageObject\",\"inLanguage\":\"fr-FR\",\"@id\":\"https:\\\/\\\/ensemble-paroissial-reynies.fr\\\/#\\\/schema\\\/logo\\\/image\\\/\",\"url\":\"https:\\\/\\\/ensemble-paroissial-reynies.fr\\\/wp-content\\\/uploads\\\/paroisse\\\/nouveau-logo-catechisme-paroisse-07-2023.jpg\",\"contentUrl\":\"https:\\\/\\\/ensemble-paroissial-reynies.fr\\\/wp-content\\\/uploads\\\/paroisse\\\/nouveau-logo-catechisme-paroisse-07-2023.jpg\",\"width\":666,\"height\":698,\"caption\":\"Ensemble paroissial de Reyni\u00e8s\"},\"image\":{\"@id\":\"https:\\\/\\\/ensemble-paroissial-reynies.fr\\\/#\\\/schema\\\/logo\\\/image\\\/\"}},{\"@type\":\"Person\",\"@id\":\"https:\\\/\\\/ensemble-paroissial-reynies.fr\\\/#\\\/schema\\\/person\\\/6354cd6e8cd1a7518117ee705e35ecd4\",\"name\":\"admin\",\"image\":{\"@type\":\"ImageObject\",\"inLanguage\":\"fr-FR\",\"@id\":\"https:\\\/\\\/secure.gravatar.com\\\/avatar\\\/f3823b8100a2c1c14fb4ef84e9796f5c5cc50e439868014f68c9a7e8eee53737?s=96&d=mm&r=g\",\"url\":\"https:\\\/\\\/secure.gravatar.com\\\/avatar\\\/f3823b8100a2c1c14fb4ef84e9796f5c5cc50e439868014f68c9a7e8eee53737?s=96&d=mm&r=g\",\"contentUrl\":\"https:\\\/\\\/secure.gravatar.com\\\/avatar\\\/f3823b8100a2c1c14fb4ef84e9796f5c5cc50e439868014f68c9a7e8eee53737?s=96&d=mm&r=g\",\"caption\":\"admin\"},\"sameAs\":[\"https:\\\/\\\/ensemble-paroissial-reynies.fr\"],\"url\":\"https:\\\/\\\/ensemble-paroissial-reynies.fr\\\/?author=1\"}]}<\/script>\n<!-- \/ Yoast SEO plugin. -->","yoast_head_json":{"title":"Caf\u00e9 KT du dimanche - Ensemble paroissial de Reyni\u00e8s","description":"Ensemble paroissial de Reyni\u00e8s - Ensemble paroissial de Reyni\u00e8s KT","robots":{"index":"index","follow":"follow","max-snippet":"max-snippet:-1","max-image-preview":"max-image-preview:large","max-video-preview":"max-video-preview:-1"},"canonical":"https:\/\/ensemble-paroissial-reynies.fr\/?p=2286","og_locale":"fr_FR","og_type":"article","og_title":"Caf\u00e9 KT du dimanche - Ensemble paroissial de Reyni\u00e8s","og_description":"Ensemble paroissial de Reyni\u00e8s - Ensemble paroissial de Reyni\u00e8s KT","og_url":"https:\/\/ensemble-paroissial-reynies.fr\/?p=2286","og_site_name":"Ensemble paroissial de Reyni\u00e8s","article_published_time":"2026-01-16T12:01:52+00:00","article_modified_time":"2026-01-16T12:01:54+00:00","og_image":[{"width":150,"height":84,"url":"https:\/\/ensemble-paroissial-reynies.fr\/wp-content\/uploads\/images\/icones\/tasse-cafei.jpg","type":"image\/jpeg"}],"author":"admin","twitter_card":"summary_large_image","twitter_misc":{"\u00c9crit par":"admin","Dur\u00e9e de lecture estim\u00e9e":"2 minutes"},"schema":{"@context":"https:\/\/schema.org","@graph":[{"@type":"Article","@id":"https:\/\/ensemble-paroissial-reynies.fr\/?p=2286#article","isPartOf":{"@id":"https:\/\/ensemble-paroissial-reynies.fr\/?p=2286"},"author":{"name":"admin","@id":"https:\/\/ensemble-paroissial-reynies.fr\/#\/schema\/person\/6354cd6e8cd1a7518117ee705e35ecd4"},"headline":"Caf\u00e9 KT du dimanche","datePublished":"2026-01-16T12:01:52+00:00","dateModified":"2026-01-16T12:01:54+00:00","mainEntityOfPage":{"@id":"https:\/\/ensemble-paroissial-reynies.fr\/?p=2286"},"wordCount":210,"publisher":{"@id":"https:\/\/ensemble-paroissial-reynies.fr\/#organization"},"image":{"@id":"https:\/\/ensemble-paroissial-reynies.fr\/?p=2286#primaryimage"},"thumbnailUrl":"https:\/\/ensemble-paroissial-reynies.fr\/wp-content\/uploads\/images\/icones\/tasse-cafei.jpg","articleSection":["KT"],"inLanguage":"fr-FR"},{"@type":"WebPage","@id":"https:\/\/ensemble-paroissial-reynies.fr\/?p=2286","url":"https:\/\/ensemble-paroissial-reynies.fr\/?p=2286","name":"Caf\u00e9 KT du dimanche - Ensemble paroissial de Reyni\u00e8s","isPartOf":{"@id":"https:\/\/ensemble-paroissial-reynies.fr\/#website"},"primaryImageOfPage":{"@id":"https:\/\/ensemble-paroissial-reynies.fr\/?p=2286#primaryimage"},"image":{"@id":"https:\/\/ensemble-paroissial-reynies.fr\/?p=2286#primaryimage"},"thumbnailUrl":"https:\/\/ensemble-paroissial-reynies.fr\/wp-content\/uploads\/images\/icones\/tasse-cafei.jpg","datePublished":"2026-01-16T12:01:52+00:00","dateModified":"2026-01-16T12:01:54+00:00","description":"Ensemble paroissial de Reyni\u00e8s - Ensemble paroissial de Reyni\u00e8s KT","breadcrumb":{"@id":"https:\/\/ensemble-paroissial-reynies.fr\/?p=2286#breadcrumb"},"inLanguage":"fr-FR","potentialAction":[{"@type":"ReadAction","target":["https:\/\/ensemble-paroissial-reynies.fr\/?p=2286"]}]},{"@type":"ImageObject","inLanguage":"fr-FR","@id":"https:\/\/ensemble-paroissial-reynies.fr\/?p=2286#primaryimage","url":"https:\/\/ensemble-paroissial-reynies.fr\/wp-content\/uploads\/images\/icones\/tasse-cafei.jpg","contentUrl":"https:\/\/ensemble-paroissial-reynies.fr\/wp-content\/uploads\/images\/icones\/tasse-cafei.jpg","width":150,"height":84},{"@type":"BreadcrumbList","@id":"https:\/\/ensemble-paroissial-reynies.fr\/?p=2286#breadcrumb","itemListElement":[{"@type":"ListItem","position":1,"name":"Home","item":"https:\/\/ensemble-paroissial-reynies.fr\/"},{"@type":"ListItem","position":2,"name":"Caf\u00e9 KT du dimanche"}]},{"@type":"WebSite","@id":"https:\/\/ensemble-paroissial-reynies.fr\/#website","url":"https:\/\/ensemble-paroissial-reynies.fr\/","name":"Ensemble paroissial de Reyni\u00e8s","description":"","publisher":{"@id":"https:\/\/ensemble-paroissial-reynies.fr\/#organization"},"alternateName":"EPReyni\u00e8s","potentialAction":[{"@type":"SearchAction","target":{"@type":"EntryPoint","urlTemplate":"https:\/\/ensemble-paroissial-reynies.fr\/?s={search_term_string}"},"query-input":{"@type":"PropertyValueSpecification","valueRequired":true,"valueName":"search_term_string"}}],"inLanguage":"fr-FR"},{"@type":"Organization","@id":"https:\/\/ensemble-paroissial-reynies.fr\/#organization","name":"Ensemble paroissial de Reyni\u00e8s","alternateName":"EPReyni\u00e8s","url":"https:\/\/ensemble-paroissial-reynies.fr\/","logo":{"@type":"ImageObject","inLanguage":"fr-FR","@id":"https:\/\/ensemble-paroissial-reynies.fr\/#\/schema\/logo\/image\/","url":"https:\/\/ensemble-paroissial-reynies.fr\/wp-content\/uploads\/paroisse\/nouveau-logo-catechisme-paroisse-07-2023.jpg","contentUrl":"https:\/\/ensemble-paroissial-reynies.fr\/wp-content\/uploads\/paroisse\/nouveau-logo-catechisme-paroisse-07-2023.jpg","width":666,"height":698,"caption":"Ensemble paroissial de Reyni\u00e8s"},"image":{"@id":"https:\/\/ensemble-paroissial-reynies.fr\/#\/schema\/logo\/image\/"}},{"@type":"Person","@id":"https:\/\/ensemble-paroissial-reynies.fr\/#\/schema\/person\/6354cd6e8cd1a7518117ee705e35ecd4","name":"admin","image":{"@type":"ImageObject","inLanguage":"fr-FR","@id":"https:\/\/secure.gravatar.com\/avatar\/f3823b8100a2c1c14fb4ef84e9796f5c5cc50e439868014f68c9a7e8eee53737?s=96&d=mm&r=g","url":"https:\/\/secure.gravatar.com\/avatar\/f3823b8100a2c1c14fb4ef84e9796f5c5cc50e439868014f68c9a7e8eee53737?s=96&d=mm&r=g","contentUrl":"https:\/\/secure.gravatar.com\/avatar\/f3823b8100a2c1c14fb4ef84e9796f5c5cc50e439868014f68c9a7e8eee53737?s=96&d=mm&r=g","caption":"admin"},"sameAs":["https:\/\/ensemble-paroissial-reynies.fr"],"url":"https:\/\/ensemble-paroissial-reynies.fr\/?author=1"}]}},"featured_image_src":"https:\/\/ensemble-paroissial-reynies.fr\/wp-content\/uploads\/images\/icones\/tasse-cafei.jpg","featured_image_src_square":"https:\/\/ensemble-paroissial-reynies.fr\/wp-content\/uploads\/images\/icones\/tasse-cafei.jpg","author_info":{"display_name":"admin","author_link":"https:\/\/ensemble-paroissial-reynies.fr\/?author=1"},"_links":{"self":[{"href":"https:\/\/ensemble-paroissial-reynies.fr\/index.php?rest_route=\/wp\/v2\/posts\/2286","targetHints":{"allow":["GET"]}}],"collection":[{"href":"https:\/\/ensemble-paroissial-reynies.fr\/index.php?rest_route=\/wp\/v2\/posts"}],"about":[{"href":"https:\/\/ensemble-paroissial-reynies.fr\/index.php?rest_route=\/wp\/v2\/types\/post"}],"author":[{"embeddable":true,"href":"https:\/\/ensemble-paroissial-reynies.fr\/index.php?rest_route=\/wp\/v2\/users\/1"}],"replies":[{"embeddable":true,"href":"https:\/\/ensemble-paroissial-reynies.fr\/index.php?rest_route=%2Fwp%2Fv2%2Fcomments&post=2286"}],"version-history":[{"count":0,"href":"https:\/\/ensemble-paroissial-reynies.fr\/index.php?rest_route=\/wp\/v2\/posts\/2286\/revisions"}],"wp:featuredmedia":[{"embeddable":true,"href":"https:\/\/ensemble-paroissial-reynies.fr\/index.php?rest_route=\/wp\/v2\/media\/2577"}],"wp:attachment":[{"href":"https:\/\/ensemble-paroissial-reynies.fr\/index.php?rest_route=%2Fwp%2Fv2%2Fmedia&parent=2286"}],"wp:term":[{"taxonomy":"category","embeddable":true,"href":"https:\/\/ensemble-paroissial-reynies.fr\/index.php?rest_route=%2Fwp%2Fv2%2Fcategories&post=2286"},{"taxonomy":"post_tag","embeddable":true,"href":"https:\/\/ensemble-paroissial-reynies.fr\/index.php?rest_route=%2Fwp%2Fv2%2Ftags&post=2286"}],"curies":[{"name":"wp","href":"https:\/\/api.w.org\/{rel}","templated":true}]}}