{"id":1480,"date":"2026-04-24T17:00:03","date_gmt":"2026-04-24T15:00:03","guid":{"rendered":"https:\/\/ensemble-paroissial-reynies.fr\/?p=1480"},"modified":"2026-04-25T13:05:40","modified_gmt":"2026-04-25T11:05:40","slug":"funerailles_ensemble_paroissial_reynies","status":"publish","type":"post","link":"https:\/\/ensemble-paroissial-reynies.fr\/?p=1480","title":{"rendered":"Aucune c\u00e9r\u00e9monie de fun\u00e9railles n&rsquo;est pr\u00e9vue dans nos \u00e9glises louons le Seigneur"},"content":{"rendered":"\n<p>Nous n&rsquo;avons ce jour aucune c\u00e9r\u00e9monie de fun\u00e9railles dans l&rsquo;agenda. Remercions le Seigneur et demandons lui de garder notre communaut\u00e9 en paix. <\/p>\n\n\n\n<hr class=\"wp-block-separator has-alpha-channel-opacity\"\/>\n\n\n\n<p><\/p>\n","protected":false},"excerpt":{"rendered":"<p>Nous n&rsquo;avons ce jour aucune c\u00e9r\u00e9monie de fun\u00e9railles dans l&rsquo;agenda. Remercions le Seigneur et demandons lui de garder notre communaut\u00e9 en paix.<\/p>\n","protected":false},"author":4,"featured_media":2526,"comment_status":"closed","ping_status":"closed","sticky":false,"template":"","format":"standard","meta":{"_eb_attr":"","pgc_sgb_lightbox_settings":"","footnotes":""},"categories":[44],"tags":[],"class_list":["post-1480","post","type-post","status-publish","format-standard","has-post-thumbnail","hentry","category-funerailles"],"yoast_head":"<!-- This site is optimized with the Yoast SEO plugin v27.4 - https:\/\/yoast.com\/product\/yoast-seo-wordpress\/ -->\n<title>Aucune c\u00e9r\u00e9monie de fun\u00e9railles n&#039;est pr\u00e9vue dans nos \u00e9glises louons le Seigneur - Ensemble paroissial de Reyni\u00e8s<\/title>\n<meta name=\"description\" content=\"Ensemble paroissial de Reyni\u00e8s - Ensemble paroissial de Reyni\u00e8s\" \/>\n<meta name=\"robots\" content=\"index, follow, max-snippet:-1, max-image-preview:large, max-video-preview:-1\" \/>\n<link rel=\"canonical\" href=\"https:\/\/ensemble-paroissial-reynies.fr\/?p=1480\" \/>\n<meta property=\"og:locale\" content=\"fr_FR\" \/>\n<meta property=\"og:type\" content=\"article\" \/>\n<meta property=\"og:title\" content=\"Aucune c\u00e9r\u00e9monie de fun\u00e9railles n&#039;est pr\u00e9vue dans nos \u00e9glises louons le Seigneur - Ensemble paroissial de Reyni\u00e8s\" \/>\n<meta property=\"og:description\" content=\"Ensemble paroissial de Reyni\u00e8s - Ensemble paroissial de Reyni\u00e8s\" \/>\n<meta property=\"og:url\" content=\"https:\/\/ensemble-paroissial-reynies.fr\/?p=1480\" \/>\n<meta property=\"og:site_name\" content=\"Ensemble paroissial de Reyni\u00e8s\" \/>\n<meta property=\"article:published_time\" content=\"2026-04-24T15:00:03+00:00\" \/>\n<meta property=\"article:modified_time\" content=\"2026-04-25T11:05:40+00:00\" \/>\n<meta property=\"og:image\" content=\"https:\/\/ensemble-paroissial-reynies.fr\/wp-content\/uploads\/images\/icones\/bible_17441978i.png\" \/>\n\t<meta property=\"og:image:width\" content=\"180\" \/>\n\t<meta property=\"og:image:height\" content=\"180\" \/>\n\t<meta property=\"og:image:type\" content=\"image\/png\" \/>\n<meta name=\"author\" content=\"EPReynies\" \/>\n<meta name=\"twitter:card\" content=\"summary_large_image\" \/>\n<meta name=\"twitter:label1\" content=\"\u00c9crit par\" \/>\n\t<meta name=\"twitter:data1\" content=\"EPReynies\" \/>\n\t<meta name=\"twitter:label2\" content=\"Dur\u00e9e de lecture estim\u00e9e\" \/>\n\t<meta name=\"twitter:data2\" content=\"1 minute\" \/>\n<script type=\"application\/ld+json\" class=\"yoast-schema-graph\">{\"@context\":\"https:\\\/\\\/schema.org\",\"@graph\":[{\"@type\":\"Article\",\"@id\":\"https:\\\/\\\/ensemble-paroissial-reynies.fr\\\/?p=1480#article\",\"isPartOf\":{\"@id\":\"https:\\\/\\\/ensemble-paroissial-reynies.fr\\\/?p=1480\"},\"author\":{\"name\":\"EPReynies\",\"@id\":\"https:\\\/\\\/ensemble-paroissial-reynies.fr\\\/#\\\/schema\\\/person\\\/46c7e7974e9f828d02f6be5ac1666b37\"},\"headline\":\"Aucune c\u00e9r\u00e9monie de fun\u00e9railles n&rsquo;est pr\u00e9vue dans nos \u00e9glises louons le Seigneur\",\"datePublished\":\"2026-04-24T15:00:03+00:00\",\"dateModified\":\"2026-04-25T11:05:40+00:00\",\"mainEntityOfPage\":{\"@id\":\"https:\\\/\\\/ensemble-paroissial-reynies.fr\\\/?p=1480\"},\"wordCount\":44,\"publisher\":{\"@id\":\"https:\\\/\\\/ensemble-paroissial-reynies.fr\\\/#organization\"},\"image\":{\"@id\":\"https:\\\/\\\/ensemble-paroissial-reynies.fr\\\/?p=1480#primaryimage\"},\"thumbnailUrl\":\"https:\\\/\\\/ensemble-paroissial-reynies.fr\\\/wp-content\\\/uploads\\\/images\\\/icones\\\/bible_17441978i.png\",\"articleSection\":[\"Fun\u00e9railles\"],\"inLanguage\":\"fr-FR\"},{\"@type\":\"WebPage\",\"@id\":\"https:\\\/\\\/ensemble-paroissial-reynies.fr\\\/?p=1480\",\"url\":\"https:\\\/\\\/ensemble-paroissial-reynies.fr\\\/?p=1480\",\"name\":\"Aucune c\u00e9r\u00e9monie de fun\u00e9railles n'est pr\u00e9vue dans nos \u00e9glises louons le Seigneur - Ensemble paroissial de Reyni\u00e8s\",\"isPartOf\":{\"@id\":\"https:\\\/\\\/ensemble-paroissial-reynies.fr\\\/#website\"},\"primaryImageOfPage\":{\"@id\":\"https:\\\/\\\/ensemble-paroissial-reynies.fr\\\/?p=1480#primaryimage\"},\"image\":{\"@id\":\"https:\\\/\\\/ensemble-paroissial-reynies.fr\\\/?p=1480#primaryimage\"},\"thumbnailUrl\":\"https:\\\/\\\/ensemble-paroissial-reynies.fr\\\/wp-content\\\/uploads\\\/images\\\/icones\\\/bible_17441978i.png\",\"datePublished\":\"2026-04-24T15:00:03+00:00\",\"dateModified\":\"2026-04-25T11:05:40+00:00\",\"description\":\"Ensemble paroissial de Reyni\u00e8s - Ensemble paroissial de Reyni\u00e8s\",\"breadcrumb\":{\"@id\":\"https:\\\/\\\/ensemble-paroissial-reynies.fr\\\/?p=1480#breadcrumb\"},\"inLanguage\":\"fr-FR\",\"potentialAction\":[{\"@type\":\"ReadAction\",\"target\":[\"https:\\\/\\\/ensemble-paroissial-reynies.fr\\\/?p=1480\"]}]},{\"@type\":\"ImageObject\",\"inLanguage\":\"fr-FR\",\"@id\":\"https:\\\/\\\/ensemble-paroissial-reynies.fr\\\/?p=1480#primaryimage\",\"url\":\"https:\\\/\\\/ensemble-paroissial-reynies.fr\\\/wp-content\\\/uploads\\\/images\\\/icones\\\/bible_17441978i.png\",\"contentUrl\":\"https:\\\/\\\/ensemble-paroissial-reynies.fr\\\/wp-content\\\/uploads\\\/images\\\/icones\\\/bible_17441978i.png\",\"width\":180,\"height\":180},{\"@type\":\"BreadcrumbList\",\"@id\":\"https:\\\/\\\/ensemble-paroissial-reynies.fr\\\/?p=1480#breadcrumb\",\"itemListElement\":[{\"@type\":\"ListItem\",\"position\":1,\"name\":\"Home\",\"item\":\"https:\\\/\\\/ensemble-paroissial-reynies.fr\\\/\"},{\"@type\":\"ListItem\",\"position\":2,\"name\":\"Aucune c\u00e9r\u00e9monie de fun\u00e9railles n&rsquo;est pr\u00e9vue dans nos \u00e9glises louons le Seigneur\"}]},{\"@type\":\"WebSite\",\"@id\":\"https:\\\/\\\/ensemble-paroissial-reynies.fr\\\/#website\",\"url\":\"https:\\\/\\\/ensemble-paroissial-reynies.fr\\\/\",\"name\":\"Ensemble paroissial de Reyni\u00e8s\",\"description\":\"\",\"publisher\":{\"@id\":\"https:\\\/\\\/ensemble-paroissial-reynies.fr\\\/#organization\"},\"alternateName\":\"EPReyni\u00e8s\",\"potentialAction\":[{\"@type\":\"SearchAction\",\"target\":{\"@type\":\"EntryPoint\",\"urlTemplate\":\"https:\\\/\\\/ensemble-paroissial-reynies.fr\\\/?s={search_term_string}\"},\"query-input\":{\"@type\":\"PropertyValueSpecification\",\"valueRequired\":true,\"valueName\":\"search_term_string\"}}],\"inLanguage\":\"fr-FR\"},{\"@type\":\"Organization\",\"@id\":\"https:\\\/\\\/ensemble-paroissial-reynies.fr\\\/#organization\",\"name\":\"Ensemble paroissial de Reyni\u00e8s\",\"alternateName\":\"EPReyni\u00e8s\",\"url\":\"https:\\\/\\\/ensemble-paroissial-reynies.fr\\\/\",\"logo\":{\"@type\":\"ImageObject\",\"inLanguage\":\"fr-FR\",\"@id\":\"https:\\\/\\\/ensemble-paroissial-reynies.fr\\\/#\\\/schema\\\/logo\\\/image\\\/\",\"url\":\"https:\\\/\\\/ensemble-paroissial-reynies.fr\\\/wp-content\\\/uploads\\\/paroisse\\\/nouveau-logo-catechisme-paroisse-07-2023.jpg\",\"contentUrl\":\"https:\\\/\\\/ensemble-paroissial-reynies.fr\\\/wp-content\\\/uploads\\\/paroisse\\\/nouveau-logo-catechisme-paroisse-07-2023.jpg\",\"width\":666,\"height\":698,\"caption\":\"Ensemble paroissial de Reyni\u00e8s\"},\"image\":{\"@id\":\"https:\\\/\\\/ensemble-paroissial-reynies.fr\\\/#\\\/schema\\\/logo\\\/image\\\/\"}},{\"@type\":\"Person\",\"@id\":\"https:\\\/\\\/ensemble-paroissial-reynies.fr\\\/#\\\/schema\\\/person\\\/46c7e7974e9f828d02f6be5ac1666b37\",\"name\":\"EPReynies\",\"image\":{\"@type\":\"ImageObject\",\"inLanguage\":\"fr-FR\",\"@id\":\"https:\\\/\\\/secure.gravatar.com\\\/avatar\\\/6dcd7e2b49dcfc27cdc55e7d20c9706f198fa864c3c3d0c24d623e816b42e382?s=96&d=mm&r=g\",\"url\":\"https:\\\/\\\/secure.gravatar.com\\\/avatar\\\/6dcd7e2b49dcfc27cdc55e7d20c9706f198fa864c3c3d0c24d623e816b42e382?s=96&d=mm&r=g\",\"contentUrl\":\"https:\\\/\\\/secure.gravatar.com\\\/avatar\\\/6dcd7e2b49dcfc27cdc55e7d20c9706f198fa864c3c3d0c24d623e816b42e382?s=96&d=mm&r=g\",\"caption\":\"EPReynies\"},\"url\":\"https:\\\/\\\/ensemble-paroissial-reynies.fr\\\/?author=4\"}]}<\/script>\n<!-- \/ Yoast SEO plugin. -->","yoast_head_json":{"title":"Aucune c\u00e9r\u00e9monie de fun\u00e9railles n'est pr\u00e9vue dans nos \u00e9glises louons le Seigneur - Ensemble paroissial de Reyni\u00e8s","description":"Ensemble paroissial de Reyni\u00e8s - Ensemble paroissial de Reyni\u00e8s","robots":{"index":"index","follow":"follow","max-snippet":"max-snippet:-1","max-image-preview":"max-image-preview:large","max-video-preview":"max-video-preview:-1"},"canonical":"https:\/\/ensemble-paroissial-reynies.fr\/?p=1480","og_locale":"fr_FR","og_type":"article","og_title":"Aucune c\u00e9r\u00e9monie de fun\u00e9railles n'est pr\u00e9vue dans nos \u00e9glises louons le Seigneur - Ensemble paroissial de Reyni\u00e8s","og_description":"Ensemble paroissial de Reyni\u00e8s - Ensemble paroissial de Reyni\u00e8s","og_url":"https:\/\/ensemble-paroissial-reynies.fr\/?p=1480","og_site_name":"Ensemble paroissial de Reyni\u00e8s","article_published_time":"2026-04-24T15:00:03+00:00","article_modified_time":"2026-04-25T11:05:40+00:00","og_image":[{"width":180,"height":180,"url":"https:\/\/ensemble-paroissial-reynies.fr\/wp-content\/uploads\/images\/icones\/bible_17441978i.png","type":"image\/png"}],"author":"EPReynies","twitter_card":"summary_large_image","twitter_misc":{"\u00c9crit par":"EPReynies","Dur\u00e9e de lecture estim\u00e9e":"1 minute"},"schema":{"@context":"https:\/\/schema.org","@graph":[{"@type":"Article","@id":"https:\/\/ensemble-paroissial-reynies.fr\/?p=1480#article","isPartOf":{"@id":"https:\/\/ensemble-paroissial-reynies.fr\/?p=1480"},"author":{"name":"EPReynies","@id":"https:\/\/ensemble-paroissial-reynies.fr\/#\/schema\/person\/46c7e7974e9f828d02f6be5ac1666b37"},"headline":"Aucune c\u00e9r\u00e9monie de fun\u00e9railles n&rsquo;est pr\u00e9vue dans nos \u00e9glises louons le Seigneur","datePublished":"2026-04-24T15:00:03+00:00","dateModified":"2026-04-25T11:05:40+00:00","mainEntityOfPage":{"@id":"https:\/\/ensemble-paroissial-reynies.fr\/?p=1480"},"wordCount":44,"publisher":{"@id":"https:\/\/ensemble-paroissial-reynies.fr\/#organization"},"image":{"@id":"https:\/\/ensemble-paroissial-reynies.fr\/?p=1480#primaryimage"},"thumbnailUrl":"https:\/\/ensemble-paroissial-reynies.fr\/wp-content\/uploads\/images\/icones\/bible_17441978i.png","articleSection":["Fun\u00e9railles"],"inLanguage":"fr-FR"},{"@type":"WebPage","@id":"https:\/\/ensemble-paroissial-reynies.fr\/?p=1480","url":"https:\/\/ensemble-paroissial-reynies.fr\/?p=1480","name":"Aucune c\u00e9r\u00e9monie de fun\u00e9railles n'est pr\u00e9vue dans nos \u00e9glises louons le Seigneur - Ensemble paroissial de Reyni\u00e8s","isPartOf":{"@id":"https:\/\/ensemble-paroissial-reynies.fr\/#website"},"primaryImageOfPage":{"@id":"https:\/\/ensemble-paroissial-reynies.fr\/?p=1480#primaryimage"},"image":{"@id":"https:\/\/ensemble-paroissial-reynies.fr\/?p=1480#primaryimage"},"thumbnailUrl":"https:\/\/ensemble-paroissial-reynies.fr\/wp-content\/uploads\/images\/icones\/bible_17441978i.png","datePublished":"2026-04-24T15:00:03+00:00","dateModified":"2026-04-25T11:05:40+00:00","description":"Ensemble paroissial de Reyni\u00e8s - Ensemble paroissial de Reyni\u00e8s","breadcrumb":{"@id":"https:\/\/ensemble-paroissial-reynies.fr\/?p=1480#breadcrumb"},"inLanguage":"fr-FR","potentialAction":[{"@type":"ReadAction","target":["https:\/\/ensemble-paroissial-reynies.fr\/?p=1480"]}]},{"@type":"ImageObject","inLanguage":"fr-FR","@id":"https:\/\/ensemble-paroissial-reynies.fr\/?p=1480#primaryimage","url":"https:\/\/ensemble-paroissial-reynies.fr\/wp-content\/uploads\/images\/icones\/bible_17441978i.png","contentUrl":"https:\/\/ensemble-paroissial-reynies.fr\/wp-content\/uploads\/images\/icones\/bible_17441978i.png","width":180,"height":180},{"@type":"BreadcrumbList","@id":"https:\/\/ensemble-paroissial-reynies.fr\/?p=1480#breadcrumb","itemListElement":[{"@type":"ListItem","position":1,"name":"Home","item":"https:\/\/ensemble-paroissial-reynies.fr\/"},{"@type":"ListItem","position":2,"name":"Aucune c\u00e9r\u00e9monie de fun\u00e9railles n&rsquo;est pr\u00e9vue dans nos \u00e9glises louons le Seigneur"}]},{"@type":"WebSite","@id":"https:\/\/ensemble-paroissial-reynies.fr\/#website","url":"https:\/\/ensemble-paroissial-reynies.fr\/","name":"Ensemble paroissial de Reyni\u00e8s","description":"","publisher":{"@id":"https:\/\/ensemble-paroissial-reynies.fr\/#organization"},"alternateName":"EPReyni\u00e8s","potentialAction":[{"@type":"SearchAction","target":{"@type":"EntryPoint","urlTemplate":"https:\/\/ensemble-paroissial-reynies.fr\/?s={search_term_string}"},"query-input":{"@type":"PropertyValueSpecification","valueRequired":true,"valueName":"search_term_string"}}],"inLanguage":"fr-FR"},{"@type":"Organization","@id":"https:\/\/ensemble-paroissial-reynies.fr\/#organization","name":"Ensemble paroissial de Reyni\u00e8s","alternateName":"EPReyni\u00e8s","url":"https:\/\/ensemble-paroissial-reynies.fr\/","logo":{"@type":"ImageObject","inLanguage":"fr-FR","@id":"https:\/\/ensemble-paroissial-reynies.fr\/#\/schema\/logo\/image\/","url":"https:\/\/ensemble-paroissial-reynies.fr\/wp-content\/uploads\/paroisse\/nouveau-logo-catechisme-paroisse-07-2023.jpg","contentUrl":"https:\/\/ensemble-paroissial-reynies.fr\/wp-content\/uploads\/paroisse\/nouveau-logo-catechisme-paroisse-07-2023.jpg","width":666,"height":698,"caption":"Ensemble paroissial de Reyni\u00e8s"},"image":{"@id":"https:\/\/ensemble-paroissial-reynies.fr\/#\/schema\/logo\/image\/"}},{"@type":"Person","@id":"https:\/\/ensemble-paroissial-reynies.fr\/#\/schema\/person\/46c7e7974e9f828d02f6be5ac1666b37","name":"EPReynies","image":{"@type":"ImageObject","inLanguage":"fr-FR","@id":"https:\/\/secure.gravatar.com\/avatar\/6dcd7e2b49dcfc27cdc55e7d20c9706f198fa864c3c3d0c24d623e816b42e382?s=96&d=mm&r=g","url":"https:\/\/secure.gravatar.com\/avatar\/6dcd7e2b49dcfc27cdc55e7d20c9706f198fa864c3c3d0c24d623e816b42e382?s=96&d=mm&r=g","contentUrl":"https:\/\/secure.gravatar.com\/avatar\/6dcd7e2b49dcfc27cdc55e7d20c9706f198fa864c3c3d0c24d623e816b42e382?s=96&d=mm&r=g","caption":"EPReynies"},"url":"https:\/\/ensemble-paroissial-reynies.fr\/?author=4"}]}},"featured_image_src":"https:\/\/ensemble-paroissial-reynies.fr\/wp-content\/uploads\/images\/icones\/bible_17441978i.png","featured_image_src_square":"https:\/\/ensemble-paroissial-reynies.fr\/wp-content\/uploads\/images\/icones\/bible_17441978i.png","author_info":{"display_name":"EPReynies","author_link":"https:\/\/ensemble-paroissial-reynies.fr\/?author=4"},"_links":{"self":[{"href":"https:\/\/ensemble-paroissial-reynies.fr\/index.php?rest_route=\/wp\/v2\/posts\/1480","targetHints":{"allow":["GET"]}}],"collection":[{"href":"https:\/\/ensemble-paroissial-reynies.fr\/index.php?rest_route=\/wp\/v2\/posts"}],"about":[{"href":"https:\/\/ensemble-paroissial-reynies.fr\/index.php?rest_route=\/wp\/v2\/types\/post"}],"author":[{"embeddable":true,"href":"https:\/\/ensemble-paroissial-reynies.fr\/index.php?rest_route=\/wp\/v2\/users\/4"}],"replies":[{"embeddable":true,"href":"https:\/\/ensemble-paroissial-reynies.fr\/index.php?rest_route=%2Fwp%2Fv2%2Fcomments&post=1480"}],"version-history":[{"count":1,"href":"https:\/\/ensemble-paroissial-reynies.fr\/index.php?rest_route=\/wp\/v2\/posts\/1480\/revisions"}],"predecessor-version":[{"id":4749,"href":"https:\/\/ensemble-paroissial-reynies.fr\/index.php?rest_route=\/wp\/v2\/posts\/1480\/revisions\/4749"}],"wp:featuredmedia":[{"embeddable":true,"href":"https:\/\/ensemble-paroissial-reynies.fr\/index.php?rest_route=\/wp\/v2\/media\/2526"}],"wp:attachment":[{"href":"https:\/\/ensemble-paroissial-reynies.fr\/index.php?rest_route=%2Fwp%2Fv2%2Fmedia&parent=1480"}],"wp:term":[{"taxonomy":"category","embeddable":true,"href":"https:\/\/ensemble-paroissial-reynies.fr\/index.php?rest_route=%2Fwp%2Fv2%2Fcategories&post=1480"},{"taxonomy":"post_tag","embeddable":true,"href":"https:\/\/ensemble-paroissial-reynies.fr\/index.php?rest_route=%2Fwp%2Fv2%2Ftags&post=1480"}],"curies":[{"name":"wp","href":"https:\/\/api.w.org\/{rel}","templated":true}]}}