{"id":1286,"date":"2026-04-14T11:09:28","date_gmt":"2026-04-14T09:09:28","guid":{"rendered":"https:\/\/ensemble-paroissial-reynies.fr\/?p=1286"},"modified":"2026-04-14T11:09:30","modified_gmt":"2026-04-14T09:09:30","slug":"nos-paroisses-ont-besoin-de-vous","status":"publish","type":"post","link":"https:\/\/ensemble-paroissial-reynies.fr\/?p=1286","title":{"rendered":"Nos paroisses ont besoin de vous !"},"content":{"rendered":"\n<p>Vous avez peu ou beaucoup de temps, vous avez envie de vous rendre utile pour votre paroisse, &#8230; De nombreux services pour l&rsquo;ensemble paroissial et chaque \u00e9glise ont grand besoin de vous, <strong>quelque soit vos talents vous saurez vous rendre utile<\/strong>.<\/p>\n\n\n\n<p>Que ce soit pour un peu de m\u00e9nage dans nos \u00e9glises, fleurir, pour accompagner les familles qui demandent le bapt\u00eame pour un enfant, pour accompagner une famille qui vient de perdre un \u00eatre cher et pr\u00e9parer la c\u00e9l\u00e9bration des fun\u00e9railles, pr\u00e9parer les \u00e9glises pour les c\u00e9r\u00e9monies, participer \u00e0 la pr\u00e9paration de la liturgie, participer \u00e0 la cat\u00e9ch\u00e8se, visiter les personnes \u00e2g\u00e9es et les malades, animer, aider au secr\u00e9tariat, &#8230; En fonction de vos souhaits, de vos disponibilit\u00e9s, <strong>il y a une place pour vous<\/strong>. <strong><a title=\"Contact\" href=\"https:\/\/ensemble-paroissial-reynies.fr\/?page_id=10\">Contactez nous<\/a><\/strong><\/p>\n\n\n\n<hr class=\"wp-block-separator has-alpha-channel-opacity\"\/>\n","protected":false},"excerpt":{"rendered":"<p>Vous avez peu ou beaucoup de temps, vous avez envie de vous rendre utile pour votre paroisse, &#8230; De nombreux services pour l&rsquo;ensemble paroissial et chaque \u00e9glise ont grand besoin de vous, quelque soit vos talents vous saurez vous rendre utile. Que ce soit pour un peu de m\u00e9nage dans nos \u00e9glises, fleurir, pour accompagner &#8230; <a title=\"Nos paroisses ont besoin de vous !\" class=\"read-more\" href=\"https:\/\/ensemble-paroissial-reynies.fr\/?p=1286\" aria-label=\"En savoir plus sur Nos paroisses ont besoin de vous !\">Lire la suite<\/a><\/p>\n","protected":false},"author":1,"featured_media":2575,"comment_status":"closed","ping_status":"closed","sticky":false,"template":"","format":"standard","meta":{"_eb_attr":"","pgc_sgb_lightbox_settings":"","footnotes":""},"categories":[9],"tags":[],"class_list":["post-1286","post","type-post","status-publish","format-standard","has-post-thumbnail","hentry","category-actualites"],"yoast_head":"<!-- This site is optimized with the Yoast SEO plugin v27.5 - https:\/\/yoast.com\/product\/yoast-seo-wordpress\/ -->\n<title>Nos paroisses ont besoin de vous ! - Ensemble paroissial de Reyni\u00e8s<\/title>\n<meta name=\"description\" content=\"Ensemble paroissial de Reyni\u00e8s - Ensemble paroissial de Reyni\u00e8s Actualit\u00e9s\" \/>\n<meta name=\"robots\" content=\"index, follow, max-snippet:-1, max-image-preview:large, max-video-preview:-1\" \/>\n<link rel=\"canonical\" href=\"https:\/\/ensemble-paroissial-reynies.fr\/?p=1286\" \/>\n<meta property=\"og:locale\" content=\"fr_FR\" \/>\n<meta property=\"og:type\" content=\"article\" \/>\n<meta property=\"og:title\" content=\"Nos paroisses ont besoin de vous ! - Ensemble paroissial de Reyni\u00e8s\" \/>\n<meta property=\"og:description\" content=\"Ensemble paroissial de Reyni\u00e8s - Ensemble paroissial de Reyni\u00e8s Actualit\u00e9s\" \/>\n<meta property=\"og:url\" content=\"https:\/\/ensemble-paroissial-reynies.fr\/?p=1286\" \/>\n<meta property=\"og:site_name\" content=\"Ensemble paroissial de Reyni\u00e8s\" \/>\n<meta property=\"article:published_time\" content=\"2026-04-14T09:09:28+00:00\" \/>\n<meta property=\"article:modified_time\" content=\"2026-04-14T09:09:30+00:00\" \/>\n<meta property=\"og:image\" content=\"https:\/\/ensemble-paroissial-reynies.fr\/wp-content\/uploads\/images\/icones\/pexels-fauxels-3184423i.jpg\" \/>\n\t<meta property=\"og:image:width\" content=\"100\" \/>\n\t<meta property=\"og:image:height\" content=\"150\" \/>\n\t<meta property=\"og:image:type\" content=\"image\/jpeg\" \/>\n<meta name=\"author\" content=\"admin\" \/>\n<meta name=\"twitter:card\" content=\"summary_large_image\" \/>\n<meta name=\"twitter:label1\" content=\"\u00c9crit par\" \/>\n\t<meta name=\"twitter:data1\" content=\"admin\" \/>\n\t<meta name=\"twitter:label2\" content=\"Dur\u00e9e de lecture estim\u00e9e\" \/>\n\t<meta name=\"twitter:data2\" content=\"1 minute\" \/>\n<script type=\"application\/ld+json\" class=\"yoast-schema-graph\">{\"@context\":\"https:\\\/\\\/schema.org\",\"@graph\":[{\"@type\":\"Article\",\"@id\":\"https:\\\/\\\/ensemble-paroissial-reynies.fr\\\/?p=1286#article\",\"isPartOf\":{\"@id\":\"https:\\\/\\\/ensemble-paroissial-reynies.fr\\\/?p=1286\"},\"author\":{\"name\":\"admin\",\"@id\":\"https:\\\/\\\/ensemble-paroissial-reynies.fr\\\/#\\\/schema\\\/person\\\/6354cd6e8cd1a7518117ee705e35ecd4\"},\"headline\":\"Nos paroisses ont besoin de vous !\",\"datePublished\":\"2026-04-14T09:09:28+00:00\",\"dateModified\":\"2026-04-14T09:09:30+00:00\",\"mainEntityOfPage\":{\"@id\":\"https:\\\/\\\/ensemble-paroissial-reynies.fr\\\/?p=1286\"},\"wordCount\":145,\"publisher\":{\"@id\":\"https:\\\/\\\/ensemble-paroissial-reynies.fr\\\/#organization\"},\"image\":{\"@id\":\"https:\\\/\\\/ensemble-paroissial-reynies.fr\\\/?p=1286#primaryimage\"},\"thumbnailUrl\":\"https:\\\/\\\/ensemble-paroissial-reynies.fr\\\/wp-content\\\/uploads\\\/images\\\/icones\\\/pexels-fauxels-3184423i.jpg\",\"articleSection\":[\"Actualit\u00e9s\"],\"inLanguage\":\"fr-FR\"},{\"@type\":\"WebPage\",\"@id\":\"https:\\\/\\\/ensemble-paroissial-reynies.fr\\\/?p=1286\",\"url\":\"https:\\\/\\\/ensemble-paroissial-reynies.fr\\\/?p=1286\",\"name\":\"Nos paroisses ont besoin de vous ! - Ensemble paroissial de Reyni\u00e8s\",\"isPartOf\":{\"@id\":\"https:\\\/\\\/ensemble-paroissial-reynies.fr\\\/#website\"},\"primaryImageOfPage\":{\"@id\":\"https:\\\/\\\/ensemble-paroissial-reynies.fr\\\/?p=1286#primaryimage\"},\"image\":{\"@id\":\"https:\\\/\\\/ensemble-paroissial-reynies.fr\\\/?p=1286#primaryimage\"},\"thumbnailUrl\":\"https:\\\/\\\/ensemble-paroissial-reynies.fr\\\/wp-content\\\/uploads\\\/images\\\/icones\\\/pexels-fauxels-3184423i.jpg\",\"datePublished\":\"2026-04-14T09:09:28+00:00\",\"dateModified\":\"2026-04-14T09:09:30+00:00\",\"description\":\"Ensemble paroissial de Reyni\u00e8s - Ensemble paroissial de Reyni\u00e8s Actualit\u00e9s\",\"breadcrumb\":{\"@id\":\"https:\\\/\\\/ensemble-paroissial-reynies.fr\\\/?p=1286#breadcrumb\"},\"inLanguage\":\"fr-FR\",\"potentialAction\":[{\"@type\":\"ReadAction\",\"target\":[\"https:\\\/\\\/ensemble-paroissial-reynies.fr\\\/?p=1286\"]}]},{\"@type\":\"ImageObject\",\"inLanguage\":\"fr-FR\",\"@id\":\"https:\\\/\\\/ensemble-paroissial-reynies.fr\\\/?p=1286#primaryimage\",\"url\":\"https:\\\/\\\/ensemble-paroissial-reynies.fr\\\/wp-content\\\/uploads\\\/images\\\/icones\\\/pexels-fauxels-3184423i.jpg\",\"contentUrl\":\"https:\\\/\\\/ensemble-paroissial-reynies.fr\\\/wp-content\\\/uploads\\\/images\\\/icones\\\/pexels-fauxels-3184423i.jpg\",\"width\":100,\"height\":150},{\"@type\":\"BreadcrumbList\",\"@id\":\"https:\\\/\\\/ensemble-paroissial-reynies.fr\\\/?p=1286#breadcrumb\",\"itemListElement\":[{\"@type\":\"ListItem\",\"position\":1,\"name\":\"Home\",\"item\":\"https:\\\/\\\/ensemble-paroissial-reynies.fr\\\/\"},{\"@type\":\"ListItem\",\"position\":2,\"name\":\"Nos paroisses ont besoin de vous !\"}]},{\"@type\":\"WebSite\",\"@id\":\"https:\\\/\\\/ensemble-paroissial-reynies.fr\\\/#website\",\"url\":\"https:\\\/\\\/ensemble-paroissial-reynies.fr\\\/\",\"name\":\"Ensemble paroissial de Reyni\u00e8s\",\"description\":\"\",\"publisher\":{\"@id\":\"https:\\\/\\\/ensemble-paroissial-reynies.fr\\\/#organization\"},\"alternateName\":\"EPReyni\u00e8s\",\"potentialAction\":[{\"@type\":\"SearchAction\",\"target\":{\"@type\":\"EntryPoint\",\"urlTemplate\":\"https:\\\/\\\/ensemble-paroissial-reynies.fr\\\/?s={search_term_string}\"},\"query-input\":{\"@type\":\"PropertyValueSpecification\",\"valueRequired\":true,\"valueName\":\"search_term_string\"}}],\"inLanguage\":\"fr-FR\"},{\"@type\":\"Organization\",\"@id\":\"https:\\\/\\\/ensemble-paroissial-reynies.fr\\\/#organization\",\"name\":\"Ensemble paroissial de Reyni\u00e8s\",\"alternateName\":\"EPReyni\u00e8s\",\"url\":\"https:\\\/\\\/ensemble-paroissial-reynies.fr\\\/\",\"logo\":{\"@type\":\"ImageObject\",\"inLanguage\":\"fr-FR\",\"@id\":\"https:\\\/\\\/ensemble-paroissial-reynies.fr\\\/#\\\/schema\\\/logo\\\/image\\\/\",\"url\":\"https:\\\/\\\/ensemble-paroissial-reynies.fr\\\/wp-content\\\/uploads\\\/paroisse\\\/nouveau-logo-catechisme-paroisse-07-2023.jpg\",\"contentUrl\":\"https:\\\/\\\/ensemble-paroissial-reynies.fr\\\/wp-content\\\/uploads\\\/paroisse\\\/nouveau-logo-catechisme-paroisse-07-2023.jpg\",\"width\":666,\"height\":698,\"caption\":\"Ensemble paroissial de Reyni\u00e8s\"},\"image\":{\"@id\":\"https:\\\/\\\/ensemble-paroissial-reynies.fr\\\/#\\\/schema\\\/logo\\\/image\\\/\"}},{\"@type\":\"Person\",\"@id\":\"https:\\\/\\\/ensemble-paroissial-reynies.fr\\\/#\\\/schema\\\/person\\\/6354cd6e8cd1a7518117ee705e35ecd4\",\"name\":\"admin\",\"image\":{\"@type\":\"ImageObject\",\"inLanguage\":\"fr-FR\",\"@id\":\"https:\\\/\\\/secure.gravatar.com\\\/avatar\\\/f3823b8100a2c1c14fb4ef84e9796f5c5cc50e439868014f68c9a7e8eee53737?s=96&d=mm&r=g\",\"url\":\"https:\\\/\\\/secure.gravatar.com\\\/avatar\\\/f3823b8100a2c1c14fb4ef84e9796f5c5cc50e439868014f68c9a7e8eee53737?s=96&d=mm&r=g\",\"contentUrl\":\"https:\\\/\\\/secure.gravatar.com\\\/avatar\\\/f3823b8100a2c1c14fb4ef84e9796f5c5cc50e439868014f68c9a7e8eee53737?s=96&d=mm&r=g\",\"caption\":\"admin\"},\"sameAs\":[\"https:\\\/\\\/ensemble-paroissial-reynies.fr\"],\"url\":\"https:\\\/\\\/ensemble-paroissial-reynies.fr\\\/?author=1\"}]}<\/script>\n<!-- \/ Yoast SEO plugin. -->","yoast_head_json":{"title":"Nos paroisses ont besoin de vous ! - Ensemble paroissial de Reyni\u00e8s","description":"Ensemble paroissial de Reyni\u00e8s - Ensemble paroissial de Reyni\u00e8s Actualit\u00e9s","robots":{"index":"index","follow":"follow","max-snippet":"max-snippet:-1","max-image-preview":"max-image-preview:large","max-video-preview":"max-video-preview:-1"},"canonical":"https:\/\/ensemble-paroissial-reynies.fr\/?p=1286","og_locale":"fr_FR","og_type":"article","og_title":"Nos paroisses ont besoin de vous ! - Ensemble paroissial de Reyni\u00e8s","og_description":"Ensemble paroissial de Reyni\u00e8s - Ensemble paroissial de Reyni\u00e8s Actualit\u00e9s","og_url":"https:\/\/ensemble-paroissial-reynies.fr\/?p=1286","og_site_name":"Ensemble paroissial de Reyni\u00e8s","article_published_time":"2026-04-14T09:09:28+00:00","article_modified_time":"2026-04-14T09:09:30+00:00","og_image":[{"width":100,"height":150,"url":"https:\/\/ensemble-paroissial-reynies.fr\/wp-content\/uploads\/images\/icones\/pexels-fauxels-3184423i.jpg","type":"image\/jpeg"}],"author":"admin","twitter_card":"summary_large_image","twitter_misc":{"\u00c9crit par":"admin","Dur\u00e9e de lecture estim\u00e9e":"1 minute"},"schema":{"@context":"https:\/\/schema.org","@graph":[{"@type":"Article","@id":"https:\/\/ensemble-paroissial-reynies.fr\/?p=1286#article","isPartOf":{"@id":"https:\/\/ensemble-paroissial-reynies.fr\/?p=1286"},"author":{"name":"admin","@id":"https:\/\/ensemble-paroissial-reynies.fr\/#\/schema\/person\/6354cd6e8cd1a7518117ee705e35ecd4"},"headline":"Nos paroisses ont besoin de vous !","datePublished":"2026-04-14T09:09:28+00:00","dateModified":"2026-04-14T09:09:30+00:00","mainEntityOfPage":{"@id":"https:\/\/ensemble-paroissial-reynies.fr\/?p=1286"},"wordCount":145,"publisher":{"@id":"https:\/\/ensemble-paroissial-reynies.fr\/#organization"},"image":{"@id":"https:\/\/ensemble-paroissial-reynies.fr\/?p=1286#primaryimage"},"thumbnailUrl":"https:\/\/ensemble-paroissial-reynies.fr\/wp-content\/uploads\/images\/icones\/pexels-fauxels-3184423i.jpg","articleSection":["Actualit\u00e9s"],"inLanguage":"fr-FR"},{"@type":"WebPage","@id":"https:\/\/ensemble-paroissial-reynies.fr\/?p=1286","url":"https:\/\/ensemble-paroissial-reynies.fr\/?p=1286","name":"Nos paroisses ont besoin de vous ! - Ensemble paroissial de Reyni\u00e8s","isPartOf":{"@id":"https:\/\/ensemble-paroissial-reynies.fr\/#website"},"primaryImageOfPage":{"@id":"https:\/\/ensemble-paroissial-reynies.fr\/?p=1286#primaryimage"},"image":{"@id":"https:\/\/ensemble-paroissial-reynies.fr\/?p=1286#primaryimage"},"thumbnailUrl":"https:\/\/ensemble-paroissial-reynies.fr\/wp-content\/uploads\/images\/icones\/pexels-fauxels-3184423i.jpg","datePublished":"2026-04-14T09:09:28+00:00","dateModified":"2026-04-14T09:09:30+00:00","description":"Ensemble paroissial de Reyni\u00e8s - Ensemble paroissial de Reyni\u00e8s Actualit\u00e9s","breadcrumb":{"@id":"https:\/\/ensemble-paroissial-reynies.fr\/?p=1286#breadcrumb"},"inLanguage":"fr-FR","potentialAction":[{"@type":"ReadAction","target":["https:\/\/ensemble-paroissial-reynies.fr\/?p=1286"]}]},{"@type":"ImageObject","inLanguage":"fr-FR","@id":"https:\/\/ensemble-paroissial-reynies.fr\/?p=1286#primaryimage","url":"https:\/\/ensemble-paroissial-reynies.fr\/wp-content\/uploads\/images\/icones\/pexels-fauxels-3184423i.jpg","contentUrl":"https:\/\/ensemble-paroissial-reynies.fr\/wp-content\/uploads\/images\/icones\/pexels-fauxels-3184423i.jpg","width":100,"height":150},{"@type":"BreadcrumbList","@id":"https:\/\/ensemble-paroissial-reynies.fr\/?p=1286#breadcrumb","itemListElement":[{"@type":"ListItem","position":1,"name":"Home","item":"https:\/\/ensemble-paroissial-reynies.fr\/"},{"@type":"ListItem","position":2,"name":"Nos paroisses ont besoin de vous !"}]},{"@type":"WebSite","@id":"https:\/\/ensemble-paroissial-reynies.fr\/#website","url":"https:\/\/ensemble-paroissial-reynies.fr\/","name":"Ensemble paroissial de Reyni\u00e8s","description":"","publisher":{"@id":"https:\/\/ensemble-paroissial-reynies.fr\/#organization"},"alternateName":"EPReyni\u00e8s","potentialAction":[{"@type":"SearchAction","target":{"@type":"EntryPoint","urlTemplate":"https:\/\/ensemble-paroissial-reynies.fr\/?s={search_term_string}"},"query-input":{"@type":"PropertyValueSpecification","valueRequired":true,"valueName":"search_term_string"}}],"inLanguage":"fr-FR"},{"@type":"Organization","@id":"https:\/\/ensemble-paroissial-reynies.fr\/#organization","name":"Ensemble paroissial de Reyni\u00e8s","alternateName":"EPReyni\u00e8s","url":"https:\/\/ensemble-paroissial-reynies.fr\/","logo":{"@type":"ImageObject","inLanguage":"fr-FR","@id":"https:\/\/ensemble-paroissial-reynies.fr\/#\/schema\/logo\/image\/","url":"https:\/\/ensemble-paroissial-reynies.fr\/wp-content\/uploads\/paroisse\/nouveau-logo-catechisme-paroisse-07-2023.jpg","contentUrl":"https:\/\/ensemble-paroissial-reynies.fr\/wp-content\/uploads\/paroisse\/nouveau-logo-catechisme-paroisse-07-2023.jpg","width":666,"height":698,"caption":"Ensemble paroissial de Reyni\u00e8s"},"image":{"@id":"https:\/\/ensemble-paroissial-reynies.fr\/#\/schema\/logo\/image\/"}},{"@type":"Person","@id":"https:\/\/ensemble-paroissial-reynies.fr\/#\/schema\/person\/6354cd6e8cd1a7518117ee705e35ecd4","name":"admin","image":{"@type":"ImageObject","inLanguage":"fr-FR","@id":"https:\/\/secure.gravatar.com\/avatar\/f3823b8100a2c1c14fb4ef84e9796f5c5cc50e439868014f68c9a7e8eee53737?s=96&d=mm&r=g","url":"https:\/\/secure.gravatar.com\/avatar\/f3823b8100a2c1c14fb4ef84e9796f5c5cc50e439868014f68c9a7e8eee53737?s=96&d=mm&r=g","contentUrl":"https:\/\/secure.gravatar.com\/avatar\/f3823b8100a2c1c14fb4ef84e9796f5c5cc50e439868014f68c9a7e8eee53737?s=96&d=mm&r=g","caption":"admin"},"sameAs":["https:\/\/ensemble-paroissial-reynies.fr"],"url":"https:\/\/ensemble-paroissial-reynies.fr\/?author=1"}]}},"featured_image_src":"https:\/\/ensemble-paroissial-reynies.fr\/wp-content\/uploads\/images\/icones\/pexels-fauxels-3184423i.jpg","featured_image_src_square":"https:\/\/ensemble-paroissial-reynies.fr\/wp-content\/uploads\/images\/icones\/pexels-fauxels-3184423i.jpg","author_info":{"display_name":"admin","author_link":"https:\/\/ensemble-paroissial-reynies.fr\/?author=1"},"_links":{"self":[{"href":"https:\/\/ensemble-paroissial-reynies.fr\/index.php?rest_route=\/wp\/v2\/posts\/1286","targetHints":{"allow":["GET"]}}],"collection":[{"href":"https:\/\/ensemble-paroissial-reynies.fr\/index.php?rest_route=\/wp\/v2\/posts"}],"about":[{"href":"https:\/\/ensemble-paroissial-reynies.fr\/index.php?rest_route=\/wp\/v2\/types\/post"}],"author":[{"embeddable":true,"href":"https:\/\/ensemble-paroissial-reynies.fr\/index.php?rest_route=\/wp\/v2\/users\/1"}],"replies":[{"embeddable":true,"href":"https:\/\/ensemble-paroissial-reynies.fr\/index.php?rest_route=%2Fwp%2Fv2%2Fcomments&post=1286"}],"version-history":[{"count":1,"href":"https:\/\/ensemble-paroissial-reynies.fr\/index.php?rest_route=\/wp\/v2\/posts\/1286\/revisions"}],"predecessor-version":[{"id":4857,"href":"https:\/\/ensemble-paroissial-reynies.fr\/index.php?rest_route=\/wp\/v2\/posts\/1286\/revisions\/4857"}],"wp:featuredmedia":[{"embeddable":true,"href":"https:\/\/ensemble-paroissial-reynies.fr\/index.php?rest_route=\/wp\/v2\/media\/2575"}],"wp:attachment":[{"href":"https:\/\/ensemble-paroissial-reynies.fr\/index.php?rest_route=%2Fwp%2Fv2%2Fmedia&parent=1286"}],"wp:term":[{"taxonomy":"category","embeddable":true,"href":"https:\/\/ensemble-paroissial-reynies.fr\/index.php?rest_route=%2Fwp%2Fv2%2Fcategories&post=1286"},{"taxonomy":"post_tag","embeddable":true,"href":"https:\/\/ensemble-paroissial-reynies.fr\/index.php?rest_route=%2Fwp%2Fv2%2Ftags&post=1286"}],"curies":[{"name":"wp","href":"https:\/\/api.w.org\/{rel}","templated":true}]}}